{"id":9982,"date":"2026-03-29T17:16:49","date_gmt":"2026-03-29T15:16:49","guid":{"rendered":"https:\/\/catholiques17.fr\/mir-sg\/?p=9982"},"modified":"2026-03-29T17:16:49","modified_gmt":"2026-03-29T15:16:49","slug":"messe-des-rameaux-2026","status":"publish","type":"post","link":"https:\/\/catholiques17.fr\/mir-sg\/2026\/03\/29\/messe-des-rameaux-2026\/","title":{"rendered":"Messe des Rameaux 2026"},"content":{"rendered":"\n[et_pb_section fb_built=\u00a0\u00bb1&Prime; theme_builder_area=\u00a0\u00bbpost_content\u00a0\u00bb _builder_version=\u00a0\u00bb4.27.5&Prime; _module_preset=\u00a0\u00bbdefault\u00a0\u00bb][et_pb_row _builder_version=\u00a0\u00bb4.27.5&Prime; _module_preset=\u00a0\u00bbdefault\u00a0\u00bb theme_builder_area=\u00a0\u00bbpost_content\u00a0\u00bb][et_pb_column _builder_version=\u00a0\u00bb4.27.5&Prime; _module_preset=\u00a0\u00bbdefault\u00a0\u00bb type=\u00a0\u00bb4_4&Prime; theme_builder_area=\u00a0\u00bbpost_content\u00a0\u00bb][et_pb_text _builder_version=\u00a0\u00bb4.27.5&Prime; _module_preset=\u00a0\u00bbdefault\u00a0\u00bb theme_builder_area=\u00a0\u00bbpost_content\u00a0\u00bb hover_enabled=\u00a0\u00bb0&Prime; sticky_enabled=\u00a0\u00bb0&Prime;]<p>La messe des Rameaux pour cette ann\u00e9e 2026 fut un r\u00e9el succ\u00e8s pour le sacerdoce de notre Paroisse.\u00a0<\/p>\n<p>Ce premier moment fort qui marque la d\u00e9but de la semaine Sainte a d\u00e9but\u00e9 samedi 28 mars, par la messe anticip\u00e9e des Rameaux, c\u00e9l\u00e9br\u00e9e \u00e0 Saint Bonnet sur Gironde par le P\u00e8re Victor. Quel moment de gr\u00e2ce divine de voir l&rsquo;assembl\u00e9e, soit une centaine de personnes, se r\u00e9unir, petit \u00e0 petit, pour rejoindre les bancs de l&rsquo;Eglise de notre petite paroisse vaillante!<\/p>\n<p>La messe des Rameaux du dimanche s&rsquo;est poursuivie, avec une fois encore, plus d&rsquo;une centaine de personnes, rassembl\u00e9e pour l&rsquo;ouverture de la c\u00e9l\u00e9bration des Rameaux dans le jardin du Monast\u00e8re de la Communaut\u00e9 des Soeurs de la Lumi\u00e8re du Christ, \u00e0 Saint Fort sur Gironde. P\u00e8re Victor a pu rappeler lors de son hom\u00e9lie \u00e0 l&rsquo;\u00e9glise tout le sens de l&rsquo;humilit\u00e9 profonde de la Passion du Christ.<\/p>\n<p>Prions pour avoir la force d&rsquo;\u00eatre fort dans notre Foi, surtout dans les moments difficiles o\u00f9 nos faiblesses nous \u00e9loignent trop souvent du Seigneur.<\/p>\n<p>&nbsp;<\/p>[\/et_pb_text][\/et_pb_column][\/et_pb_row][et_pb_row _builder_version=\u00a0\u00bb4.27.5&Prime; _module_preset=\u00a0\u00bbdefault\u00a0\u00bb theme_builder_area=\u00a0\u00bbpost_content\u00a0\u00bb][et_pb_column _builder_version=\u00a0\u00bb4.27.5&Prime; _module_preset=\u00a0\u00bbdefault\u00a0\u00bb type=\u00a0\u00bb4_4&Prime; theme_builder_area=\u00a0\u00bbpost_content\u00a0\u00bb][et_pb_gallery _builder_version=\u00a0\u00bb4.27.5&Prime; _module_preset=\u00a0\u00bbdefault\u00a0\u00bb theme_builder_area=\u00a0\u00bbpost_content\u00a0\u00bb posts_number=\u00a0\u00bb40&Prime; gallery_ids=\u00a0\u00bb9966,9968,9969,9979,9974,9973,9972,9970,9971,9947,9952,9951,9964,9961,9962,9959,9960,9963,9958,9957,9955,9953&Prime; hover_enabled=\u00a0\u00bb0&Prime; sticky_enabled=\u00a0\u00bb0&Prime; show_pagination=\u00a0\u00bboff\u00a0\u00bb][\/et_pb_gallery][\/et_pb_column][\/et_pb_row][\/et_pb_section]\n","protected":false},"excerpt":{"rendered":"<p>La messe des Rameaux pour cette ann\u00e9e 2026 fut un r\u00e9el succ\u00e8s pour le sacerdoce de notre Paroisse.\u00a0 Ce premier moment fort qui marque la d\u00e9but de la semaine Sainte [&hellip;]<\/p>\n","protected":false},"author":33,"featured_media":9969,"comment_status":"open","ping_status":"open","sticky":false,"template":"","format":"standard","meta":{"_et_pb_use_builder":"on","_et_pb_old_content":"","_et_gb_content_width":"","footnotes":""},"categories":[6,32],"tags":[],"class_list":["post-9982","post","type-post","status-publish","format-standard","has-post-thumbnail","hentry","category-actualite","category-careme"],"_links":{"self":[{"href":"https:\/\/catholiques17.fr\/mir-sg\/wp-json\/wp\/v2\/posts\/9982","targetHints":{"allow":["GET"]}}],"collection":[{"href":"https:\/\/catholiques17.fr\/mir-sg\/wp-json\/wp\/v2\/posts"}],"about":[{"href":"https:\/\/catholiques17.fr\/mir-sg\/wp-json\/wp\/v2\/types\/post"}],"author":[{"embeddable":true,"href":"https:\/\/catholiques17.fr\/mir-sg\/wp-json\/wp\/v2\/users\/33"}],"replies":[{"embeddable":true,"href":"https:\/\/catholiques17.fr\/mir-sg\/wp-json\/wp\/v2\/comments?post=9982"}],"version-history":[{"count":7,"href":"https:\/\/catholiques17.fr\/mir-sg\/wp-json\/wp\/v2\/posts\/9982\/revisions"}],"predecessor-version":[{"id":9992,"href":"https:\/\/catholiques17.fr\/mir-sg\/wp-json\/wp\/v2\/posts\/9982\/revisions\/9992"}],"wp:featuredmedia":[{"embeddable":true,"href":"https:\/\/catholiques17.fr\/mir-sg\/wp-json\/wp\/v2\/media\/9969"}],"wp:attachment":[{"href":"https:\/\/catholiques17.fr\/mir-sg\/wp-json\/wp\/v2\/media?parent=9982"}],"wp:term":[{"taxonomy":"category","embeddable":true,"href":"https:\/\/catholiques17.fr\/mir-sg\/wp-json\/wp\/v2\/categories?post=9982"},{"taxonomy":"post_tag","embeddable":true,"href":"https:\/\/catholiques17.fr\/mir-sg\/wp-json\/wp\/v2\/tags?post=9982"}],"curies":[{"name":"wp","href":"https:\/\/api.w.org\/{rel}","templated":true}]}}