{"id":9872,"date":"2026-03-23T19:20:18","date_gmt":"2026-03-23T18:20:18","guid":{"rendered":"https:\/\/catholiques17.fr\/mir-sg\/?p=9872"},"modified":"2026-03-23T19:20:19","modified_gmt":"2026-03-23T18:20:19","slug":"marche-du-careme-2026","status":"publish","type":"post","link":"https:\/\/catholiques17.fr\/mir-sg\/2026\/03\/23\/marche-du-careme-2026\/","title":{"rendered":"Marche du Car\u00eame 2026"},"content":{"rendered":"\n[et_pb_section fb_built=\u00a0\u00bb1&Prime; _builder_version=\u00a0\u00bb4.27.5&Prime; _module_preset=\u00a0\u00bbdefault\u00a0\u00bb global_colors_info=\u00a0\u00bb{}\u00a0\u00bb theme_builder_area=\u00a0\u00bbpost_content\u00a0\u00bb][et_pb_row _builder_version=\u00a0\u00bb4.27.5&Prime; _module_preset=\u00a0\u00bbdefault\u00a0\u00bb global_colors_info=\u00a0\u00bb{}\u00a0\u00bb theme_builder_area=\u00a0\u00bbpost_content\u00a0\u00bb][et_pb_column type=\u00a0\u00bb4_4&Prime; _builder_version=\u00a0\u00bb4.27.5&Prime; _module_preset=\u00a0\u00bbdefault\u00a0\u00bb global_colors_info=\u00a0\u00bb{}\u00a0\u00bb theme_builder_area=\u00a0\u00bbpost_content\u00a0\u00bb][et_pb_text _builder_version=\u00a0\u00bb4.27.5&Prime; _module_preset=\u00a0\u00bbdefault\u00a0\u00bb hover_enabled=\u00a0\u00bb0&Prime; global_colors_info=\u00a0\u00bb{}\u00a0\u00bb theme_builder_area=\u00a0\u00bbpost_content\u00a0\u00bb sticky_enabled=\u00a0\u00bb0&Prime;]<p data-path-to-node=\"4\">Le samedi 21 mars, pour c\u00e9l\u00e9brer le premier jour du printemps, une soixantaine de paroissiens se sont retrouv\u00e9s pour une <b data-path-to-node=\"4\" data-index-in-node=\"121\">marche de Car\u00eame<\/b> d&rsquo;environ 3 km \u00e0 travers les paysages de Saint-Martial-de-Mirambeau.<\/p>\n<p data-path-to-node=\"5\">Sous un soleil g\u00e9n\u00e9reux, le groupe a profit\u00e9 de deux haltes ressour\u00e7antes : l&rsquo;une au bord d&rsquo;un \u00e9tang et l&rsquo;autre pr\u00e8s du lavoir de la <b data-path-to-node=\"5\" data-index-in-node=\"133\">source de la Molle<\/b>. Ces moments de pause, anim\u00e9s par le <b data-path-to-node=\"5\" data-index-in-node=\"189\">P\u00e8re Victor<\/b>, ont \u00e9t\u00e9 l&rsquo;occasion de beaux \u00e9changes, de chants et de pri\u00e8res en pleine nature.<\/p>[\/et_pb_text][\/et_pb_column][\/et_pb_row][et_pb_row _builder_version=\u00a0\u00bb4.27.5&Prime; _module_preset=\u00a0\u00bbdefault\u00a0\u00bb global_colors_info=\u00a0\u00bb{}\u00a0\u00bb theme_builder_area=\u00a0\u00bbpost_content\u00a0\u00bb][et_pb_column type=\u00a0\u00bb4_4&Prime; _builder_version=\u00a0\u00bb4.27.5&Prime; _module_preset=\u00a0\u00bbdefault\u00a0\u00bb global_colors_info=\u00a0\u00bb{}\u00a0\u00bb theme_builder_area=\u00a0\u00bbpost_content\u00a0\u00bb][et_pb_gallery gallery_ids=\u00a0\u00bb9893,9894,9895,9904,9892,9890,9900,9899,9886,9891,9897,9889,9885,9898,9888,9896,9883,9887&Prime; posts_number=\u00a0\u00bb30&Prime; show_title_and_caption=\u00a0\u00bboff\u00a0\u00bb _builder_version=\u00a0\u00bb4.27.5&Prime; _module_preset=\u00a0\u00bbdefault\u00a0\u00bb background_color=\u00a0\u00bb#FFFFFF\u00a0\u00bb global_colors_info=\u00a0\u00bb{}\u00a0\u00bb theme_builder_area=\u00a0\u00bbpost_content\u00a0\u00bb][\/et_pb_gallery][\/et_pb_column][\/et_pb_row][et_pb_row _builder_version=\u00a0\u00bb4.27.5&Prime; _module_preset=\u00a0\u00bbdefault\u00a0\u00bb global_colors_info=\u00a0\u00bb{}\u00a0\u00bb theme_builder_area=\u00a0\u00bbpost_content\u00a0\u00bb][et_pb_column type=\u00a0\u00bb4_4&Prime; _builder_version=\u00a0\u00bb4.27.5&Prime; _module_preset=\u00a0\u00bbdefault\u00a0\u00bb global_colors_info=\u00a0\u00bb{}\u00a0\u00bb theme_builder_area=\u00a0\u00bbpost_content\u00a0\u00bb][et_pb_text _builder_version=\u00a0\u00bb4.27.5&Prime; _module_preset=\u00a0\u00bbdefault\u00a0\u00bb hover_enabled=\u00a0\u00bb0&Prime; global_colors_info=\u00a0\u00bb{}\u00a0\u00bb theme_builder_area=\u00a0\u00bbpost_content\u00a0\u00bb sticky_enabled=\u00a0\u00bb0&Prime;]<h3 data-path-to-node=\"7\">La Passion du Christ : Un don d&rsquo;amour supr\u00eame<\/h3>\n<p data-path-to-node=\"8\" id=\"p-rc_c0f9779516672128-20\"><span data-path-to-node=\"8,0\">Apr\u00e8s un go\u00fbter convivial offert par la paroisse, <b data-path-to-node=\"8,0\" data-index-in-node=\"50\">Emma<\/b> nous a partag\u00e9 une pr\u00e9sentation bouleversante sur la Passion du Christ. <\/span><span data-path-to-node=\"8,1\"><span class=\"citation-18\"><\/span><\/span><span data-path-to-node=\"8,2\"><span class=\"citation-18\">Elle a rappel\u00e9 que ces \u00e9v\u00e9nements, bien qu&rsquo;\u00e9prouvants, ne sont pas une trag\u00e9die mais un acte d&rsquo;amour r\u00e9dempteur<\/span><\/span><span data-path-to-node=\"8,3\"><span class=\"citation-18 citation-end-18\"><sup class=\"superscript\" data-turn-source-index=\"2\"><\/sup><\/span><\/span><span data-path-to-node=\"8,4\">.<\/span><button class=\"button ng-star-inserted\" aria-label=\"Afficher les d\u00e9tails de la source. Ouvre le panneau lat\u00e9ral.\" data-hveid=\"0\" data-ved=\"0CAAQvoAQahgKEwj7vaDgyraTAxUAAAAAHQAAAAAQmwE\"><\/button><\/p>\n<p data-path-to-node=\"9\"><b data-path-to-node=\"9\" data-index-in-node=\"0\">Ce qu&rsquo;il faut retenir de son intervention :<\/b><\/p>\n<ul data-path-to-node=\"10\">\n<li>\n<p data-path-to-node=\"10,0,1\" id=\"p-rc_c0f9779516672128-21\"><span data-path-to-node=\"10,0,1,0\"><b data-path-to-node=\"10,0,1,0\" data-index-in-node=\"0\"><span class=\"citation-17\">L&rsquo;aspect historique :<\/span><\/b><span class=\"citation-17\"> Des pr\u00e9cisions saisissantes sur la flagellation et la crucifixion, appuy\u00e9es par les recherches sur le <\/span><b data-path-to-node=\"10,0,1,0\" data-index-in-node=\"124\"><span class=\"citation-17\">Linceul de Turin<\/span><\/b><\/span><span data-path-to-node=\"10,0,1,1\"><span class=\"citation-17 citation-end-17\"><sup class=\"superscript\" data-turn-source-index=\"3\"><\/sup><sup class=\"superscript\" data-turn-source-index=\"3\"><\/sup><sup class=\"superscript\" data-turn-source-index=\"3\"><\/sup><sup class=\"superscript\" data-turn-source-index=\"3\"><\/sup><sup class=\"superscript\" data-turn-source-index=\"3\"><\/sup><sup class=\"superscript\" data-turn-source-index=\"3\"><\/sup><sup class=\"superscript\" data-turn-source-index=\"3\"><\/sup><sup class=\"superscript\" data-turn-source-index=\"3\"><\/sup><sup class=\"superscript\" data-turn-source-index=\"3\"><\/sup><\/span><\/span><span data-path-to-node=\"10,0,1,2\">.<\/span><button class=\"button multiple-button ng-star-inserted\" aria-label=\"Afficher les d\u00e9tails de la source. Ouvre le panneau lat\u00e9ral.\"><\/button><\/p>\n<\/li>\n<li>\n<p data-path-to-node=\"10,1,0\"><span class=\"citation-16\"><\/span><\/p>\n<p data-path-to-node=\"10,1,1\" id=\"p-rc_c0f9779516672128-22\"><span data-path-to-node=\"10,1,1,0\"><b data-path-to-node=\"10,1,1,0\" data-index-in-node=\"0\"><span class=\"citation-16\">Les 7 paroles de J\u00e9sus :<\/span><\/b><span class=\"citation-16\"> Une analyse des derni\u00e8res paroles du Christ sur la croix, nous r\u00e9v\u00e9lant sa mis\u00e9ricorde et son humanit\u00e9<\/span><\/span><span data-path-to-node=\"10,1,1,1\"><span class=\"citation-16 citation-end-16\"><sup class=\"superscript\" data-turn-source-index=\"4\"><\/sup><sup class=\"superscript\" data-turn-source-index=\"4\"><\/sup><sup class=\"superscript\" data-turn-source-index=\"4\"><\/sup><sup class=\"superscript\" data-turn-source-index=\"4\"><\/sup><\/span><\/span><span data-path-to-node=\"10,1,1,2\">.<\/span><button class=\"button multiple-button ng-star-inserted\" aria-label=\"Afficher les d\u00e9tails de la source. Ouvre le panneau lat\u00e9ral.\"><\/button><\/p>\n<\/li>\n<li>\n<p data-path-to-node=\"10,2,0\"><span class=\"citation-15\"><\/span><\/p>\n<p data-path-to-node=\"10,2,1\" id=\"p-rc_c0f9779516672128-23\"><span data-path-to-node=\"10,2,1,0\"><b data-path-to-node=\"10,2,1,0\" data-index-in-node=\"0\"><span class=\"citation-15\">M\u00e9diter aujourd&rsquo;hui :<\/span><\/b><span class=\"citation-15\"> Emma nous a invit\u00e9s \u00e0 ne plus ignorer les calvaires que nous croisons sur nos routes et \u00e0 retrouver un regard pur et reconnaissant envers le sacrifice du Christ<\/span><\/span><span data-path-to-node=\"10,2,1,1\"><span class=\"citation-15 citation-end-15\"><sup class=\"superscript\" data-turn-source-index=\"5\"><\/sup><sup class=\"superscript\" data-turn-source-index=\"5\"><\/sup><sup class=\"superscript\" data-turn-source-index=\"5\"><\/sup><sup class=\"superscript\" data-turn-source-index=\"5\"><\/sup><sup class=\"superscript\" data-turn-source-index=\"5\"><\/sup><sup class=\"superscript\" data-turn-source-index=\"5\"><\/sup><sup class=\"superscript\" data-turn-source-index=\"5\"><\/sup><sup class=\"superscript\" data-turn-source-index=\"5\"><\/sup><sup class=\"superscript\" data-turn-source-index=\"5\"><\/sup><\/span><\/span><span data-path-to-node=\"10,2,1,2\">.<\/span><\/p>\n<div class=\"source-inline-chip-container ng-star-inserted\"><\/div>\n<p>&nbsp;<\/p>\n<\/li>\n<\/ul>[\/et_pb_text][\/et_pb_column][\/et_pb_row][et_pb_row _builder_version=\u00a0\u00bb4.27.5&Prime; _module_preset=\u00a0\u00bbdefault\u00a0\u00bb theme_builder_area=\u00a0\u00bbpost_content\u00a0\u00bb][et_pb_column _builder_version=\u00a0\u00bb4.27.5&Prime; _module_preset=\u00a0\u00bbdefault\u00a0\u00bb type=\u00a0\u00bb4_4&Prime; theme_builder_area=\u00a0\u00bbpost_content\u00a0\u00bb][et_pb_button button_text=\u00a0\u00bbD\u00e9couvrir la m\u00e9ditation d&rsquo;Emma sur la Passion\u00a0\u00bb _builder_version=\u00a0\u00bb4.27.5&Prime; _module_preset=\u00a0\u00bbdefault\u00a0\u00bb theme_builder_area=\u00a0\u00bbpost_content\u00a0\u00bb button_url=\u00a0\u00bbhttps:\/\/catholiques17.fr\/mir-sg\/wp-content\/uploads\/sites\/27\/2026\/03\/DOC-20260320-WA0012.pdf\u00a0\u00bb url_new_window=\u00a0\u00bbon\u00a0\u00bb custom_button=\u00a0\u00bbon\u00a0\u00bb button_text_size=\u00a0\u00bb23px\u00a0\u00bb button_text_color=\u00a0\u00bb#327F51&Prime; button_bg_color=\u00a0\u00bb#F49A24&Prime; button_bg_enable_color=\u00a0\u00bbon\u00a0\u00bb button_border_width=\u00a0\u00bb2px\u00a0\u00bb button_border_radius=\u00a0\u00bb16px\u00a0\u00bb button_font=\u00a0\u00bbMontserrat||||||||\u00a0\u00bb button_icon=\u00a0\u00bb&#xf1c1;||fa||900&Prime; button_icon_color=\u00a0\u00bb#f40c00&Prime; hover_enabled=\u00a0\u00bb0&Prime; sticky_enabled=\u00a0\u00bb0&Prime; button_alignment=\u00a0\u00bbcenter\u00a0\u00bb background_layout=\u00a0\u00bbdark\u00a0\u00bb][\/et_pb_button][\/et_pb_column][\/et_pb_row][et_pb_row _builder_version=\u00a0\u00bb4.27.5&Prime; _module_preset=\u00a0\u00bbdefault\u00a0\u00bb global_colors_info=\u00a0\u00bb{}\u00a0\u00bb theme_builder_area=\u00a0\u00bbpost_content\u00a0\u00bb][et_pb_column type=\u00a0\u00bb4_4&Prime; _builder_version=\u00a0\u00bb4.27.5&Prime; _module_preset=\u00a0\u00bbdefault\u00a0\u00bb global_colors_info=\u00a0\u00bb{}\u00a0\u00bb theme_builder_area=\u00a0\u00bbpost_content\u00a0\u00bb][et_pb_gallery gallery_ids=\u00a0\u00bb9901,9877,9879,9882,9881,9875,9873,9878,9880,9876,9902,9903,9874&Prime; posts_number=\u00a0\u00bb30&Prime; show_title_and_caption=\u00a0\u00bboff\u00a0\u00bb _builder_version=\u00a0\u00bb4.27.5&Prime; _module_preset=\u00a0\u00bbdefault\u00a0\u00bb global_colors_info=\u00a0\u00bb{}\u00a0\u00bb theme_builder_area=\u00a0\u00bbpost_content\u00a0\u00bb][\/et_pb_gallery][\/et_pb_column][\/et_pb_row][et_pb_row _builder_version=\u00a0\u00bb4.27.5&Prime; _module_preset=\u00a0\u00bbdefault\u00a0\u00bb theme_builder_area=\u00a0\u00bbpost_content\u00a0\u00bb][et_pb_column _builder_version=\u00a0\u00bb4.27.5&Prime; _module_preset=\u00a0\u00bbdefault\u00a0\u00bb type=\u00a0\u00bb4_4&Prime; theme_builder_area=\u00a0\u00bbpost_content\u00a0\u00bb][et_pb_text _builder_version=\u00a0\u00bb4.27.5&Prime; _module_preset=\u00a0\u00bbdefault\u00a0\u00bb theme_builder_area=\u00a0\u00bbpost_content\u00a0\u00bb hover_enabled=\u00a0\u00bb0&Prime; sticky_enabled=\u00a0\u00bb0&Prime;]<p data-path-to-node=\"8\">Cette riche journ\u00e9e s&rsquo;est conclue par une messe priante et joyeuse, laissant \u00e0 chacun le souvenir d&rsquo;un beau moment de fraternit\u00e9.<\/p>\n<blockquote data-path-to-node=\"9\">\n<h3 data-path-to-node=\"15\">Remerciements<\/h3>\n<p data-path-to-node=\"16\">Nous tenons \u00e0 remercier chaleureusement les organisateurs, Messieurs <b data-path-to-node=\"16\" data-index-in-node=\"59\">Jean-Louis Tardy<\/b> et <b data-path-to-node=\"16\" data-index-in-node=\"79\">Bertrand Ract-Madoux<\/b>, ainsi que le secr\u00e9tariat pour la coordination et le bon d\u00e9roulement de l&rsquo;apr\u00e8s-midi.<\/p>\n<\/blockquote>[\/et_pb_text][\/et_pb_column][\/et_pb_row][\/et_pb_section]\n","protected":false},"excerpt":{"rendered":"<p>Le samedi 21 mars, pour c\u00e9l\u00e9brer le premier jour du printemps, une soixantaine de paroissiens se sont retrouv\u00e9s pour une marche de Car\u00eame d&rsquo;environ 3 km \u00e0 travers les paysages [&hellip;]<\/p>\n","protected":false},"author":33,"featured_media":9888,"comment_status":"open","ping_status":"open","sticky":false,"template":"","format":"standard","meta":{"_et_pb_use_builder":"on","_et_pb_old_content":"","_et_gb_content_width":"","footnotes":""},"categories":[6,32,22],"tags":[],"class_list":["post-9872","post","type-post","status-publish","format-standard","has-post-thumbnail","hentry","category-actualite","category-careme","category-sortie-organisee"],"_links":{"self":[{"href":"https:\/\/catholiques17.fr\/mir-sg\/wp-json\/wp\/v2\/posts\/9872","targetHints":{"allow":["GET"]}}],"collection":[{"href":"https:\/\/catholiques17.fr\/mir-sg\/wp-json\/wp\/v2\/posts"}],"about":[{"href":"https:\/\/catholiques17.fr\/mir-sg\/wp-json\/wp\/v2\/types\/post"}],"author":[{"embeddable":true,"href":"https:\/\/catholiques17.fr\/mir-sg\/wp-json\/wp\/v2\/users\/33"}],"replies":[{"embeddable":true,"href":"https:\/\/catholiques17.fr\/mir-sg\/wp-json\/wp\/v2\/comments?post=9872"}],"version-history":[{"count":8,"href":"https:\/\/catholiques17.fr\/mir-sg\/wp-json\/wp\/v2\/posts\/9872\/revisions"}],"predecessor-version":[{"id":9942,"href":"https:\/\/catholiques17.fr\/mir-sg\/wp-json\/wp\/v2\/posts\/9872\/revisions\/9942"}],"wp:featuredmedia":[{"embeddable":true,"href":"https:\/\/catholiques17.fr\/mir-sg\/wp-json\/wp\/v2\/media\/9888"}],"wp:attachment":[{"href":"https:\/\/catholiques17.fr\/mir-sg\/wp-json\/wp\/v2\/media?parent=9872"}],"wp:term":[{"taxonomy":"category","embeddable":true,"href":"https:\/\/catholiques17.fr\/mir-sg\/wp-json\/wp\/v2\/categories?post=9872"},{"taxonomy":"post_tag","embeddable":true,"href":"https:\/\/catholiques17.fr\/mir-sg\/wp-json\/wp\/v2\/tags?post=9872"}],"curies":[{"name":"wp","href":"https:\/\/api.w.org\/{rel}","templated":true}]}}