{"id":9863,"date":"2026-03-10T21:35:56","date_gmt":"2026-03-10T20:35:56","guid":{"rendered":"https:\/\/catholiques17.fr\/mir-sg\/?p=9863"},"modified":"2026-03-30T18:56:26","modified_gmt":"2026-03-30T16:56:26","slug":"homelie-3e-dimanche-du-careme-annee-a-2026","status":"publish","type":"post","link":"https:\/\/catholiques17.fr\/mir-sg\/2026\/03\/10\/homelie-3e-dimanche-du-careme-annee-a-2026\/","title":{"rendered":"Hom\u00e9lie 3e dimanche du car\u00eame ann\u00e9e A 2026"},"content":{"rendered":"\n<p>Fr\u00e8res et s\u0153urs,<\/p>\n\n\n\n<p>L\u2019\u00c9vangile d\u2019aujourd\u2019hui, tir\u00e9 de&nbsp;<strong>\u00c9vangile selon Jean&nbsp;4,5-42<\/strong>, nous raconte la rencontre entre&nbsp;<strong>J\u00e9sus<\/strong>&nbsp;et&nbsp;<strong>la Samaritaine<\/strong>&nbsp;pr\u00e8s du&nbsp;<strong>puits de Jacob<\/strong>. C\u2019est une rencontre simple, presque ordinaire : un homme fatigu\u00e9 s\u2019assoit pr\u00e8s d\u2019un puits et demande \u00e0 boire. Pourtant, dans cette sc\u00e8ne toute simple, Dieu vient toucher le c\u0153ur d\u2019une personne et transformer sa vie.<\/p>\n\n\n\n<p>Le premier message de cet \u00c9vangile est que&nbsp;<strong>J\u00e9sus vient \u00e0 la rencontre de chacun<\/strong>. \u00c0 l\u2019\u00e9poque, les Juifs et les Samaritains ne se fr\u00e9quentaient pas. Cette s\u00e9paration venait d\u2019une longue histoire. Plusieurs si\u00e8cles auparavant, apr\u00e8s l\u2019invasion du royaume du Nord par les Assyriens, une partie de la population d\u2019Isra\u00ebl s\u2019\u00e9tait m\u00eal\u00e9e \u00e0 des peuples \u00e9trangers. Les Juifs consid\u00e9raient alors les Samaritains comme des croyants infid\u00e8les \u00e0 la foi d\u2019Isra\u00ebl. De plus, ils ne s\u2019entendaient pas sur le lieu du culte : les Juifs reconnaissaient&nbsp;<strong>Temple de J\u00e9rusalem<\/strong>&nbsp;comme seul lieu l\u00e9gitime pour adorer Dieu, tandis que les Samaritains priaient sur le&nbsp;<strong>Mont Garizim<\/strong>. Ces diff\u00e9rences religieuses et historiques avaient cr\u00e9\u00e9 une grande m\u00e9fiance entre les deux peuples. En plus de cela, un homme ne parlait pas facilement \u00e0 une femme inconnue en public. Et pourtant, J\u00e9sus engage la conversation. Il ne regarde pas les barri\u00e8res sociales, religieuses ou culturelles. Il voit simplement une personne. Cela nous rappelle une chose tr\u00e8s importante :&nbsp;<strong>Dieu ne met pas de distance entre lui et nous<\/strong>. Il vient nous rencontrer l\u00e0 o\u00f9 nous sommes, avec notre histoire, nos blessures et parfois m\u00eame nos erreurs.<\/p>\n\n\n\n<p>Le deuxi\u00e8me message est celui de&nbsp;<strong>la soif du c\u0153ur<\/strong>. J\u00e9sus parle \u00e0 cette femme d\u2019une \u00ab eau vive \u00bb. Elle pense d\u2019abord \u00e0 l\u2019eau du puits, celle qui \u00e9tanche la soif du corps. Mais J\u00e9sus parle d\u2019une autre soif, plus profonde : la soif de sens, la soif d\u2019amour, la soif de paix. Dans nos vies aussi, nous cherchons souvent \u00e0 combler cette soif par beaucoup de choses : les biens, les r\u00e9ussites, les distractions. Mais J\u00e9sus nous rappelle aujourd\u2019hui que&nbsp;<strong>seul Dieu peut combler la soif la plus profonde du c\u0153ur humain<\/strong>. L\u2019eau vive qu\u2019il donne est la vie de Dieu en nous, une source qui ne se tarit pas.<\/p>\n\n\n\n<p>Enfin, cet \u00c9vangile nous montre que&nbsp;<strong>la rencontre avec J\u00e9sus transforme une vie<\/strong>. Au d\u00e9but du r\u00e9cit, la Samaritaine vient simplement puiser de l\u2019eau. Mais apr\u00e8s avoir rencontr\u00e9 J\u00e9sus, tout change. Elle laisse sa cruche et court au village pour annoncer ce qu\u2019elle a v\u00e9cu. Celle qui semblait isol\u00e9e devient messag\u00e8re. Celle qui venait seule au puits devient t\u00e9moin pour tout un peuple. Ainsi en est-il de toute rencontre v\u00e9ritable avec le Christ :&nbsp;<strong>elle nous transforme et nous pousse \u00e0 partager la joie que nous avons re\u00e7ue<\/strong>.<\/p>\n\n\n\n<p>Fr\u00e8res et s\u0153urs, cet \u00c9vangile nous pose aussi une question personnelle :&nbsp;<strong>quelle est la soif de notre c\u0153ur aujourd\u2019hui ?<\/strong>&nbsp;Et sommes-nous pr\u00eats \u00e0 laisser J\u00e9sus nous rencontrer, comme il a rencontr\u00e9 cette femme au bord du puits ?<\/p>\n\n\n\n<p>Demandons au Seigneur de nous donner cette eau vive, celle qui renouvelle la vie et qui fait de nous, \u00e0 notre tour, des t\u00e9moins de son amour.<\/p>\n\n\n\n<p>Amen.<\/p>\n","protected":false},"excerpt":{"rendered":"<p>Fr\u00e8res et s\u0153urs, L\u2019\u00c9vangile d\u2019aujourd\u2019hui, tir\u00e9 de&nbsp;\u00c9vangile selon Jean&nbsp;4,5-42, nous raconte la rencontre entre&nbsp;J\u00e9sus&nbsp;et&nbsp;la Samaritaine&nbsp;pr\u00e8s du&nbsp;puits de Jacob. C\u2019est une rencontre simple, presque ordinaire : un homme fatigu\u00e9 s\u2019assoit pr\u00e8s [&hellip;]<\/p>\n","protected":false},"author":33,"featured_media":9713,"comment_status":"open","ping_status":"open","sticky":false,"template":"","format":"standard","meta":{"_et_pb_use_builder":"off","_et_pb_old_content":"","_et_gb_content_width":"","footnotes":""},"categories":[15],"tags":[],"class_list":["post-9863","post","type-post","status-publish","format-standard","has-post-thumbnail","hentry","category-homelie"],"_links":{"self":[{"href":"https:\/\/catholiques17.fr\/mir-sg\/wp-json\/wp\/v2\/posts\/9863","targetHints":{"allow":["GET"]}}],"collection":[{"href":"https:\/\/catholiques17.fr\/mir-sg\/wp-json\/wp\/v2\/posts"}],"about":[{"href":"https:\/\/catholiques17.fr\/mir-sg\/wp-json\/wp\/v2\/types\/post"}],"author":[{"embeddable":true,"href":"https:\/\/catholiques17.fr\/mir-sg\/wp-json\/wp\/v2\/users\/33"}],"replies":[{"embeddable":true,"href":"https:\/\/catholiques17.fr\/mir-sg\/wp-json\/wp\/v2\/comments?post=9863"}],"version-history":[{"count":1,"href":"https:\/\/catholiques17.fr\/mir-sg\/wp-json\/wp\/v2\/posts\/9863\/revisions"}],"predecessor-version":[{"id":9864,"href":"https:\/\/catholiques17.fr\/mir-sg\/wp-json\/wp\/v2\/posts\/9863\/revisions\/9864"}],"wp:featuredmedia":[{"embeddable":true,"href":"https:\/\/catholiques17.fr\/mir-sg\/wp-json\/wp\/v2\/media\/9713"}],"wp:attachment":[{"href":"https:\/\/catholiques17.fr\/mir-sg\/wp-json\/wp\/v2\/media?parent=9863"}],"wp:term":[{"taxonomy":"category","embeddable":true,"href":"https:\/\/catholiques17.fr\/mir-sg\/wp-json\/wp\/v2\/categories?post=9863"},{"taxonomy":"post_tag","embeddable":true,"href":"https:\/\/catholiques17.fr\/mir-sg\/wp-json\/wp\/v2\/tags?post=9863"}],"curies":[{"name":"wp","href":"https:\/\/api.w.org\/{rel}","templated":true}]}}