{"id":9838,"date":"2026-03-04T20:47:54","date_gmt":"2026-03-04T19:47:54","guid":{"rendered":"https:\/\/catholiques17.fr\/mir-sg\/?p=9838"},"modified":"2026-03-04T20:59:09","modified_gmt":"2026-03-04T19:59:09","slug":"enigmes-sous-la-nef-ce-que-la-restauration-de-leglise-de-champagnolles-nous-a-revele","status":"publish","type":"post","link":"https:\/\/catholiques17.fr\/mir-sg\/2026\/03\/04\/enigmes-sous-la-nef-ce-que-la-restauration-de-leglise-de-champagnolles-nous-a-revele\/","title":{"rendered":"\u00c9nigmes sous la nef : Ce que la restauration de l\u2019\u00e9glise de Champagnolles nous a r\u00e9v\u00e9l\u00e9"},"content":{"rendered":"\n[et_pb_section fb_built=\u00a0\u00bb1&Prime; theme_builder_area=\u00a0\u00bbpost_content\u00a0\u00bb _builder_version=\u00a0\u00bb4.27.5&Prime; _module_preset=\u00a0\u00bbdefault\u00a0\u00bb][et_pb_row _builder_version=\u00a0\u00bb4.27.5&Prime; _module_preset=\u00a0\u00bbdefault\u00a0\u00bb theme_builder_area=\u00a0\u00bbpost_content\u00a0\u00bb][et_pb_column _builder_version=\u00a0\u00bb4.27.5&Prime; _module_preset=\u00a0\u00bbdefault\u00a0\u00bb type=\u00a0\u00bb4_4&Prime; theme_builder_area=\u00a0\u00bbpost_content\u00a0\u00bb][et_pb_text _builder_version=\u00a0\u00bb4.27.5&Prime; _module_preset=\u00a0\u00bbdefault\u00a0\u00bb theme_builder_area=\u00a0\u00bbpost_content\u00a0\u00bb hover_enabled=\u00a0\u00bb0&Prime; sticky_enabled=\u00a0\u00bb0&Prime;]<p>Restaurer un monument historique, c&rsquo;est parfois soulever le voile sur des secrets enfouis depuis des si\u00e8cles. Pour Marie-Pierre NIGUES, l\u2019architecte en charge de la r\u00e9novation de l\u2019\u00e9glise Saint-Pierre, ce chantier s&rsquo;est transform\u00e9 en une v\u00e9ritable exploration. Des peintures murales du XIIIe si\u00e8cle au myst\u00e9rieux puits cach\u00e9 sous les pieds des fid\u00e8les, elle nous raconte comment ce monument a pos\u00e9 plus de questions qu&rsquo;il n&rsquo;en a r\u00e9solues.<\/p>[\/et_pb_text][\/et_pb_column][\/et_pb_row][et_pb_row _builder_version=\u00a0\u00bb4.27.5&Prime; _module_preset=\u00a0\u00bbdefault\u00a0\u00bb theme_builder_area=\u00a0\u00bbpost_content\u00a0\u00bb][et_pb_column _builder_version=\u00a0\u00bb4.27.5&Prime; _module_preset=\u00a0\u00bbdefault\u00a0\u00bb type=\u00a0\u00bb4_4&Prime; theme_builder_area=\u00a0\u00bbpost_content\u00a0\u00bb][et_pb_testimonial author=\u00a0\u00bbMarie-Pierre NIGUES\u00a0\u00bb portrait_url=\u00a0\u00bbdata:image\/svg+xml;base64,PHN2ZyB3aWR0aD0iNTAwIiBoZWlnaHQ9IjUwMCIgdmlld0JveD0iMCAwIDUwMCA1MDAiIHhtbG5zPSJodHRwOi8vd3d3LnczLm9yZy8yMDAwL3N2ZyI+CiAgICA8ZyBmaWxsPSJub25lIiBmaWxsLXJ1bGU9ImV2ZW5vZGQiPgogICAgICAgIDxwYXRoIGZpbGw9IiNFQkVCRUIiIGQ9Ik0wIDBoNTAwdjUwMEgweiIvPgogICAgICAgIDxyZWN0IGZpbGwtb3BhY2l0eT0iLjEiIGZpbGw9IiMwMDAiIHg9IjY4IiB5PSIzMDUiIHdpZHRoPSIzNjQiIGhlaWdodD0iNTY4IiByeD0iMTgyIi8+CiAgICAgICAgPGNpcmNsZSBmaWxsLW9wYWNpdHk9Ii4xIiBmaWxsPSIjMDAwIiBjeD0iMjQ5IiBjeT0iMTcyIiByPSIxMDAiLz4KICAgIDwvZz4KPC9zdmc+Cg==\u00a0\u00bb _builder_version=\u00a0\u00bb4.27.5&Prime; _module_preset=\u00a0\u00bbdefault\u00a0\u00bb theme_builder_area=\u00a0\u00bbpost_content\u00a0\u00bb job_title=\u00a0\u00bbArchitecte\u00a0\u00bb hover_enabled=\u00a0\u00bb0&Prime; sticky_enabled=\u00a0\u00bb0&Prime;]<p style=\"font-weight: 400\">J&rsquo;ai eu la chance de visiter chaque recoin de l&rsquo;\u00e9glise Saint Pierre de Champagnolles avant que les travaux ne commencent et j\u2019ai pu prendre la mesure de sa richesse patrimoniale, historique et arch\u00e9ologique. Mais, une fois les travaux de restauration et de remise en valeur termin\u00e9s, le monument pose encore plus de questions qu\u2019avant tant les d\u00e9couvertes qui y ont \u00e9t\u00e9 faites pendant le chantier sont singuli\u00e8res.<\/p>\n<p style=\"font-weight: 400\">L\u2019\u00e9glise a \u00e9t\u00e9 (re)construite au XIIe si\u00e8cle qui correspond \u00e0 une p\u00e9riode d\u2019intense construction \u00e0 travers tout le royaume. Int\u00e9gr\u00e9e \u00e0 un prieur\u00e9-cure, elle d\u00e9pend de l\u2019abbaye Saint Etienne de Mortagne. Les vestiges de sa couverture originelle en dalles de pierre entour\u00e9e de ch\u00e9neaux encaiss\u00e9s et de gargouilles ont \u00e9t\u00e9 d\u00e9couverts pendant les travaux.<\/p>\n<p style=\"font-weight: 400\">Elle est modernis\u00e9e au XVe si\u00e8cle apr\u00e8s la guerre de Cent Ans, comme en t\u00e9moignent la vaste baie ogivale aujourd\u2019hui bouch\u00e9e mais encore lisible qui per\u00e7ait son chevet, et le portail occidental gothique.<\/p>\n<p style=\"font-weight: 400\">Elle est saccag\u00e9e pendant les Guerres de Religion et y perd une grande partie de la vo\u00fbte en pierre de la nef. Il faudra attendre 1903 pour qu\u2019une nouvelle vo\u00fbte en briques pl\u00e2tri\u00e8res reconstitue l\u2019aspect du couvrement initial.<\/p>\n<p style=\"font-weight: 400\">Utilis\u00e9e comme salle de r\u00e9union et temple de la V\u00e9rit\u00e9 pendant la r\u00e9volution, l\u2019\u00e9glise est restaur\u00e9e au XIXe, augment\u00e9e d\u2019une tribune, d\u2019un badigeon \u00e0 faux calepinage sur ses murs int\u00e9rieurs et, eu \u00e9gard \u00e0 sa grande humidit\u00e9, d\u2019une dalle en b\u00e9ton au sol int\u00e9rieur.<\/p>\n<p style=\"font-weight: 400\">L\u2019\u00e9glise est Class\u00e9e Monument Historique en 1910.<\/p>\n<p style=\"font-weight: 400\">En 1982, ses couvertures en pierre sont restitu\u00e9es sur le ch\u0153ur, le bras Sud du transept et l\u2019absidiole Nord.<\/p>\n<p style=\"font-weight: 400\">La grosse restauration qui vient de se terminer aujourd\u2019hui assurera la conservation du monument pour les 120 \u00e0 150 ans qui viennent. De tr\u00e8s belles d\u00e9couvertes ont \u00e9t\u00e9 faites pendant les travaux\u00a0:<\/p>\n<ul style=\"font-weight: 400\">\n<li>Des peintures murales histori\u00e9es du XIIIe si\u00e8cle sur les parements du ch\u0153ur repr\u00e9sentant, entre autres, de terribles sc\u00e8nes de tortures<\/li>\n<li>Des placards liturgiques qui ont \u00e9t\u00e9 d\u00e9bouch\u00e9s et qui pourront \u00e0 nouveau \u00eatre utilis\u00e9s lors des offices<\/li>\n<li>Des croix de cons\u00e9cration anciennes sur les murs. Une nouvelle croix de cons\u00e9cration dat\u00e9e de 2025 a \u00e9t\u00e9 peinte d\u00a0\u00a0\u00a0\u00a0\u00a0\u00a0\u00a0\u00a0\u00a0\u00a0 ns la nef qui t\u00e9moignera durablement de la campagne de restauration\u00a0 qui vient de se terminer<\/li>\n<li>Et, dans le sol de la nef le plus \u00e9tonnant sans aucun doute, un puits ma\u00e7onn\u00e9, aux parois dot\u00e9es de redans formant \u00e9chelle pour y descendre. Au plus fort des derni\u00e8res pluies le niveau d\u2019eau \u00e0 l\u2019int\u00e9rieur n\u2019\u00e9tait qu\u2019\u00e0 90cm sous le niveau du sol int\u00e9rieur\u00a0! La pr\u00e9sence d\u2019un puits \u00e0 l\u2019int\u00e9rieur du monument est rare et plaide en la faveur de l\u2019ant\u00e9riorit\u00e9 de l\u2019\u00e9difice actuel qui aurait \u00e9t\u00e9 reconstruit au XIIe sur un b\u00e2timent bien plus ancien, pal\u00e9ochr\u00e9tien voire antique. Les cultes li\u00e9s \u00e0 l\u2019eau \u00e9taient en effet courant \u00e0 la p\u00e9riode gallo romaine. Si le puits a \u00e9t\u00e9 recouvert d\u2019une dalle solide, il conserve intacts tous ses secrets car il n\u2019a fait l\u2019objet d\u2019aucune investigation arch\u00e9ologique. Il les livrera peut \u00eatre lorsqu\u2019il sera r\u00e9ouvert dans quelques si\u00e8cles. Aujourd\u2019hui un cercle trac\u00e9 sur le sol en carreaux de terre cuite en marque discr\u00e8tement la circonf\u00e9rence\u2026<\/li>\n<\/ul>[\/et_pb_testimonial][\/et_pb_column][\/et_pb_row][\/et_pb_section]\n","protected":false},"excerpt":{"rendered":"<p>Restaurer un monument historique, c&rsquo;est parfois soulever le voile sur des secrets enfouis depuis des si\u00e8cles. Pour Marie-Pierre NIGUES, l\u2019architecte en charge de la r\u00e9novation de l\u2019\u00e9glise Saint-Pierre, ce chantier [&hellip;]<\/p>\n","protected":false},"author":33,"featured_media":9154,"comment_status":"open","ping_status":"open","sticky":false,"template":"","format":"standard","meta":{"_et_pb_use_builder":"on","_et_pb_old_content":"","_et_gb_content_width":"","footnotes":""},"categories":[6],"tags":[],"class_list":["post-9838","post","type-post","status-publish","format-standard","has-post-thumbnail","hentry","category-actualite"],"_links":{"self":[{"href":"https:\/\/catholiques17.fr\/mir-sg\/wp-json\/wp\/v2\/posts\/9838","targetHints":{"allow":["GET"]}}],"collection":[{"href":"https:\/\/catholiques17.fr\/mir-sg\/wp-json\/wp\/v2\/posts"}],"about":[{"href":"https:\/\/catholiques17.fr\/mir-sg\/wp-json\/wp\/v2\/types\/post"}],"author":[{"embeddable":true,"href":"https:\/\/catholiques17.fr\/mir-sg\/wp-json\/wp\/v2\/users\/33"}],"replies":[{"embeddable":true,"href":"https:\/\/catholiques17.fr\/mir-sg\/wp-json\/wp\/v2\/comments?post=9838"}],"version-history":[{"count":5,"href":"https:\/\/catholiques17.fr\/mir-sg\/wp-json\/wp\/v2\/posts\/9838\/revisions"}],"predecessor-version":[{"id":9847,"href":"https:\/\/catholiques17.fr\/mir-sg\/wp-json\/wp\/v2\/posts\/9838\/revisions\/9847"}],"wp:featuredmedia":[{"embeddable":true,"href":"https:\/\/catholiques17.fr\/mir-sg\/wp-json\/wp\/v2\/media\/9154"}],"wp:attachment":[{"href":"https:\/\/catholiques17.fr\/mir-sg\/wp-json\/wp\/v2\/media?parent=9838"}],"wp:term":[{"taxonomy":"category","embeddable":true,"href":"https:\/\/catholiques17.fr\/mir-sg\/wp-json\/wp\/v2\/categories?post=9838"},{"taxonomy":"post_tag","embeddable":true,"href":"https:\/\/catholiques17.fr\/mir-sg\/wp-json\/wp\/v2\/tags?post=9838"}],"curies":[{"name":"wp","href":"https:\/\/api.w.org\/{rel}","templated":true}]}}