{"id":9728,"date":"2026-03-02T13:53:08","date_gmt":"2026-03-02T12:53:08","guid":{"rendered":"https:\/\/catholiques17.fr\/mir-sg\/?p=9728"},"modified":"2026-03-04T21:01:48","modified_gmt":"2026-03-04T20:01:48","slug":"messe-dinauguration-de-leglise-de-champagnolles-du-01-03-2026","status":"publish","type":"post","link":"https:\/\/catholiques17.fr\/mir-sg\/2026\/03\/02\/messe-dinauguration-de-leglise-de-champagnolles-du-01-03-2026\/","title":{"rendered":"Messe d&rsquo;inauguration de l&rsquo;\u00e9glise de Champagnolles du 01\/03\/2026"},"content":{"rendered":"<p>[et_pb_section fb_built=\u00a0\u00bb1&Prime; _builder_version=\u00a0\u00bb4.27.5&Prime; _module_preset=\u00a0\u00bbdefault\u00a0\u00bb global_colors_info=\u00a0\u00bb{}\u00a0\u00bb theme_builder_area=\u00a0\u00bbpost_content\u00a0\u00bb][et_pb_row _builder_version=\u00a0\u00bb4.27.5&Prime; _module_preset=\u00a0\u00bbdefault\u00a0\u00bb global_colors_info=\u00a0\u00bb{}\u00a0\u00bb theme_builder_area=\u00a0\u00bbpost_content\u00a0\u00bb][et_pb_column type=\u00a0\u00bb4_4&Prime; _builder_version=\u00a0\u00bb4.27.5&Prime; _module_preset=\u00a0\u00bbdefault\u00a0\u00bb global_colors_info=\u00a0\u00bb{}\u00a0\u00bb theme_builder_area=\u00a0\u00bbpost_content\u00a0\u00bb][et_pb_text _builder_version=\u00a0\u00bb4.27.5&Prime; _module_preset=\u00a0\u00bbdefault\u00a0\u00bb text_orientation=\u00a0\u00bbjustified\u00a0\u00bb global_colors_info=\u00a0\u00bb{}\u00a0\u00bb theme_builder_area=\u00a0\u00bbpost_content\u00a0\u00bb]<\/p>\n<p>Retour sur ce moment historique pour notre Paroisse, avec l&rsquo;inauguration et la r\u00e9ouverture de l&rsquo;\u00e9glise de Champagnolles, alors en restauration depuis d\u00e9j\u00e0 plusieurs ann\u00e9es, par Monseigneur Pierre-Antoine BOZO, et P\u00e8re Victor, notre pr\u00eatre.<\/p>\n<p>Pour prendre la mesure de la richesse patrimoniale r\u00e9v\u00e9l\u00e9e lors de cette restauration exceptionnelle, nous vous invitons \u00e0 consulter le t\u00e9moignage exclusif de la ma\u00eetrise d\u2019\u0153uvre. Ce rapport d\u00e9taille l&rsquo;ensemble des ouvrages et les d\u00e9couvertes arch\u00e9ologiques majeurs entrepris par la commune, avec le pr\u00e9cieux soutien financier du D\u00e9partement et de l&rsquo;\u00c9tat.<\/p>\n<p>[\/et_pb_text][\/et_pb_column][\/et_pb_row][et_pb_row _builder_version=\u00a0\u00bb4.27.5&Prime; _module_preset=\u00a0\u00bbdefault\u00a0\u00bb global_colors_info=\u00a0\u00bb{}\u00a0\u00bb theme_builder_area=\u00a0\u00bbpost_content\u00a0\u00bb][et_pb_column type=\u00a0\u00bb4_4&Prime; _builder_version=\u00a0\u00bb4.27.5&Prime; _module_preset=\u00a0\u00bbdefault\u00a0\u00bb global_colors_info=\u00a0\u00bb{}\u00a0\u00bb theme_builder_area=\u00a0\u00bbpost_content\u00a0\u00bb][et_pb_button button_url=\u00a0\u00bbhttps:\/\/catholiques17.fr\/mir-sg\/2026\/03\/04\/enigmes-sous-la-nef-ce-que-la-restauration-de-leglise-de-champagnolles-nous-a-revele\/\u00a0\u00bb url_new_window=\u00a0\u00bbon\u00a0\u00bb button_text=\u00a0\u00bbRapport de Marie-Pierre NIGUES, l\u2019architecte en charge de la r\u00e9novation de l\u2019\u00e9glise Saint-Pierre\u00a0\u00bb button_alignment=\u00a0\u00bbcenter\u00a0\u00bb _builder_version=\u00a0\u00bb4.27.5&Prime; _module_preset=\u00a0\u00bbdefault\u00a0\u00bb custom_button=\u00a0\u00bbon\u00a0\u00bb button_text_size=\u00a0\u00bb16px\u00a0\u00bb button_text_color=\u00a0\u00bb#327F51&Prime; button_bg_color=\u00a0\u00bb#F49A24&Prime; button_font=\u00a0\u00bb|700|||||||\u00a0\u00bb global_colors_info=\u00a0\u00bb{}\u00a0\u00bb theme_builder_area=\u00a0\u00bbpost_content\u00a0\u00bb][\/et_pb_button][\/et_pb_column][\/et_pb_row][et_pb_row _builder_version=\u00a0\u00bb4.27.5&Prime; _module_preset=\u00a0\u00bbdefault\u00a0\u00bb global_colors_info=\u00a0\u00bb{}\u00a0\u00bb theme_builder_area=\u00a0\u00bbpost_content\u00a0\u00bb][et_pb_column type=\u00a0\u00bb4_4&Prime; _builder_version=\u00a0\u00bb4.27.5&Prime; _module_preset=\u00a0\u00bbdefault\u00a0\u00bb global_colors_info=\u00a0\u00bb{}\u00a0\u00bb theme_builder_area=\u00a0\u00bbpost_content\u00a0\u00bb][et_pb_text _builder_version=\u00a0\u00bb4.27.5&Prime; _module_preset=\u00a0\u00bbdefault\u00a0\u00bb global_colors_info=\u00a0\u00bb{}\u00a0\u00bb theme_builder_area=\u00a0\u00bbpost_content\u00a0\u00bb]<\/p>\n<p style=\"text-align: justify\">Ce renouveau architectural a \u00e9t\u00e9 c\u00e9l\u00e9br\u00e9 dans la joie : nous avons le plaisir de partager avec vous les premi\u00e8res images de la messe pr\u00e9sid\u00e9e par Monseigneur Bozo et conc\u00e9l\u00e9br\u00e9e avec le P\u00e8re Victor, suivie d&rsquo;un moment de convivialit\u00e9 autour d&rsquo;un repas partag\u00e9.<\/p>\n<p>[\/et_pb_text][\/et_pb_column][\/et_pb_row][et_pb_row column_structure=\u00a0\u00bb1_2,1_2&Prime; _builder_version=\u00a0\u00bb4.27.5&Prime; _module_preset=\u00a0\u00bbdefault\u00a0\u00bb background_color=\u00a0\u00bbRGBA(255,255,255,0)\u00a0\u00bb border_radii=\u00a0\u00bbon|10px|10px|10px|10px\u00a0\u00bb border_color_all=\u00a0\u00bb#F49A24&Prime; global_colors_info=\u00a0\u00bb{}\u00a0\u00bb theme_builder_area=\u00a0\u00bbpost_content\u00a0\u00bb][et_pb_column type=\u00a0\u00bb1_2&Prime; _builder_version=\u00a0\u00bb4.27.5&Prime; _module_preset=\u00a0\u00bbdefault\u00a0\u00bb global_colors_info=\u00a0\u00bb{}\u00a0\u00bb theme_builder_area=\u00a0\u00bbpost_content\u00a0\u00bb][et_pb_image src=\u00a0\u00bbhttps:\/\/catholiques17.fr\/mir-sg\/wp-content\/uploads\/sites\/27\/2026\/03\/La-chaire.jpg\u00a0\u00bb title_text=\u00a0\u00bbLa chaire\u00a0\u00bb align=\u00a0\u00bbcenter\u00a0\u00bb _builder_version=\u00a0\u00bb4.27.5&Prime; _module_preset=\u00a0\u00bbdefault\u00a0\u00bb width=\u00a0\u00bb40%\u00a0\u00bb global_colors_info=\u00a0\u00bb{}\u00a0\u00bb theme_builder_area=\u00a0\u00bbpost_content\u00a0\u00bb][\/et_pb_image][\/et_pb_column][et_pb_column type=\u00a0\u00bb1_2&Prime; _builder_version=\u00a0\u00bb4.27.5&Prime; _module_preset=\u00a0\u00bbdefault\u00a0\u00bb global_colors_info=\u00a0\u00bb{}\u00a0\u00bb theme_builder_area=\u00a0\u00bbpost_content\u00a0\u00bb][et_pb_text _builder_version=\u00a0\u00bb4.27.5&Prime; _module_preset=\u00a0\u00bbdefault\u00a0\u00bb text_font_size=\u00a0\u00bb20px\u00a0\u00bb background_color=\u00a0\u00bb#F49A24&Prime; module_alignment=\u00a0\u00bbcenter\u00a0\u00bb border_radii=\u00a0\u00bbon|10px|10px|10px|10px\u00a0\u00bb border_width_all=\u00a0\u00bb16px\u00a0\u00bb border_color_all=\u00a0\u00bb#F49A24&Prime; global_colors_info=\u00a0\u00bb{}\u00a0\u00bb theme_builder_area=\u00a0\u00bbpost_content\u00a0\u00bb]<\/p>\n<h5><\/h5>\n<h5><\/h5>\n<h5>Monseigneur Pierre-Antoine Bozo, notre Eveque, en plein hom\u00e9lie devant l&rsquo;assembl\u00e9e, du haut de la chaire.<\/h5>\n<h5><span>La <\/span><b>chaire<\/b><span>\u00a0(du\u00a0<\/span><a href=\"https:\/\/fr.wikipedia.org\/wiki\/Latin\" title=\"Latin\">latin<\/a><span>\u00a0<\/span><i>cathedra<\/i><span>, \u00ab\u00a0si\u00e8ge\u00a0\u00bb) ou plus compl\u00e8tement la\u00a0<\/span><b>chaire de v\u00e9rit\u00e9<\/b><span>\u00a0ou\u00a0<\/span><b>chaire \u00e0 pr\u00eacher<\/b><span>, est \u00e0 l&rsquo;origine le si\u00e8ge d&rsquo;un\u00a0<\/span><a href=\"https:\/\/fr.wikipedia.org\/wiki\/%C3%89v%C3%AAque\" title=\"\u00c9v\u00eaque\">\u00e9v\u00eaque<\/a><span>\u00a0dans son\u00a0<\/span><a href=\"https:\/\/fr.wikipedia.org\/wiki\/%C3%89glise_(%C3%A9difice)\" title=\"\u00c9glise (\u00e9difice)\">\u00e9glise<\/a><span>\u00a0principale (maintenant d\u00e9sign\u00e9 sous le terme de\u00a0<\/span><a href=\"https:\/\/fr.wikipedia.org\/wiki\/Cath%C3%A8dre\" title=\"Cath\u00e8dre\">cath\u00e8dre<\/a><span>). Par extension la chaire d\u00e9signe le mobilier d&rsquo;<\/span><a href=\"https:\/\/fr.wikipedia.org\/wiki\/%C3%89glise_(%C3%A9difice)\" title=\"\u00c9glise (\u00e9difice)\">\u00e9glise<\/a><span>\u00a0o\u00f9 se tient le\u00a0<\/span><a href=\"https:\/\/fr.wikipedia.org\/wiki\/Pr%C3%A9dicateur\" title=\"Pr\u00e9dicateur\">pr\u00e9dicateur<\/a><span>\u00a0durant une assembl\u00e9e liturgique. Elle est agenc\u00e9e de mani\u00e8re \u00e0 accro\u00eetre au mieux la visibilit\u00e9 et l\u2019audibilit\u00e9 du pr\u00e9dicateur.<\/span><\/h5>\n<p>&nbsp;<\/p>\n<p>[\/et_pb_text][\/et_pb_column][\/et_pb_row][et_pb_row _builder_version=\u00a0\u00bb4.27.5&Prime; _module_preset=\u00a0\u00bbdefault\u00a0\u00bb global_colors_info=\u00a0\u00bb{}\u00a0\u00bb theme_builder_area=\u00a0\u00bbpost_content\u00a0\u00bb][et_pb_column type=\u00a0\u00bb4_4&Prime; _builder_version=\u00a0\u00bb4.27.5&Prime; _module_preset=\u00a0\u00bbdefault\u00a0\u00bb global_colors_info=\u00a0\u00bb{}\u00a0\u00bb theme_builder_area=\u00a0\u00bbpost_content\u00a0\u00bb][et_pb_text _builder_version=\u00a0\u00bb4.27.5&Prime; _module_preset=\u00a0\u00bbdefault\u00a0\u00bb global_colors_info=\u00a0\u00bb{}\u00a0\u00bb theme_builder_area=\u00a0\u00bbpost_content\u00a0\u00bb]<\/p>\n<p>N&rsquo;h\u00e9sitez pas \u00e0 nous partager aussi vos photographies en les adressant sur l&#8217;email de notre paroisse :\u00a0 <a href=\"mailto:paroisse.mir.sg@gmail.com\" target=\"_blank\" rel=\"noopener\"><span>paroisse.mir.sg@gmail.com<\/span><\/a><\/p>\n<p>[\/et_pb_text][\/et_pb_column][\/et_pb_row][et_pb_row _builder_version=\u00a0\u00bb4.27.5&Prime; _module_preset=\u00a0\u00bbdefault\u00a0\u00bb global_colors_info=\u00a0\u00bb{}\u00a0\u00bb theme_builder_area=\u00a0\u00bbpost_content\u00a0\u00bb][et_pb_column type=\u00a0\u00bb4_4&Prime; _builder_version=\u00a0\u00bb4.27.5&Prime; _module_preset=\u00a0\u00bbdefault\u00a0\u00bb global_colors_info=\u00a0\u00bb{}\u00a0\u00bb theme_builder_area=\u00a0\u00bbpost_content\u00a0\u00bb][et_pb_gallery gallery_ids=\u00a0\u00bb9799,9798,9797,9796,9746,9743,9744,9745,9742,9749,9741,9747,9748,9740,9753,9768,9781,9752,9800,9750,9795,9804,9803,9754,9756,9755,9819,9757,9758,9793,9763,9762,9761,9765,9766,9767,9801,9806,9794,9764,9760,9759,9802,9805,9771,9769,9770,9772&Prime; posts_number=\u00a0\u00bb50&Prime; show_title_and_caption=\u00a0\u00bboff\u00a0\u00bb show_pagination=\u00a0\u00bboff\u00a0\u00bb _builder_version=\u00a0\u00bb4.27.5&Prime; _module_preset=\u00a0\u00bbdefault\u00a0\u00bb global_colors_info=\u00a0\u00bb{}\u00a0\u00bb theme_builder_area=\u00a0\u00bbpost_content\u00a0\u00bb][\/et_pb_gallery][\/et_pb_column][\/et_pb_row][\/et_pb_section]<\/p>\n","protected":false},"excerpt":{"rendered":"<p>Retour sur ce moment historique pour notre Paroisse, avec l&rsquo;inauguration et la r\u00e9ouverture de l&rsquo;\u00e9glise de Champagnolles, alors en restauration depuis d\u00e9j\u00e0 plusieurs ann\u00e9es, par Monseigneur Pierre-Antoine BOZO, et P\u00e8re [&hellip;]<\/p>\n","protected":false},"author":33,"featured_media":9806,"comment_status":"open","ping_status":"open","sticky":false,"template":"","format":"standard","meta":{"_et_pb_use_builder":"on","_et_pb_old_content":"","_et_gb_content_width":"","footnotes":""},"categories":[6],"tags":[],"class_list":["post-9728","post","type-post","status-publish","format-standard","has-post-thumbnail","hentry","category-actualite"],"_links":{"self":[{"href":"https:\/\/catholiques17.fr\/mir-sg\/wp-json\/wp\/v2\/posts\/9728","targetHints":{"allow":["GET"]}}],"collection":[{"href":"https:\/\/catholiques17.fr\/mir-sg\/wp-json\/wp\/v2\/posts"}],"about":[{"href":"https:\/\/catholiques17.fr\/mir-sg\/wp-json\/wp\/v2\/types\/post"}],"author":[{"embeddable":true,"href":"https:\/\/catholiques17.fr\/mir-sg\/wp-json\/wp\/v2\/users\/33"}],"replies":[{"embeddable":true,"href":"https:\/\/catholiques17.fr\/mir-sg\/wp-json\/wp\/v2\/comments?post=9728"}],"version-history":[{"count":16,"href":"https:\/\/catholiques17.fr\/mir-sg\/wp-json\/wp\/v2\/posts\/9728\/revisions"}],"predecessor-version":[{"id":9849,"href":"https:\/\/catholiques17.fr\/mir-sg\/wp-json\/wp\/v2\/posts\/9728\/revisions\/9849"}],"wp:featuredmedia":[{"embeddable":true,"href":"https:\/\/catholiques17.fr\/mir-sg\/wp-json\/wp\/v2\/media\/9806"}],"wp:attachment":[{"href":"https:\/\/catholiques17.fr\/mir-sg\/wp-json\/wp\/v2\/media?parent=9728"}],"wp:term":[{"taxonomy":"category","embeddable":true,"href":"https:\/\/catholiques17.fr\/mir-sg\/wp-json\/wp\/v2\/categories?post=9728"},{"taxonomy":"post_tag","embeddable":true,"href":"https:\/\/catholiques17.fr\/mir-sg\/wp-json\/wp\/v2\/tags?post=9728"}],"curies":[{"name":"wp","href":"https:\/\/api.w.org\/{rel}","templated":true}]}}