{"id":8283,"date":"2025-05-10T18:42:43","date_gmt":"2025-05-10T16:42:43","guid":{"rendered":"https:\/\/catholiques17.fr\/mir-sg\/?p=8283"},"modified":"2025-05-12T08:39:44","modified_gmt":"2025-05-12T06:39:44","slug":"samedi-31-mai-pelerinage-pour-les-vocations","status":"publish","type":"post","link":"https:\/\/catholiques17.fr\/mir-sg\/2025\/05\/10\/samedi-31-mai-pelerinage-pour-les-vocations\/","title":{"rendered":"Samedi 31 mai : P\u00e8lerinage pour les vocations"},"content":{"rendered":"\n<div style=\"height:52px\" aria-hidden=\"true\" class=\"wp-block-spacer\"><\/div>\n\n\n\n<h3 class=\"wp-block-heading\">Le dioc\u00e8se de La Rochelle vous invite \u00e0 venir prier pour les vocations le samedi 31 mai 2025 \u00e0 Pons.<\/h3>\n\n\n\n<div style=\"height:38px\" aria-hidden=\"true\" class=\"wp-block-spacer\"><\/div>\n\n\n\n<p>Apr\u00e8s un p\u00e8lerinage depuis Saint-L\u00e9ger, nous nous retrouverons aupr\u00e8s de Notre-Dame de Recouvrance pour des temps de t\u00e9moignage, de pri\u00e8re, de partage et pour un repas, avant de monter en procession vers l\u2019\u00e9glise Saint-Martin pour y c\u00e9l\u00e9brer la messe.<\/p>\n\n\n\n<p>Paroissiens de tous \u00e2ges, aum\u00f4neries, mouvements de jeunes, familles, rendez-vous nombreux pour demander \u00e0 Dieu que des jeunes osent s\u2019engager au service de Dieu, de l\u2019Eglise et du monde entier, dans le sacerdoce, la vie consacr\u00e9e et le mariage !<\/p>\n\n\n\n<div style=\"height:59px\" aria-hidden=\"true\" class=\"wp-block-spacer\"><\/div>\n\n\n\n<hr class=\"wp-block-separator has-text-color has-alpha-channel-opacity has-background is-style-wide\" style=\"background-color:#097cbf;color:#097cbf\"\/>\n\n\n\n<div style=\"height:59px\" aria-hidden=\"true\" class=\"wp-block-spacer\"><\/div>\n\n\n\n<h2 class=\"wp-block-heading has-text-align-center has-text-color has-link-color wp-elements-9331bc4526b9f5c934cb60bd16b0c8f7\" style=\"color:#0b679d\">Programme du p\u00e8lerinage<\/h2>\n\n\n\n<div style=\"height:38px\" aria-hidden=\"true\" class=\"wp-block-spacer\"><\/div>\n\n\n\n<ul class=\"wp-block-list\">\n<li>9h00 : Rendez-vous \u00e0 l\u2019\u00e9glise de St-L\u00e9ger, caf\u00e9 d\u2019accueil, pri\u00e8re<\/li>\n\n\n\n<li>Marche, chants, chapelet, t\u00e9moignages<\/li>\n\n\n\n<li>11h : Accueil \u00e0 l\u2019\u00e9glise St-Vivien de Pons pour les non-marcheurs , chapelet, adoration<\/li>\n\n\n\n<li>12h30 : Arriv\u00e9e \u00e0 l\u2019\u00e9glise St-Vivien, ap\u00e9ritif et pique-nique<\/li>\n\n\n\n<li>13h45 : Ateliers dans le \u00ab village vocationnel \u00bb, louange et confessions<\/li>\n\n\n\n<li>14h45 : D\u00e9part de la procession vers l\u2019\u00e9glise St-Martin de Pons<\/li>\n\n\n\n<li>15h30 : Messe de cl\u00f4ture \u00e0 l\u2019\u00e9glise St-Martin<\/li>\n<\/ul>\n\n\n\n<div style=\"height:38px\" aria-hidden=\"true\" class=\"wp-block-spacer\"><\/div>\n\n\n\n<div class=\"wp-block-buttons is-content-justification-center is-layout-flex wp-container-core-buttons-is-layout-16018d1d wp-block-buttons-is-layout-flex\">\n<div class=\"wp-block-button\"><a class=\"wp-block-button__link has-background has-medium-font-size has-custom-font-size wp-element-button\" href=\"mailto:anthonydelcastillo@ive.org\" style=\"border-radius:6px;background-color:#0b679d\" target=\"_blank\" rel=\"noreferrer noopener\">Informations<\/a><\/div>\n<\/div>\n\n\n\n<div style=\"height:99px\" aria-hidden=\"true\" class=\"wp-block-spacer\"><\/div>\n\n\n\n<div class=\"wp-block-columns is-layout-flex wp-container-core-columns-is-layout-9d6595d7 wp-block-columns-is-layout-flex\">\n<div class=\"wp-block-column is-layout-flow wp-block-column-is-layout-flow\">\n<figure class=\"wp-block-image size-full\"><img loading=\"lazy\" decoding=\"async\" width=\"305\" height=\"800\" src=\"https:\/\/catholiques17.fr\/mir-sg\/wp-content\/uploads\/sites\/27\/2025\/05\/Priere-vocations-1.jpg\" alt=\"\" class=\"wp-image-8287\" srcset=\"https:\/\/catholiques17.fr\/mir-sg\/wp-content\/uploads\/sites\/27\/2025\/05\/Priere-vocations-1.jpg 305w, https:\/\/catholiques17.fr\/mir-sg\/wp-content\/uploads\/sites\/27\/2025\/05\/Priere-vocations-1-114x300.jpg 114w\" sizes=\"(max-width: 305px) 100vw, 305px\" \/><\/figure>\n<\/div>\n\n\n\n<div class=\"wp-block-column is-layout-flow wp-block-column-is-layout-flow\">\n<figure class=\"wp-block-image size-full\"><img loading=\"lazy\" decoding=\"async\" width=\"305\" height=\"800\" src=\"https:\/\/catholiques17.fr\/mir-sg\/wp-content\/uploads\/sites\/27\/2025\/05\/Priere-vocations-2.jpg\" alt=\"\" class=\"wp-image-8288\" srcset=\"https:\/\/catholiques17.fr\/mir-sg\/wp-content\/uploads\/sites\/27\/2025\/05\/Priere-vocations-2.jpg 305w, https:\/\/catholiques17.fr\/mir-sg\/wp-content\/uploads\/sites\/27\/2025\/05\/Priere-vocations-2-114x300.jpg 114w\" sizes=\"(max-width: 305px) 100vw, 305px\" \/><\/figure>\n<\/div>\n<\/div>\n","protected":false},"excerpt":{"rendered":"<p>Le dioc\u00e8se de La Rochelle vous invite \u00e0 venir prier pour les vocations le samedi 31 mai 2025 \u00e0 Pons. Apr\u00e8s un p\u00e8lerinage depuis Saint-L\u00e9ger, nous nous retrouverons aupr\u00e8s de [&hellip;]<\/p>\n","protected":false},"author":33,"featured_media":8275,"comment_status":"closed","ping_status":"open","sticky":false,"template":"","format":"standard","meta":{"_et_pb_use_builder":"off","_et_pb_old_content":"","_et_gb_content_width":"","footnotes":""},"categories":[6,26],"tags":[],"class_list":["post-8283","post","type-post","status-publish","format-standard","has-post-thumbnail","hentry","category-actualite","category-pelerinages"],"_links":{"self":[{"href":"https:\/\/catholiques17.fr\/mir-sg\/wp-json\/wp\/v2\/posts\/8283","targetHints":{"allow":["GET"]}}],"collection":[{"href":"https:\/\/catholiques17.fr\/mir-sg\/wp-json\/wp\/v2\/posts"}],"about":[{"href":"https:\/\/catholiques17.fr\/mir-sg\/wp-json\/wp\/v2\/types\/post"}],"author":[{"embeddable":true,"href":"https:\/\/catholiques17.fr\/mir-sg\/wp-json\/wp\/v2\/users\/33"}],"replies":[{"embeddable":true,"href":"https:\/\/catholiques17.fr\/mir-sg\/wp-json\/wp\/v2\/comments?post=8283"}],"version-history":[{"count":4,"href":"https:\/\/catholiques17.fr\/mir-sg\/wp-json\/wp\/v2\/posts\/8283\/revisions"}],"predecessor-version":[{"id":8334,"href":"https:\/\/catholiques17.fr\/mir-sg\/wp-json\/wp\/v2\/posts\/8283\/revisions\/8334"}],"wp:featuredmedia":[{"embeddable":true,"href":"https:\/\/catholiques17.fr\/mir-sg\/wp-json\/wp\/v2\/media\/8275"}],"wp:attachment":[{"href":"https:\/\/catholiques17.fr\/mir-sg\/wp-json\/wp\/v2\/media?parent=8283"}],"wp:term":[{"taxonomy":"category","embeddable":true,"href":"https:\/\/catholiques17.fr\/mir-sg\/wp-json\/wp\/v2\/categories?post=8283"},{"taxonomy":"post_tag","embeddable":true,"href":"https:\/\/catholiques17.fr\/mir-sg\/wp-json\/wp\/v2\/tags?post=8283"}],"curies":[{"name":"wp","href":"https:\/\/api.w.org\/{rel}","templated":true}]}}