{"id":8072,"date":"2025-02-24T14:52:59","date_gmt":"2025-02-24T13:52:59","guid":{"rendered":"https:\/\/catholiques17.fr\/mir-sg\/?p=8072"},"modified":"2025-03-03T17:36:48","modified_gmt":"2025-03-03T16:36:48","slug":"prions-pour-notre-pape-francois","status":"publish","type":"post","link":"https:\/\/catholiques17.fr\/mir-sg\/2025\/02\/24\/prions-pour-notre-pape-francois\/","title":{"rendered":"Prions pour notre Pape Fran\u00e7ois"},"content":{"rendered":"\n[et_pb_section fb_built=\u00a0\u00bb1&Prime; theme_builder_area=\u00a0\u00bbpost_content\u00a0\u00bb _builder_version=\u00a0\u00bb4.27.4&Prime; _module_preset=\u00a0\u00bbdefault\u00a0\u00bb][et_pb_row _builder_version=\u00a0\u00bb4.27.4&Prime; _module_preset=\u00a0\u00bbdefault\u00a0\u00bb global_colors_info=\u00a0\u00bb{}\u00a0\u00bb theme_builder_area=\u00a0\u00bbpost_content\u00a0\u00bb locked=\u00a0\u00bboff\u00a0\u00bb][et_pb_column type=\u00a0\u00bb4_4&Prime; _builder_version=\u00a0\u00bb4.27.4&Prime; _module_preset=\u00a0\u00bbdefault\u00a0\u00bb global_colors_info=\u00a0\u00bb{}\u00a0\u00bb theme_builder_area=\u00a0\u00bbpost_content\u00a0\u00bb][et_pb_text _builder_version=\u00a0\u00bb4.27.4&Prime; _module_preset=\u00a0\u00bbdefault\u00a0\u00bb global_colors_info=\u00a0\u00bb{}\u00a0\u00bb theme_builder_area=\u00a0\u00bbpost_content\u00a0\u00bb]<h3>Les paroisses et les chr\u00e9tiens du dioc\u00e8se de La Rochelle sont invit\u00e9s \u00e0 prier tout sp\u00e9cialement en ces jours pour le pape Fran\u00e7ois, pour le Peuple de Dieu qui lui est confi\u00e9, ainsi que pour tous les malades et les personnes qui souffrent.<\/h3>[\/et_pb_text][et_pb_text _builder_version=\u00a0\u00bb4.27.4&Prime; _module_preset=\u00a0\u00bbdefault\u00a0\u00bb global_colors_info=\u00a0\u00bb{}\u00a0\u00bb theme_builder_area=\u00a0\u00bbpost_content\u00a0\u00bb]<p>Depuis le vendredi 13 f\u00e9vrier 2025, le pape Fran\u00e7ois est hospitalis\u00e9 \u00e0 l&rsquo;h\u00f4pital Gemelli pour une pneumonie. Samedi 22 f\u00e9vrier, le pape a eu une \u00ab\u00a0<em>crise respiratoire asthmatique prolong\u00e9e\u00a0\u00bb<\/em>, selon les mots du Saint-Si\u00e8ge, <span>\u00a0<\/span>qui a n\u00e9cessit\u00e9 l\u2019application d\u2019oxyg\u00e8ne et des transfusions sanguines.<\/p>\n<p>Dimanche 23 f\u00e9vrier au soir, il a \u00e9t\u00e9 annonc\u00e9 que \u00ab<i>l&rsquo;\u00e9tat du Saint-P\u00e8re reste critique<\/i>\u00bb, mais qu&rsquo;il n&rsquo;y a pas eu de \u00ab<i>nouvelles crises respiratoires<\/i>\u00bb depuis samedi soir. Le Pape est alerte, bien orient\u00e9, on lui administre toujours de l&rsquo;oxyg\u00e8ne, le pronostic reste r\u00e9serv\u00e9 en raison de la \u00ab<i>complexit\u00e9 du tableau clinique<\/i>\u00bb, et dans \u00ab<i>l&rsquo;attente n\u00e9cessaire afin que les th\u00e9rapies pharmacologiques donnent des r\u00e9sultats<\/i>\u00bb.<\/p>\n<p>Lundi matin, l&rsquo;h\u00f4pital indiquait : \u00ab <i>La nuit s&rsquo;est bien pass\u00e9e, le Pape a dormi et se repose <\/i>\u00bb.<\/p>[\/et_pb_text][et_pb_image src=\u00a0\u00bbhttps:\/\/catholiques17.fr\/wp-content\/uploads\/2025\/02\/Virgin_salus_populi_romani.jpg\u00a0\u00bb title_text=\u00a0\u00bbVirgin_salus_populi_romani\u00a0\u00bb align=\u00a0\u00bbcenter\u00a0\u00bb _builder_version=\u00a0\u00bb4.27.4&Prime; _module_preset=\u00a0\u00bbdefault\u00a0\u00bb global_colors_info=\u00a0\u00bb{}\u00a0\u00bb theme_builder_area=\u00a0\u00bbpost_content\u00a0\u00bb][\/et_pb_image][et_pb_text _builder_version=\u00a0\u00bb4.27.4&Prime; _module_preset=\u00a0\u00bbdefault\u00a0\u00bb global_colors_info=\u00a0\u00bb{}\u00a0\u00bb theme_builder_area=\u00a0\u00bbpost_content\u00a0\u00bb]<p style=\"text-align: center\"><em>Icone de Marie, Salut du Peuple Romain \u00e0 Rome<\/em><\/p>[\/et_pb_text][et_pb_cta title=\u00a0\u00bbPrions pour le Pape\u00a0\u00bb button_text=\u00a0\u00bbClics\u00a0\u00bb _builder_version=\u00a0\u00bb4.27.4&Prime; _module_preset=\u00a0\u00bbdefault\u00a0\u00bb global_colors_info=\u00a0\u00bb{}\u00a0\u00bb theme_builder_area=\u00a0\u00bbpost_content\u00a0\u00bb]<p style=\"text-align: justify\">A Rome, il a \u00e9t\u00e9 demand\u00e9 aux communaut\u00e9s chr\u00e9tiennes de vivre \u00ab<i>une heure d&rsquo;adoration silencieuse avant la messe des v\u00eapres \u00bb<\/i><span>\u00a0<\/span>afin de prier pour la sant\u00e9 de Fran\u00e7ois. \u00ab<i>Comme une grande famille, nous demandons au Seigneur de donner \u00e0 notre \u00e9v\u00eaque la force n\u00e9cessaire pour affronter ce moment d\u00e9licat \u00bb.<\/i><\/p>\n<p style=\"text-align: justify\">De la m\u00eame mani\u00e8re, les chr\u00e9tiens, les paroisses, les communaut\u00e9s religieuses de Charente-Maritime et de Saint-Pierre et Miquelon, et les p\u00e8lerins du dioc\u00e8se qui partent \u00e0 Rome ces jours-ci sont invit\u00e9s \u00e0 prier pour le Saint-P\u00e8re en ces jours difficiles, en le recommandant tout sp\u00e9cialement \u00e0 Notre-Dame, Salut du Peuple Romain, pour laquelle il a une grande v\u00e9n\u00e9ration.<\/p>\n<p><i><\/i><\/p>\n<div class=\"article__text\">\n<div class=\"article__embed\">\n<p><strong>Sous l\u2019abri de ta mis\u00e9ricorde, nous nous r\u00e9fugions,<\/strong><br \/><strong>Sainte M\u00e8re de Dieu.<\/strong><br \/><strong>Ne m\u00e9prise pas nos pri\u00e8res quand nous sommes dans l\u2019\u00e9preuve,<\/strong><br \/><strong>mais de tous les dangers d\u00e9livre-nous toujours,<\/strong><br \/><strong>Vierge glorieuse et b\u00e9nie.<\/strong><\/p>\n<\/div>\n<\/div>\n<div class=\"article_banner\" id=\"banner-donazioni\"><\/div>\n<p><i><\/i><\/p>\n<p><i><\/i><\/p>[\/et_pb_cta][et_pb_text _builder_version=\u00a0\u00bb4.27.4&Prime; _module_preset=\u00a0\u00bbdefault\u00a0\u00bb hover_enabled=\u00a0\u00bb0&Prime; global_colors_info=\u00a0\u00bb{}\u00a0\u00bb theme_builder_area=\u00a0\u00bbpost_content\u00a0\u00bb sticky_enabled=\u00a0\u00bb0&Prime;]<p><span>Tous les soirs \u00e0 partir du 24 f\u00e9vrier, la pri\u00e8re du chapelet sera r\u00e9cit\u00e9e \u00e0 21h sur la Place Saint-Pierre, pour la sant\u00e9 du pape. La pri\u00e8re d\u2019aujourd\u2019hui du 24 favrier sera pr\u00e9sid\u00e9e par le cardinal Pietro Parolin, et pourra \u00eatre suivie <a href=\"https:\/\/www.youtube.com\/watch?v=JpPE7Bl3_E4\">en direct sur KTO<\/a>.<\/span><\/p>[\/et_pb_text][\/et_pb_column][\/et_pb_row][\/et_pb_section]\n","protected":false},"excerpt":{"rendered":"<p>Les paroisses et les chr\u00e9tiens du dioc\u00e8se de La Rochelle sont invit\u00e9s \u00e0 prier tout sp\u00e9cialement en ces jours pour le pape Fran\u00e7ois, pour le Peuple de Dieu qui lui [&hellip;]<\/p>\n","protected":false},"author":41,"featured_media":8073,"comment_status":"open","ping_status":"open","sticky":false,"template":"","format":"standard","meta":{"_et_pb_use_builder":"on","_et_pb_old_content":"","_et_gb_content_width":"","footnotes":""},"categories":[6],"tags":[],"class_list":["post-8072","post","type-post","status-publish","format-standard","has-post-thumbnail","hentry","category-actualite"],"_links":{"self":[{"href":"https:\/\/catholiques17.fr\/mir-sg\/wp-json\/wp\/v2\/posts\/8072","targetHints":{"allow":["GET"]}}],"collection":[{"href":"https:\/\/catholiques17.fr\/mir-sg\/wp-json\/wp\/v2\/posts"}],"about":[{"href":"https:\/\/catholiques17.fr\/mir-sg\/wp-json\/wp\/v2\/types\/post"}],"author":[{"embeddable":true,"href":"https:\/\/catholiques17.fr\/mir-sg\/wp-json\/wp\/v2\/users\/41"}],"replies":[{"embeddable":true,"href":"https:\/\/catholiques17.fr\/mir-sg\/wp-json\/wp\/v2\/comments?post=8072"}],"version-history":[{"count":4,"href":"https:\/\/catholiques17.fr\/mir-sg\/wp-json\/wp\/v2\/posts\/8072\/revisions"}],"predecessor-version":[{"id":8087,"href":"https:\/\/catholiques17.fr\/mir-sg\/wp-json\/wp\/v2\/posts\/8072\/revisions\/8087"}],"wp:featuredmedia":[{"embeddable":true,"href":"https:\/\/catholiques17.fr\/mir-sg\/wp-json\/wp\/v2\/media\/8073"}],"wp:attachment":[{"href":"https:\/\/catholiques17.fr\/mir-sg\/wp-json\/wp\/v2\/media?parent=8072"}],"wp:term":[{"taxonomy":"category","embeddable":true,"href":"https:\/\/catholiques17.fr\/mir-sg\/wp-json\/wp\/v2\/categories?post=8072"},{"taxonomy":"post_tag","embeddable":true,"href":"https:\/\/catholiques17.fr\/mir-sg\/wp-json\/wp\/v2\/tags?post=8072"}],"curies":[{"name":"wp","href":"https:\/\/api.w.org\/{rel}","templated":true}]}}