{"id":10102,"date":"2026-04-23T19:46:50","date_gmt":"2026-04-23T17:46:50","guid":{"rendered":"https:\/\/catholiques17.fr\/mir-sg\/?p=10102"},"modified":"2026-04-23T19:46:51","modified_gmt":"2026-04-23T17:46:51","slug":"planning-des-messes-mai-2026","status":"publish","type":"post","link":"https:\/\/catholiques17.fr\/mir-sg\/2026\/04\/23\/planning-des-messes-mai-2026\/","title":{"rendered":"Planning des Messes Mai 2026"},"content":{"rendered":"\n[et_pb_section fb_built=\u00a0\u00bb1&Prime; theme_builder_area=\u00a0\u00bbpost_content\u00a0\u00bb _builder_version=\u00a0\u00bb4.27.5&Prime; _module_preset=\u00a0\u00bbdefault\u00a0\u00bb][et_pb_row _builder_version=\u00a0\u00bb4.27.5&Prime; _module_preset=\u00a0\u00bbdefault\u00a0\u00bb theme_builder_area=\u00a0\u00bbpost_content\u00a0\u00bb][et_pb_column _builder_version=\u00a0\u00bb4.27.5&Prime; _module_preset=\u00a0\u00bbdefault\u00a0\u00bb type=\u00a0\u00bb4_4&Prime; theme_builder_area=\u00a0\u00bbpost_content\u00a0\u00bb][et_pb_button button_text=\u00a0\u00bbPlanning de Mail 2026&Prime; _builder_version=\u00a0\u00bb4.27.5&Prime; _module_preset=\u00a0\u00bbdefault\u00a0\u00bb theme_builder_area=\u00a0\u00bbpost_content\u00a0\u00bb sticky_enabled=\u00a0\u00bb0&Prime; url_new_window=\u00a0\u00bbon\u00a0\u00bb custom_button=\u00a0\u00bbon\u00a0\u00bb button_text_color=\u00a0\u00bb#FFFFFF\u00a0\u00bb button_bg_color=\u00a0\u00bb#F49A24&Prime; button_border_width=\u00a0\u00bb4px\u00a0\u00bb button_border_radius=\u00a0\u00bb17px\u00a0\u00bb button_icon=\u00a0\u00bb&#xf1c1;||fa||900&Prime; button_icon_color=\u00a0\u00bb#ff0000&Prime; button_url=\u00a0\u00bbhttps:\/\/catholiques17.fr\/mir-sg\/wp-content\/uploads\/sites\/27\/2026\/04\/PLANNING-DES-MESSES-MOIS-DE-MAI-2026.pdf\u00a0\u00bb hover_enabled=\u00a0\u00bb0&Prime;][\/et_pb_button][\/et_pb_column][\/et_pb_row][et_pb_row _builder_version=\u00a0\u00bb4.27.5&Prime; _module_preset=\u00a0\u00bbdefault\u00a0\u00bb theme_builder_area=\u00a0\u00bbpost_content\u00a0\u00bb][et_pb_column _builder_version=\u00a0\u00bb4.27.5&Prime; _module_preset=\u00a0\u00bbdefault\u00a0\u00bb type=\u00a0\u00bb4_4&Prime; theme_builder_area=\u00a0\u00bbpost_content\u00a0\u00bb][et_pb_text _builder_version=\u00a0\u00bb4.27.5&Prime; _module_preset=\u00a0\u00bbdefault\u00a0\u00bb theme_builder_area=\u00a0\u00bbpost_content\u00a0\u00bb hover_enabled=\u00a0\u00bb0&Prime; sticky_enabled=\u00a0\u00bb0&Prime;]<p><span>Chers paroissiens,<\/span><\/p>\n<div><\/div>\n<div>Voici le planning des messes pour le mois de mai, que nous avons la joie de vous transmettre.<\/div>\n<div><\/div>\n<div>Ce mois de mai d\u00e9di\u00e9 \u00e0 la Vierge Marie, sera marqu\u00e9 par deux belles f\u00eates :\u00a0<\/div>\n<div><\/div>\n<div>&#8211; La f\u00eate de l&rsquo;Ascension, le jeudi 14 mai \u00e0 10h30 c\u00e9l\u00e9br\u00e9e en l&rsquo;\u00e9glise de-Saint-\u00a0 \u00a0 \u00a0Thomas-de-Conac.<\/div>\n<div><\/div>\n<div>&#8211; La f\u00eate de la Pentec\u00f4te, le dimanche 24 mai \u00e0 10h30 c\u00e9l\u00e9br\u00e9e en l&rsquo;\u00e9glise de\u00a0 \u00a0 \u00a0 \u00a0Saint-Ciers-du-Taillon.<\/div>\n<div><\/div>\n<div>Ces temps forts seront des moments de rassemblement pour notre communaut\u00e9 paroissiale.<\/div>\n<div>Merci \u00e0 chacun pour sa pr\u00e9sence fid\u00e8le qui fait vivre nos clochers. Que ce temps fasse grandir en nous la confiance, la paix et la joie.<\/div>\n<div><\/div>\n<div>Bien fraternellement.<\/div>[\/et_pb_text][\/et_pb_column][\/et_pb_row][\/et_pb_section]\n","protected":false},"excerpt":{"rendered":"<p>Chers paroissiens, Voici le planning des messes pour le mois de mai, que nous avons la joie de vous transmettre. Ce mois de mai d\u00e9di\u00e9 \u00e0 la Vierge Marie, sera [&hellip;]<\/p>\n","protected":false},"author":33,"featured_media":4163,"comment_status":"open","ping_status":"open","sticky":false,"template":"","format":"standard","meta":{"_et_pb_use_builder":"on","_et_pb_old_content":"","_et_gb_content_width":"","footnotes":""},"categories":[6,31],"tags":[],"class_list":["post-10102","post","type-post","status-publish","format-standard","has-post-thumbnail","hentry","category-actualite","category-planning-des-messes"],"_links":{"self":[{"href":"https:\/\/catholiques17.fr\/mir-sg\/wp-json\/wp\/v2\/posts\/10102","targetHints":{"allow":["GET"]}}],"collection":[{"href":"https:\/\/catholiques17.fr\/mir-sg\/wp-json\/wp\/v2\/posts"}],"about":[{"href":"https:\/\/catholiques17.fr\/mir-sg\/wp-json\/wp\/v2\/types\/post"}],"author":[{"embeddable":true,"href":"https:\/\/catholiques17.fr\/mir-sg\/wp-json\/wp\/v2\/users\/33"}],"replies":[{"embeddable":true,"href":"https:\/\/catholiques17.fr\/mir-sg\/wp-json\/wp\/v2\/comments?post=10102"}],"version-history":[{"count":3,"href":"https:\/\/catholiques17.fr\/mir-sg\/wp-json\/wp\/v2\/posts\/10102\/revisions"}],"predecessor-version":[{"id":10105,"href":"https:\/\/catholiques17.fr\/mir-sg\/wp-json\/wp\/v2\/posts\/10102\/revisions\/10105"}],"wp:featuredmedia":[{"embeddable":true,"href":"https:\/\/catholiques17.fr\/mir-sg\/wp-json\/wp\/v2\/media\/4163"}],"wp:attachment":[{"href":"https:\/\/catholiques17.fr\/mir-sg\/wp-json\/wp\/v2\/media?parent=10102"}],"wp:term":[{"taxonomy":"category","embeddable":true,"href":"https:\/\/catholiques17.fr\/mir-sg\/wp-json\/wp\/v2\/categories?post=10102"},{"taxonomy":"post_tag","embeddable":true,"href":"https:\/\/catholiques17.fr\/mir-sg\/wp-json\/wp\/v2\/tags?post=10102"}],"curies":[{"name":"wp","href":"https:\/\/api.w.org\/{rel}","templated":true}]}}