{"id":10099,"date":"2026-04-22T18:41:27","date_gmt":"2026-04-22T16:41:27","guid":{"rendered":"https:\/\/catholiques17.fr\/mir-sg\/?p=10099"},"modified":"2026-04-22T18:41:28","modified_gmt":"2026-04-22T16:41:28","slug":"homelie-du-3eme-dimanche-de-paques-annee-a","status":"publish","type":"post","link":"https:\/\/catholiques17.fr\/mir-sg\/2026\/04\/22\/homelie-du-3eme-dimanche-de-paques-annee-a\/","title":{"rendered":"Hom\u00e9lie du 3eme dimanche de P\u00e2ques ann\u00e9e A"},"content":{"rendered":"\n<p><strong>Hom\u00e9lie \u2013 3\u1d49 dimanche de P\u00e2ques (ann\u00e9e A) Luc 24, 13-35 (les disciples d\u2019Emma\u00fcs)<\/strong><\/p>\n\n\n\n<p><\/p>\n\n\n\n<p>Fr\u00e8res et s\u0153urs, l\u2019\u00c9vangile de ce jour nous conduit sur une route, celle qui m\u00e8ne&nbsp;<strong>de J\u00e9rusalem \u00e0 Emma\u00fcs<\/strong>. Une route ordinaire, et pourtant elle devient le lieu d\u2019une rencontre extraordinaire. \u00c0 travers ce r\u00e9cit, c\u2019est aussi notre propre chemin de foi qui est \u00e9clair\u00e9.<\/p>\n\n\n\n<p><strong>1. Le chemin de la d\u00e9ception: quand l\u2019esp\u00e9rance semble s\u2019effondrer<\/strong><\/p>\n\n\n\n<p>Ces deux disciples marchent avec un c\u0153ur lourd. Ils sont tristes, d\u00e9\u00e7us, abattus. Tout ce qu\u2019ils avaient esp\u00e9r\u00e9 semble s\u2019\u00eatre effondr\u00e9. J\u00e9sus, en qui ils avaient mis leur confiance, est mort. Et avec lui, leurs r\u00eaves, leur esp\u00e9rance sont disparues.\u00a0<strong>Alors qu\u2019est ce qu\u2019ils ont fait<\/strong>\u00a0? Ils quittent J\u00e9rusalem (symbole de la pr\u00e9sence de Dieu, le centre de la religiosit\u00e9, l\u2019esp\u00e9rance), ils s\u2019\u00e9loignent de ce lieu pour retourner \u00e0 leur vie d\u2019avant (l\u2019Emma\u00fcs), pour tourner la page car tous ceux qu\u2019ils avaient esp\u00e9r\u00e9s sont effondr\u00e9s.<\/p>\n\n\n\n<p>Combien de fois, nous aussi, nous vivons cette situation&nbsp;? Devant les \u00e9preuves, quand tout ce que nous avons esp\u00e9r\u00e9 n\u2019est pas r\u00e9alis\u00e9, devant les d\u00e9ceptions ou les silences de Dieu, sommes-nous tent\u00e9s de nous \u00e9loigner, d\u2019abandonner, de perdre confiance, de \u00ab quitter J\u00e9rusalem \u00bb int\u00e9rieurement?<\/p>\n\n\n\n<p><strong>2. La pr\u00e9sence discr\u00e8te du Christ : Dieu marche avec nous<\/strong><\/p>\n\n\n\n<p>Et pourtant, c\u2019est pr\u00e9cis\u00e9ment dans ce moment de d\u00e9couragement que J\u00e9sus les rejoint. Il marche avec eux. Mais ils ne le reconnaissent pas. Pourquoi ? Parce qu\u2019ils sont enferm\u00e9s dans leur tristesse, dans leur vision des \u00e9v\u00e9nements. Leur tristesse les emp\u00eache de voir, leur d\u00e9ception les enferme.<\/p>\n\n\n\n<p>Cela aussi nous parle: souvent, dans le moment difficile de notre vie, nous ne voyons plus la pr\u00e9sence de Dieu (dans le deuil, dans la maladie, les probl\u00e8mes sans issus). Mais le Christ est pr\u00e9sent dans nos vies, m\u00eame quand nous ne le percevons pas. Il marche avec nous dans nos nuits, dans nos doutes, dans nos incompr\u00e9hensions. Sa pr\u00e9sence est discr\u00e8te, humble, mais elle est bien r\u00e9elle. Et nous, nous ne voyons pas cette pr\u00e9sence, nous ne le reconnaissons, parce que nous sommes enferm\u00e9s, submerg\u00e9 dans notre d\u00e9ception, dans notre d\u00e9couragement, dans notre souffrance, dans nos probl\u00e8mes.<\/p>\n\n\n\n<p><strong>3. La lumi\u00e8re de la Parole : comprendre autrement notre histoire<\/strong><\/p>\n\n\n\n<p>J\u00e9sus ne s\u2019impose pas. Il s\u2019approche, il marche avec eux, il \u00e9coute, il questionne, il essaie de comprendre. Il accueille leur peine sans les juger. Puis, patiemment, il leur explique les \u00c9critures. Il leur fait comprendre que la croix n\u2019est pas un \u00e9chec, mais un passage vers la vie.<\/p>\n\n\n\n<p>Et peu \u00e0 peu, quelque chose change en eux. Leur c\u0153ur se remet \u00e0 br\u00fbler. Une lumi\u00e8re rena\u00eet dans leur obscurit\u00e9. Ils diront : \u00ab Notre c\u0153ur n\u2019\u00e9tait-il pas br\u00fblant en nous tandis qu\u2019il nous parlait en chemin ? \u00bb<\/p>\n\n\n\n<p>Fr\u00e8res et s\u0153urs, la Parole de Dieu a cette force aujourd\u2019hui encore : elle \u00e9claire nos vies, elle nous aide \u00e0 relire notre histoire autrement, elle nous permet de d\u00e9couvrir que Dieu agit m\u00eame dans ce qui nous semble incompr\u00e9hensible.<\/p>\n\n\n\n<p><strong>4. La reconnaissance dans le partage du pain : l\u2019Eucharistie, lieu de la rencontre<\/strong><\/p>\n\n\n\n<p>Arriv\u00e9s au village, les disciples invitent cet inconnu \u00e0 rester avec eux. Et c\u2019est au moment du repas que tout s\u2019\u00e9claire. J\u00e9sus prend le pain, dit la b\u00e9n\u00e9diction, le rompt et le leur donne. Alors leurs yeux s\u2019ouvrent, et ils le reconnaissent.<\/p>\n\n\n\n<p>Ce geste, nous le connaissons bien. C\u2019est celui de l\u2019Eucharistie. Et pour nous aussi, c\u2019est l\u00e0 que le Christ se rend pr\u00e9sent. Ce n\u2019est pas seulement un rite, mais une rencontre vivante. Il se donne \u00e0 nous, il vient nourrir notre foi, il vient rejoindre nos vies concr\u00e8tes.<\/p>\n\n\n\n<p><strong>5. De la tristesse \u00e0 la mission : devenir t\u00e9moins<\/strong><\/p>\n\n\n\n<p>Et aussit\u00f4t, tout change. Les disciples se l\u00e8vent. Ils repartent vers J\u00e9rusalem, malgr\u00e9 la nuit. Eux qui fuyaient reviennent. Eux qui \u00e9taient tristes deviennent enthousiastes et t\u00e9moins.<\/p>\n\n\n\n<p>Voil\u00e0 ce que produit la rencontre avec le Christ : elle transforme la peur en courage, la tristesse en joie, le d\u00e9couragement en \u00e9lan. Rencontrer le Christ ne peut pas nous laisser immobiles. Nous sommes appel\u00e9s, \u00e0 notre tour, \u00e0 nous lever, \u00e0 avancer, \u00e0 t\u00e9moigner, chacun \u00e0 notre mani\u00e8re, dans notre vie quotidienne.<\/p>\n\n\n\n<p>Fr\u00e8res et s\u0153urs, Cet \u00c9vangile nous pose une question simple et profonde : Sur quelle route sommes-nous aujourd\u2019hui ? Peut-\u00eatre une route de doute, de fatigue ou de perte de sens, de nuit, de d\u00e9ception.<\/p>\n\n\n\n<p>Alors rappelons-nous: Le Christ marche avec nous. Il nous parle dans sa Parole. Il se donne \u00e0 nous dans l\u2019Eucharistie. Demandons la gr\u00e2ce d\u2019un c\u0153ur br\u00fblant, capable de le reconna\u00eetre. Et demandons aussi le courage de nous relever, pour devenir, \u00e0 notre tour, t\u00e9moins de la R\u00e9surrection. Amen.<\/p>\n","protected":false},"excerpt":{"rendered":"<p>Hom\u00e9lie \u2013 3\u1d49 dimanche de P\u00e2ques (ann\u00e9e A) Luc 24, 13-35 (les disciples d\u2019Emma\u00fcs) Fr\u00e8res et s\u0153urs, l\u2019\u00c9vangile de ce jour nous conduit sur une route, celle qui m\u00e8ne&nbsp;de J\u00e9rusalem [&hellip;]<\/p>\n","protected":false},"author":33,"featured_media":9356,"comment_status":"open","ping_status":"open","sticky":false,"template":"","format":"standard","meta":{"_et_pb_use_builder":"off","_et_pb_old_content":"","_et_gb_content_width":"","footnotes":""},"categories":[6,15],"tags":[],"class_list":["post-10099","post","type-post","status-publish","format-standard","has-post-thumbnail","hentry","category-actualite","category-homelie"],"_links":{"self":[{"href":"https:\/\/catholiques17.fr\/mir-sg\/wp-json\/wp\/v2\/posts\/10099","targetHints":{"allow":["GET"]}}],"collection":[{"href":"https:\/\/catholiques17.fr\/mir-sg\/wp-json\/wp\/v2\/posts"}],"about":[{"href":"https:\/\/catholiques17.fr\/mir-sg\/wp-json\/wp\/v2\/types\/post"}],"author":[{"embeddable":true,"href":"https:\/\/catholiques17.fr\/mir-sg\/wp-json\/wp\/v2\/users\/33"}],"replies":[{"embeddable":true,"href":"https:\/\/catholiques17.fr\/mir-sg\/wp-json\/wp\/v2\/comments?post=10099"}],"version-history":[{"count":1,"href":"https:\/\/catholiques17.fr\/mir-sg\/wp-json\/wp\/v2\/posts\/10099\/revisions"}],"predecessor-version":[{"id":10100,"href":"https:\/\/catholiques17.fr\/mir-sg\/wp-json\/wp\/v2\/posts\/10099\/revisions\/10100"}],"wp:featuredmedia":[{"embeddable":true,"href":"https:\/\/catholiques17.fr\/mir-sg\/wp-json\/wp\/v2\/media\/9356"}],"wp:attachment":[{"href":"https:\/\/catholiques17.fr\/mir-sg\/wp-json\/wp\/v2\/media?parent=10099"}],"wp:term":[{"taxonomy":"category","embeddable":true,"href":"https:\/\/catholiques17.fr\/mir-sg\/wp-json\/wp\/v2\/categories?post=10099"},{"taxonomy":"post_tag","embeddable":true,"href":"https:\/\/catholiques17.fr\/mir-sg\/wp-json\/wp\/v2\/tags?post=10099"}],"curies":[{"name":"wp","href":"https:\/\/api.w.org\/{rel}","templated":true}]}}