{"id":10096,"date":"2026-04-19T10:18:11","date_gmt":"2026-04-19T08:18:11","guid":{"rendered":"https:\/\/catholiques17.fr\/mir-sg\/?p=10096"},"modified":"2026-04-22T18:34:31","modified_gmt":"2026-04-22T16:34:31","slug":"homelie-du-dimanche-de-la-divine-misericorde-jn-20-19-31","status":"publish","type":"post","link":"https:\/\/catholiques17.fr\/mir-sg\/2026\/04\/19\/homelie-du-dimanche-de-la-divine-misericorde-jn-20-19-31\/","title":{"rendered":"HOM\u00c9LIE DU DIMANCHE DE LA DIVINE MIS\u00c9RICORDE (Jn 20, 19-31)"},"content":{"rendered":"\n<p>Fr\u00e8res et s\u0153urs bien-aim\u00e9s,<\/p>\n\n\n\n<p>Nous c\u00e9l\u00e9brons aujourd\u2019hui la grande f\u00eate de la&nbsp;<strong>Divine Mis\u00e9ricorde<\/strong>. Cette f\u00eate n\u2019est pas une simple d\u00e9votion parmi d\u2019autres : elle a \u00e9t\u00e9 voulue par J\u00e9sus lui-m\u00eame, comme il l\u2019a r\u00e9v\u00e9l\u00e9 \u00e0 sainte Faustine en disant :&nbsp;<strong><em>\u00ab Je d\u00e9sire que le premier dimanche apr\u00e8s P\u00e2ques soit la f\u00eate de ma mis\u00e9ricorde. \u00bb<\/em><\/strong><\/p>\n\n\n\n<p>\u00c0 sainte Faustine, J\u00e9sus a fait une promesse extraordinaire, pleine d\u2019esp\u00e9rance pour toute l\u2019humanit\u00e9 :&nbsp;<strong><em>\u00abQuiconque s\u2019approche de la source de la vie \u2013 c\u2019est-\u00e0-dire la Confession et la Communion \u2013 parviendra \u00e0 la r\u00e9mission totale des p\u00e9ch\u00e9s et des ch\u00e2timents. \u00bb<\/em><\/strong><\/p>\n\n\n\n<p>Et il ajoute encore :&nbsp;<strong><em>\u00ab L\u2019humanit\u00e9 ne trouvera pas la paix tant qu\u2019elle ne se tournera pas avec confiance vers ma Mis\u00e9ricorde. \u00bb<\/em><\/strong><\/p>\n\n\n\n<p>En ce dimanche, nous sommes donc invit\u00e9s \u00e0 contempler, \u00e0 accueillir et \u00e0 glorifier l\u2019infinie mis\u00e9ricorde de Dieu. La liturgie nous propose de m\u00e9diter trois points essentiels.<\/p>\n\n\n\n<p><strong>1) Dieu est mis\u00e9ricordieux, et nous sommes les b\u00e9n\u00e9ficiaires de son pardon<\/strong><\/p>\n\n\n\n<p><strong>Notre Dieu est un Dieu de mis\u00e9ricorde<\/strong>. Voil\u00e0 la v\u00e9rit\u00e9 fondamentale que cette f\u00eate nous rappelle avec force.<\/p>\n\n\n\n<p>Pour comprendre jusqu\u2019o\u00f9 va cette mis\u00e9ricorde, regardons les \u00e9v\u00e9nements de la Passion de J\u00e9sus. Il a \u00e9t\u00e9 trahi par Judas, reni\u00e9 par Pierre, abandonn\u00e9 par presque tous ses disciples. Au moment de l\u2019\u00e9preuve \u2013 arrestation, jugement, condamnation \u2013 ceux qui avaient promis de rester fid\u00e8les se sont enfuis. Pierre, malgr\u00e9 ses belles paroles, l\u2019a reni\u00e9 trois fois. Judas l\u2019a livr\u00e9. Les disciples n\u2019ont m\u00eame pas pris soin de son corps apr\u00e8s sa mort ; heureusement, Nicod\u00e8me et Joseph d\u2019Arimathie \u00e9taient l\u00e0.<\/p>\n\n\n\n<p>Ce comportement est humainement r\u00e9pr\u00e9hensible. Et si nous sommes honn\u00eates, nous devons reconna\u00eetre que nous aussi, \u00e0 notre mani\u00e8re, nous trahissons, nous renions, nous abandonnons le Seigneur par nos p\u00e9ch\u00e9s, nos faiblesses et nos infid\u00e9lit\u00e9s.<\/p>\n\n\n\n<p>Face \u00e0 tout cela, que fait J\u00e9sus ressuscit\u00e9 ? Aurait-il pu leur faire des reproches ? Oui. Les condamner ? Certainement selon la logique humaine. Mais il ne le fait pas.<\/p>\n\n\n\n<p>Au contraire, il vient au milieu d\u2019eux alors qu\u2019ils sont enferm\u00e9s par peur. Il leur dit : \u00ab La paix soit avec vous. \u00bb Il ne rappelle pas leurs fautes. Il ne les humilie pas. Il leur donne la paix, il leur donne la joie, il leur donne l\u2019Esprit Saint.<\/p>\n\n\n\n<p>Voil\u00e0 la mis\u00e9ricorde de Dieu : une mis\u00e9ricorde qui d\u00e9passe toute logique humaine, une mis\u00e9ricorde qui ne condamne pas mais rel\u00e8ve, qui ne rejette pas mais accueille, qui ne rappelle pas le pass\u00e9 pour accuser, mais pour sauver.<\/p>\n\n\n\n<p>Cette mis\u00e9ricorde est difficile \u00e0 comprendre, car elle va jusqu\u2019\u00e0 pardonner m\u00eame aux bourreaux. Souvenons-nous du bon larron sur la croix : \u00ab J\u00e9sus, souviens-toi de moi\u2026 \u00bb Et J\u00e9sus lui r\u00e9pond : \u00ab Aujourd\u2019hui, avec moi, tu seras dans le Paradis. \u00bb<\/p>\n\n\n\n<p>Pensons aussi \u00e0 la patience de J\u00e9sus envers Thomas, qui doute. J\u00e9sus ne le rejette pas, mais il vient \u00e0 sa rencontre.<\/p>\n\n\n\n<p>Fr\u00e8res et s\u0153urs, la question est simple : avons-nous confiance en cette mis\u00e9ricorde ?<\/p>\n\n\n\n<p><strong>2) J\u00e9sus nous invite \u00e0 exp\u00e9rimenter sa mis\u00e9ricorde dans le sacrement de la r\u00e9conciliation<\/strong><\/p>\n\n\n\n<p>Dans l\u2019\u00c9vangile d\u2019aujourd\u2019hui, J\u00e9sus dit \u00e0 ses ap\u00f4tres :&nbsp;<strong>\u00ab Recevez l\u2019Esprit Saint. \u00c0 qui vous remettrez ses p\u00e9ch\u00e9s, ils seront remis. \u00bb<\/strong><\/p>\n\n\n\n<p>Par ces paroles, J\u00e9sus institue le sacrement de la r\u00e9conciliation et confie \u00e0 l\u2019\u00c9glise le pouvoir de pardonner les p\u00e9ch\u00e9s. Ce n\u2019est pas seulement une belle id\u00e9e : c\u2019est une r\u00e9alit\u00e9 concr\u00e8te que nous sommes invit\u00e9s \u00e0 vivre.<\/p>\n\n\n\n<p>Dieu veut que chacun de nous fasse personnellement l\u2019exp\u00e9rience de son pardon.<\/p>\n\n\n\n<p>Mais une question importante se pose : nous approchons-nous avec confiance du sacrement de la confession?<\/p>\n\n\n\n<p>Pour vivre une bonne confession, l\u2019\u00c9glise nous propose cinq \u00e9tapes essentielles :<\/p>\n\n\n\n<ol start=\"1\" class=\"wp-block-list\">\n<li>Un examen de conscience sinc\u00e8re depuis la derni\u00e8re confession ;<\/li>\n\n\n\n<li>L\u2019aveu humble et complet de nos p\u00e9ch\u00e9s, sans rien cacher volontairement ;<\/li>\n\n\n\n<li>Un regret profond de nos fautes ;<\/li>\n\n\n\n<li>La ferme r\u00e9solution de ne plus recommencer ;<\/li>\n\n\n\n<li>L\u2019accomplissement de la p\u00e9nitence donn\u00e9e par le pr\u00eatre.<\/li>\n<\/ol>\n\n\n\n<p>Ce sacrement n\u2019est pas un tribunal de condamnation, mais une rencontre de mis\u00e9ricorde. C\u2019est l\u00e0 que Dieu nous rel\u00e8ve, nous purifie et nous redonne la paix.<\/p>\n\n\n\n<p><strong>3) Nous sommes appel\u00e9s \u00e0 devenir mis\u00e9ricordieux comme Dieu<\/strong><\/p>\n\n\n\n<p>Enfin, fr\u00e8res et s\u0153urs, nous ne pouvons pas garder la mis\u00e9ricorde pour nous-m\u00eames. Nous sommes appel\u00e9s \u00e0 la transmettre.<\/p>\n\n\n\n<p>J\u00e9sus nous dit : \u00ab&nbsp;<strong>Soyez mis\u00e9ricordieux comme votre P\u00e8re est mis\u00e9ricordieux<\/strong>. \u00bb Et encore : \u00ab&nbsp;<strong>Heureux les mis\u00e9ricordieux, car ils obtiendront mis\u00e9ricorde.<\/strong>&nbsp;\u00bb<\/p>\n\n\n\n<p>Chaque fois que nous prions le Notre P\u00e8re, nous disons :&nbsp;<strong>\u00ab Pardonne-nous nos offenses comme nous pardonnons aussi \u00e0 ceux qui nous ont offens\u00e9s<\/strong>. \u00bb<\/p>\n\n\n\n<p>Cela signifie que nous devenons des canaux de la mis\u00e9ricorde de Dieu.<\/p>\n\n\n\n<p>Mais soyons r\u00e9alistes : il est tr\u00e8s difficile d\u2019\u00eatre mis\u00e9ricordieux si nous ne reconnaissons pas d\u2019abord que nous avons nous-m\u00eames \u00e9t\u00e9 pardonn\u00e9s. Celui qui fait l\u2019exp\u00e9rience de la mis\u00e9ricorde devient capable de pardonner \u00e0 son tour.<\/p>\n\n\n\n<p>J\u00e9sus a fait de son \u00c9glise une communaut\u00e9 de mis\u00e9ricorde, une communaut\u00e9 appel\u00e9e \u00e0 \u00eatre signe et instrument de r\u00e9conciliation pour le monde.<\/p>\n\n\n\n<p>Fr\u00e8res et s\u0153urs, nous sommes donc envoy\u00e9s pour \u00eatre des artisans de paix, des t\u00e9moins du pardon, des instruments de la mis\u00e9ricorde divine.<\/p>\n\n\n\n<p>Que ce dimanche de la Divine Mis\u00e9ricorde ravive en nous la confiance en Dieu, nous rapproche du sacrement de la r\u00e9conciliation, et fasse de chacun de nous un t\u00e9moin vivant de son amour mis\u00e9ricordieux. Amen.<\/p>\n","protected":false},"excerpt":{"rendered":"<p>Fr\u00e8res et s\u0153urs bien-aim\u00e9s, Nous c\u00e9l\u00e9brons aujourd\u2019hui la grande f\u00eate de la&nbsp;Divine Mis\u00e9ricorde. Cette f\u00eate n\u2019est pas une simple d\u00e9votion parmi d\u2019autres : elle a \u00e9t\u00e9 voulue par J\u00e9sus lui-m\u00eame, [&hellip;]<\/p>\n","protected":false},"author":33,"featured_media":9356,"comment_status":"open","ping_status":"open","sticky":false,"template":"","format":"standard","meta":{"_et_pb_use_builder":"off","_et_pb_old_content":"","_et_gb_content_width":"","footnotes":""},"categories":[15],"tags":[],"class_list":["post-10096","post","type-post","status-publish","format-standard","has-post-thumbnail","hentry","category-homelie"],"_links":{"self":[{"href":"https:\/\/catholiques17.fr\/mir-sg\/wp-json\/wp\/v2\/posts\/10096","targetHints":{"allow":["GET"]}}],"collection":[{"href":"https:\/\/catholiques17.fr\/mir-sg\/wp-json\/wp\/v2\/posts"}],"about":[{"href":"https:\/\/catholiques17.fr\/mir-sg\/wp-json\/wp\/v2\/types\/post"}],"author":[{"embeddable":true,"href":"https:\/\/catholiques17.fr\/mir-sg\/wp-json\/wp\/v2\/users\/33"}],"replies":[{"embeddable":true,"href":"https:\/\/catholiques17.fr\/mir-sg\/wp-json\/wp\/v2\/comments?post=10096"}],"version-history":[{"count":2,"href":"https:\/\/catholiques17.fr\/mir-sg\/wp-json\/wp\/v2\/posts\/10096\/revisions"}],"predecessor-version":[{"id":10098,"href":"https:\/\/catholiques17.fr\/mir-sg\/wp-json\/wp\/v2\/posts\/10096\/revisions\/10098"}],"wp:featuredmedia":[{"embeddable":true,"href":"https:\/\/catholiques17.fr\/mir-sg\/wp-json\/wp\/v2\/media\/9356"}],"wp:attachment":[{"href":"https:\/\/catholiques17.fr\/mir-sg\/wp-json\/wp\/v2\/media?parent=10096"}],"wp:term":[{"taxonomy":"category","embeddable":true,"href":"https:\/\/catholiques17.fr\/mir-sg\/wp-json\/wp\/v2\/categories?post=10096"},{"taxonomy":"post_tag","embeddable":true,"href":"https:\/\/catholiques17.fr\/mir-sg\/wp-json\/wp\/v2\/tags?post=10096"}],"curies":[{"name":"wp","href":"https:\/\/api.w.org\/{rel}","templated":true}]}}