{"id":7250,"date":"2022-08-25T12:07:18","date_gmt":"2022-08-25T10:07:18","guid":{"rendered":"https:\/\/catholiques17.fr\/matha\/?p=7250"},"modified":"2025-07-31T21:36:29","modified_gmt":"2025-07-31T19:36:29","slug":"le-cate-a-partir-du-ce2","status":"publish","type":"post","link":"https:\/\/catholiques17.fr\/matha\/le-cate-a-partir-du-ce2\/","title":{"rendered":"Le cat\u00e9 \u00e0 partir du CE2"},"content":{"rendered":"\n<p>Avant le CE2, de 4 \u00e0 8 ans (environ), la proposition est celle de <a href=\"https:\/\/catholiques17.fr\/matha\/leveil-a-la-foi-pour-les-enfants-de-3-a-7-ans\/\" target=\"_blank\" rel=\"noreferrer noopener\">l&rsquo;\u00e9veil \u00e0 la foi <\/a><\/p>\n\n\n\n<p class=\"has-vivid-cyan-blue-color has-text-color\"><strong>Cat\u00e9chisme : du CE2 au CM2<\/strong><\/p>\n\n\n\n<p><a href=\"https:\/\/catholiques17.fr\/matha\/wp-content\/uploads\/sites\/15\/2022\/08\/Proposition-Cate-2025-2026.pdf\" target=\"_blank\" rel=\"noreferrer noopener\">T\u00e9l\u00e9charger la pr\u00e9sentation<\/a> <\/p>\n\n\n\n<p><strong>CE2 :  cat\u00e9chisme avec une participation familiale accompagn\u00e9e : <\/strong><\/p>\n\n\n\n<p>Elle consiste en la pr\u00e9paration de chaque th\u00e8me avec les parents et une rencontre des enfants en groupe le samedi matin. (8 rencontres sur l\u2019ann\u00e9e).<\/p>\n\n\n\n<p>Chaque th\u00e8me est pr\u00e9sent\u00e9 sous la forme d\u2019une BD vie et d\u2019une BD Bible<\/p>\n\n\n\n<p>Premi\u00e8re rencontre&nbsp;des enfants : samedi 11 octobre 2025 \u00e0 10 h \u00e0 la maison paroissiale (25 rue de St H\u00e9rie &#8211; Matha)<\/p>\n\n\n\n<figure class=\"wp-block-image size-medium\"><img loading=\"lazy\" decoding=\"async\" width=\"213\" height=\"300\" src=\"https:\/\/catholiques17.fr\/matha\/wp-content\/uploads\/sites\/15\/2022\/08\/Joie-de-vivre-Joie-de-croire-213x300.jpg\" alt=\"\" class=\"wp-image-7267\" srcset=\"https:\/\/catholiques17.fr\/matha\/wp-content\/uploads\/sites\/15\/2022\/08\/Joie-de-vivre-Joie-de-croire-213x300.jpg 213w, https:\/\/catholiques17.fr\/matha\/wp-content\/uploads\/sites\/15\/2022\/08\/Joie-de-vivre-Joie-de-croire.jpg 337w\" sizes=\"(max-width: 213px) 100vw, 213px\" \/><\/figure>\n\n\n\n<p><strong>CM : les rencontres ont lieu les mercredis \u00e0 10 h<\/strong><\/p>\n\n\n\n<p>Premi\u00e8re rencontre le mercredi 17 septembre 2024<\/p>\n\n\n\n<div class=\"wp-block-media-text is-stacked-on-mobile\" style=\"grid-template-columns:18% auto\"><figure class=\"wp-block-media-text__media\"><img loading=\"lazy\" decoding=\"async\" width=\"147\" height=\"144\" src=\"https:\/\/catholiques17.fr\/matha\/wp-content\/uploads\/sites\/15\/2024\/08\/Dieu-dans-nos-vies.jpg\" alt=\"\" class=\"wp-image-9658 size-full\" \/><\/figure><div class=\"wp-block-media-text__content\">\n<p>Les enfants et accompagnatrices suivent un itin\u00e9raire intitul\u00e9 \u00ab&nbsp;Dieu dans nos vies&nbsp;\u00bb. Cet itin\u00e9raire propose une cat\u00e9ch\u00e8se \u00e0 vivre en famille et en paroisse, au rythme de l\u2019ann\u00e9e liturgique en cours.<\/p>\n\n\n\n<p>Il invite les enfants, leurs parents et les cat\u00e9chistes \u00e0 r\u00e9pondre \u00e0 l\u2019appel de Dieu et \u00e0 reconna\u00eetre sa pr\u00e9sence et sa proximit\u00e9 dans nos vies.<\/p>\n<\/div><\/div>\n\n\n\n<p>Certains enfants pr\u00e9parent leur bapt\u00eame en suivant ce parcours. D\u2019autres se pr\u00e9parent \u00e0 la premi\u00e8re des communions.<\/p>\n\n\n\n<p class=\"has-vivid-cyan-blue-color has-text-color has-link-color wp-elements-43e6073d4c7e88e0dde10dd76b047a17\"><br>2 temps forts dans l&rsquo;ann\u00e9e avec tous les enfants cat\u00e9chis\u00e9s (du CE2 au coll\u00e8ge)<\/p>\n\n\n\n<p>&#8211;&nbsp;Temps fort de No\u00ebl&nbsp;: mercredi 17 d\u00e9cembre 2025 \u00e0 15 h<\/p>\n\n\n\n<p>&#8211; Temps fort de P\u00e2ques&nbsp;: mercredi 1er avril 2026 \u00e0 15 h<\/p>\n\n\n\n<p class=\"has-vivid-cyan-blue-color has-text-color\"><strong>L\u2019Aum\u00f4nerie des 6\u00e8mes et 5\u00e8mes<\/strong><\/p>\n\n\n\n<p>Rencontre une fois par mois, le mercredi de 14 h 30 \u00e0 17 h 30.<\/p>\n\n\n\n<p>Premi\u00e8re rencontre : mercredi 24 septembre 2025<\/p>\n\n\n\n<p class=\"has-vivid-cyan-blue-color has-text-color\"><strong>Contact <\/strong><\/p>\n\n\n\n<p>Maison paroissiale : 25 rue de St H\u00e9rie &#8211; t\u00e9l. 05 46 58 51 82 &#8211; <a href=\"mailto:paroisse-matha@orange.fr\" target=\"_blank\" rel=\"noreferrer noopener\">paroisse-matha@orange.fr<\/a><\/p>\n\n\n\n<p>Val\u00e9rie Mayeur :  06 13 58 23 95<\/p>\n","protected":false},"excerpt":{"rendered":"<p>Avant le CE2, de 4 \u00e0 8 ans (environ), la proposition est celle de l&rsquo;\u00e9veil \u00e0 la foi Cat\u00e9chisme : du CE2 au CM2 T\u00e9l\u00e9charger la pr\u00e9sentation CE2 : cat\u00e9chisme [&hellip;]<\/p>\n","protected":false},"author":20,"featured_media":10675,"comment_status":"open","ping_status":"open","sticky":false,"template":"","format":"standard","meta":{"_et_pb_use_builder":"off","_et_pb_old_content":"","_et_gb_content_width":"","footnotes":""},"categories":[6],"tags":[],"class_list":["post-7250","post","type-post","status-publish","format-standard","has-post-thumbnail","hentry","category-actualite"],"_links":{"self":[{"href":"https:\/\/catholiques17.fr\/matha\/wp-json\/wp\/v2\/posts\/7250","targetHints":{"allow":["GET"]}}],"collection":[{"href":"https:\/\/catholiques17.fr\/matha\/wp-json\/wp\/v2\/posts"}],"about":[{"href":"https:\/\/catholiques17.fr\/matha\/wp-json\/wp\/v2\/types\/post"}],"author":[{"embeddable":true,"href":"https:\/\/catholiques17.fr\/matha\/wp-json\/wp\/v2\/users\/20"}],"replies":[{"embeddable":true,"href":"https:\/\/catholiques17.fr\/matha\/wp-json\/wp\/v2\/comments?post=7250"}],"version-history":[{"count":14,"href":"https:\/\/catholiques17.fr\/matha\/wp-json\/wp\/v2\/posts\/7250\/revisions"}],"predecessor-version":[{"id":10678,"href":"https:\/\/catholiques17.fr\/matha\/wp-json\/wp\/v2\/posts\/7250\/revisions\/10678"}],"wp:featuredmedia":[{"embeddable":true,"href":"https:\/\/catholiques17.fr\/matha\/wp-json\/wp\/v2\/media\/10675"}],"wp:attachment":[{"href":"https:\/\/catholiques17.fr\/matha\/wp-json\/wp\/v2\/media?parent=7250"}],"wp:term":[{"taxonomy":"category","embeddable":true,"href":"https:\/\/catholiques17.fr\/matha\/wp-json\/wp\/v2\/categories?post=7250"},{"taxonomy":"post_tag","embeddable":true,"href":"https:\/\/catholiques17.fr\/matha\/wp-json\/wp\/v2\/tags?post=7250"}],"curies":[{"name":"wp","href":"https:\/\/api.w.org\/{rel}","templated":true}]}}