{"id":6369,"date":"2023-02-17T10:03:05","date_gmt":"2023-02-17T09:03:05","guid":{"rendered":"https:\/\/catholiques17.fr\/marie-eustelle\/?p=6369"},"modified":"2023-03-10T14:23:16","modified_gmt":"2023-03-10T13:23:16","slug":"marie-eustelle-et-la-priere","status":"publish","type":"post","link":"https:\/\/catholiques17.fr\/marie-eustelle\/marie-eustelle-et-la-priere\/","title":{"rendered":"Marie-Eustelle et la pri\u00e8re"},"content":{"rendered":"<p>[et_pb_section fb_built=\u00a0\u00bb1&Prime; theme_builder_area=\u00a0\u00bbpost_content\u00a0\u00bb _builder_version=\u00a0\u00bb4.17.6&Prime; _module_preset=\u00a0\u00bbdefault\u00a0\u00bb][et_pb_row _builder_version=\u00a0\u00bb4.17.6&Prime; _module_preset=\u00a0\u00bbdefault\u00a0\u00bb theme_builder_area=\u00a0\u00bbpost_content\u00a0\u00bb][et_pb_column _builder_version=\u00a0\u00bb4.17.6&Prime; _module_preset=\u00a0\u00bbdefault\u00a0\u00bb type=\u00a0\u00bb4_4&Prime; theme_builder_area=\u00a0\u00bbpost_content\u00a0\u00bb][et_pb_text _builder_version=\u00a0\u00bb4.17.6&Prime; _module_preset=\u00a0\u00bbdefault\u00a0\u00bb theme_builder_area=\u00a0\u00bbpost_content\u00a0\u00bb hover_enabled=\u00a0\u00bb0&Prime; sticky_enabled=\u00a0\u00bb0&Prime;]<\/p>\n<p>\u00ab\u00a0Il est essentiel, pour la disposition \u00e0 la sainte oraison, de travailler \u00e0 acqu\u00e9rir la mortification int\u00e9rieure, qui consiste \u00e0 ruiner ses petits penchants naturels : car plus nous aurons soin de vider notre \u00e2me de nous-m\u00eames, plus l&rsquo;\u00e9poux c\u00e9leste la remplira.<\/p>\n<p>Lorsqu&rsquo;on veut remplir un vase de quelque liqueur pr\u00e9cieuse, on a soin ordinairement de le nettoyer ; de m\u00eame notre \u00e2me a besoin d&rsquo;\u00eatre pure, pour contenir le parfum du don d&rsquo;oraison. Allez \u00e0 J\u00e9sus d\u00e9pouill\u00e9e de vous-m\u00eame, tenez-vous \u00e0 ses pieds comme l&rsquo;amante Madeleine.<\/p>\n<p>La pri\u00e8re est une \u00e9l\u00e9vation de notre c\u0153ur vers Dieu : la connaissance de ce qu&rsquo;il est et de ce que nous sommes suffit, en sa pr\u00e9sence, pour nous maintenir dans l&rsquo;humilit\u00e9 la plus profonde. Dieu est au-dedans de nous, plus que nous ne sommes en nous-m\u00eames. Aussi J\u00e9sus-Christ disait-il : <em>le royaume de Dieu est au-dedans de vous<\/em>. Accoutumez-vous \u00e0 voir notre bon Sauveur pr\u00e9sent dans votre \u00e2me et reposant sur votre c\u0153ur, et cela, durant l&rsquo;oraison.<\/p>\n<p>Soyez, devant lui, comme une plante malade qu&rsquo;on expose aux b\u00e9nignes influences de l&rsquo;astre du jour ; comme un pauvre \u00e0 la porte d&rsquo;un riche ; comme goutte d&rsquo;eau qui s&rsquo;ab\u00eeme dans l&rsquo;Oc\u00e9an ; comme le n\u00e9ant qui se perd dans son tout. Dites comme l&rsquo;aveugle de l&rsquo;\u00c9vangile : <em>Seigneur faites que je voie<\/em>.<\/p>\n<p>C&rsquo;est surtout la divine Eucharistie qui doit \u00eatre le sujet de votre oraison. Lorsque votre c\u0153ur s&rsquo;unit \u00e0 ce Dieu Sauveur, la vue de cette faveur doit occuper votre \u00e2me et l&#8217;embraser du c\u00e9leste amour : demeurez alors calme et paisible, devant J\u00e9sus, comme une statue que son maitre aurait plac\u00e9e dans une niche.<\/p>\n<p>\u00c9coutez J\u00e9sus et r\u00e9pondez-lui int\u00e9rieurement : il entendra bien votre langage. Aimez-le doucement, sans crainte, sans inqui\u00e9tude ; laissez-vous p\u00e9n\u00e9trer de son amour ; les d\u00e9sirs suffisent quelquefois dans la pri\u00e8re, et la confiance la plus parfaite en doit \u00eatre le fruit.<\/p>\n<p>Enfin ne vous rebutez pas des difficult\u00e9s que vous pourrez rencontrer dans cet exercice ; le D\u00e9mon sait le bien qui en r\u00e9sulte : aussi tache-t-il d&rsquo;en d\u00e9tourner les \u00e2mes. Mais ayez bon courage ; aimez beaucoup.<\/p>\n<p>Pour cela, il faut du temps : le jardinier qui s\u00e8me n&rsquo;est pas pr\u00eat \u00e0 recueillir des fruits : il attend que le pepin qu&rsquo;il a confi\u00e9 \u00e0 la terre devienne un rejeton, et qu&rsquo;il grandisse ; puis il y ins\u00e8re la greffe ; autrement il ne serait qu&rsquo;un sauvageon ; il lui donne, s&rsquo;il est n\u00e9cessaire, un tuteur pour le soutenir ; il le soigne lui-m\u00eame ; il le taille, quand le temps est venu. Ce n&rsquo;est qu&rsquo;apr\u00e8s tous ces soins divers, que l&rsquo;arbre enfin produit des fleurs qui, plus tard, se changent en fruits. Il en est de m\u00eame de notre \u00e2me. Le jardinier qui la cultive, c&rsquo;est J\u00e9sus ; mais il faut que nous coop\u00e9rions \u00e0 sa culture ; cette coop\u00e9ration est facile : la gr\u00e2ce est l\u00e0 pour nous assister. Comptez donc bien sur son secours.<\/p>\n<p>Aimez l&rsquo;oraison : elle est la source de l\u2019union avec le Dieu Sauveur ; elle seule dispose d&rsquo;une mani\u00e8re parfaite \u00e0 la sainte communion. Faites-en vos d\u00e9lices.\u00a0\u00bb \u00a0\u00a0\u00a0\u00a0<\/p>\n<p>(CIX<sup>e<\/sup> lettre de Marie-Eustelle Harpain)<\/p>\n<p>[\/et_pb_text][\/et_pb_column][\/et_pb_row][\/et_pb_section]<\/p>\n","protected":false},"excerpt":{"rendered":"<p>\u00ab\u00a0Il est essentiel, pour la disposition \u00e0 la sainte oraison, de travailler \u00e0 acqu\u00e9rir la mortification int\u00e9rieure, qui consiste \u00e0 ruiner ses petits penchants naturels : car plus nous aurons [&hellip;]<\/p>\n","protected":false},"author":41,"featured_media":0,"comment_status":"open","ping_status":"open","sticky":false,"template":"","format":"standard","meta":{"_et_pb_use_builder":"on","_et_pb_old_content":"<!-- wp:divi\/placeholder \/-->","_et_gb_content_width":"","footnotes":""},"categories":[6,17],"tags":[],"class_list":["post-6369","post","type-post","status-publish","format-standard","hentry","category-actualite","category-marie-eustelle-et"],"_links":{"self":[{"href":"https:\/\/catholiques17.fr\/marie-eustelle\/wp-json\/wp\/v2\/posts\/6369","targetHints":{"allow":["GET"]}}],"collection":[{"href":"https:\/\/catholiques17.fr\/marie-eustelle\/wp-json\/wp\/v2\/posts"}],"about":[{"href":"https:\/\/catholiques17.fr\/marie-eustelle\/wp-json\/wp\/v2\/types\/post"}],"author":[{"embeddable":true,"href":"https:\/\/catholiques17.fr\/marie-eustelle\/wp-json\/wp\/v2\/users\/41"}],"replies":[{"embeddable":true,"href":"https:\/\/catholiques17.fr\/marie-eustelle\/wp-json\/wp\/v2\/comments?post=6369"}],"version-history":[{"count":3,"href":"https:\/\/catholiques17.fr\/marie-eustelle\/wp-json\/wp\/v2\/posts\/6369\/revisions"}],"predecessor-version":[{"id":6548,"href":"https:\/\/catholiques17.fr\/marie-eustelle\/wp-json\/wp\/v2\/posts\/6369\/revisions\/6548"}],"wp:attachment":[{"href":"https:\/\/catholiques17.fr\/marie-eustelle\/wp-json\/wp\/v2\/media?parent=6369"}],"wp:term":[{"taxonomy":"category","embeddable":true,"href":"https:\/\/catholiques17.fr\/marie-eustelle\/wp-json\/wp\/v2\/categories?post=6369"},{"taxonomy":"post_tag","embeddable":true,"href":"https:\/\/catholiques17.fr\/marie-eustelle\/wp-json\/wp\/v2\/tags?post=6369"}],"curies":[{"name":"wp","href":"https:\/\/api.w.org\/{rel}","templated":true}]}}