{"id":6368,"date":"2023-02-17T10:03:08","date_gmt":"2023-02-17T09:03:08","guid":{"rendered":"https:\/\/catholiques17.fr\/marie-eustelle\/?p=6368"},"modified":"2023-04-27T19:10:42","modified_gmt":"2023-04-27T17:10:42","slug":"marie-eustelle-et-jesus","status":"publish","type":"post","link":"https:\/\/catholiques17.fr\/marie-eustelle\/marie-eustelle-et-jesus\/","title":{"rendered":"Marie-Eustelle et J\u00e9sus"},"content":{"rendered":"<p>[et_pb_section fb_built=\u00a0\u00bb1&Prime; theme_builder_area=\u00a0\u00bbpost_content\u00a0\u00bb _builder_version=\u00a0\u00bb4.17.6&Prime; _module_preset=\u00a0\u00bbdefault\u00a0\u00bb][et_pb_row _builder_version=\u00a0\u00bb4.17.6&Prime; _module_preset=\u00a0\u00bbdefault\u00a0\u00bb theme_builder_area=\u00a0\u00bbpost_content\u00a0\u00bb][et_pb_column _builder_version=\u00a0\u00bb4.17.6&Prime; _module_preset=\u00a0\u00bbdefault\u00a0\u00bb type=\u00a0\u00bb4_4&Prime; theme_builder_area=\u00a0\u00bbpost_content\u00a0\u00bb][et_pb_testimonial author=\u00a0\u00bbMarie-Eustelle Harpain\u00a0\u00bb portrait_url=\u00a0\u00bbhttps:\/\/catholiques17.fr\/marie-eustelle\/wp-content\/uploads\/sites\/35\/2023\/02\/Marie-Eustelle-detoure-Copie.png\u00a0\u00bb _builder_version=\u00a0\u00bb4.17.6&Prime; _module_preset=\u00a0\u00bbdefault\u00a0\u00bb theme_builder_area=\u00a0\u00bbpost_content\u00a0\u00bb hover_enabled=\u00a0\u00bb0&Prime; sticky_enabled=\u00a0\u00bb0&Prime; company_name=\u00a0\u00bb(45e lettre)\u00a0\u00bb title_text=\u00a0\u00bbMarie Eustelle d\u00e9tour\u00e9 &#8211; Copie\u00a0\u00bb]<\/p>\n<p style=\"margin: 0cm; margin-bottom: .0001pt; vertical-align: baseline;\"><span style=\"font-size: 10.5pt; font-family: 'Open Sans',sans-serif;\">\u00ab Oh ! que J\u00e9sus est bon ! C\u2019est l\u2019ami le plus tendre, le fr\u00e8re le plus compatissant, l\u2019\u00e9poux le plus ravissant ; c\u2019est la vie des \u00e2mes, le roi des anges, la f\u00e9licit\u00e9 des saints ; ma joie, ma lumi\u00e8re, ma vie, mes d\u00e9sirs, mes souvenirs, ma pens\u00e9e, mon occupation, mes d\u00e9lices, ma b\u00e9atitude, et plus que tout cela encore. \u00bb<o:p><\/o:p><\/span><\/p>\n<p>[\/et_pb_testimonial][et_pb_testimonial author=\u00a0\u00bbMarie-Eustelle Harpain\u00a0\u00bb portrait_url=\u00a0\u00bbhttps:\/\/catholiques17.fr\/marie-eustelle\/wp-content\/uploads\/sites\/35\/2023\/02\/Marie-Eustelle-detoure-Copie.png\u00a0\u00bb _builder_version=\u00a0\u00bb4.17.6&Prime; _module_preset=\u00a0\u00bbdefault\u00a0\u00bb theme_builder_area=\u00a0\u00bbpost_content\u00a0\u00bb hover_enabled=\u00a0\u00bb0&Prime; sticky_enabled=\u00a0\u00bb0&Prime; job_title=\u00a0\u00bb(52e lettre)\u00a0\u00bb title_text=\u00a0\u00bbMarie Eustelle d\u00e9tour\u00e9 &#8211; Copie\u00a0\u00bb]<\/p>\n<p style=\"margin: 0cm; margin-bottom: .0001pt; vertical-align: baseline;\"><span style=\"font-size: 10.5pt; font-family: 'Open Sans',sans-serif;\">\u00ab Quand J\u00e9sus est plac\u00e9 sur l\u2019autel, quand j\u2019aper\u00e7ois ou l\u2019ostensoir dans lequel il est plac\u00e9, ou le ciboire o\u00f9 il repose, j\u2019\u00e9prouve un sentiment de respect et d\u2019amour qui p\u00e9n\u00e8tre et remplit tout mon \u00eatre. Le sentir si pr\u00e8s de moi me remplit d\u2019une joie divine. (\u2026) Sa pr\u00e9sence remplit mon \u00e2me et l\u2019inonde d\u2019un bonheur, d\u2019une joie, d\u2019une paix inexprimable. (\u2026) Le vase de mon c\u0153ur est plein, et malgr\u00e9 moi il d\u00e9borde. Aimez donc bien J\u00e9sus. J\u2019ai la conviction d\u00e9j\u00e0 que vous l\u2019aimez ; mais je prie Dieu, chaque jour, que cet amour s\u2019accroisse ; faites la m\u00eame pri\u00e8re pour moi. \u00bb<o:p><\/o:p><\/span><\/p>\n<p>[\/et_pb_testimonial][et_pb_testimonial author=\u00a0\u00bbMarie-Eustelle Harpain\u00a0\u00bb portrait_url=\u00a0\u00bbhttps:\/\/catholiques17.fr\/marie-eustelle\/wp-content\/uploads\/sites\/35\/2023\/02\/Marie-Eustelle-detoure-Copie.png\u00a0\u00bb _builder_version=\u00a0\u00bb4.17.6&Prime; _module_preset=\u00a0\u00bbdefault\u00a0\u00bb theme_builder_area=\u00a0\u00bbpost_content\u00a0\u00bb hover_enabled=\u00a0\u00bb0&Prime; sticky_enabled=\u00a0\u00bb0&Prime; custom_padding=\u00a0\u00bb30px|||||\u00a0\u00bb job_title=\u00a0\u00bb(164e lettre)\u00a0\u00bb title_text=\u00a0\u00bbMarie Eustelle d\u00e9tour\u00e9 &#8211; Copie\u00a0\u00bb]<\/p>\n<p style=\"margin: 0cm; margin-bottom: .0001pt; vertical-align: baseline;\"><span style=\"font-size: 10.5pt; font-family: 'Open Sans',sans-serif;\"><o:p>\u00a0<\/o:p><\/span><span style=\"font-size: 10.5pt; font-family: 'Open Sans',sans-serif;\">\u00ab L\u2019Eucharistie est l\u2019abr\u00e9g\u00e9 et le m\u00e9morial du myst\u00e8re de la croix. Adorez, aimez, comprenez, en ce qui peut \u00eatre compris, ce sacrement ineffable : la science de J\u00e9sus, l\u2019amour de J\u00e9sus crucifi\u00e9. \u00bb\u00a0<o:p><\/o:p><\/span><\/p>\n<p style=\"margin: 0cm; margin-bottom: .0001pt; vertical-align: baseline;\"><span style=\"font-size: 10.5pt; font-family: 'Open Sans',sans-serif;\"><o:p>\u00a0<\/o:p><\/span><\/p>\n<p>[\/et_pb_testimonial][\/et_pb_column][\/et_pb_row][\/et_pb_section]<\/p>\n","protected":false},"excerpt":{"rendered":"<p>\u00ab Oh ! que J\u00e9sus est bon ! C\u2019est l\u2019ami le plus tendre, le fr\u00e8re le plus compatissant, l\u2019\u00e9poux le plus ravissant ; c\u2019est la vie des \u00e2mes, le roi [&hellip;]<\/p>\n","protected":false},"author":41,"featured_media":0,"comment_status":"open","ping_status":"open","sticky":false,"template":"","format":"standard","meta":{"_et_pb_use_builder":"on","_et_pb_old_content":"","_et_gb_content_width":"","footnotes":""},"categories":[6,17],"tags":[],"class_list":["post-6368","post","type-post","status-publish","format-standard","hentry","category-actualite","category-marie-eustelle-et"],"_links":{"self":[{"href":"https:\/\/catholiques17.fr\/marie-eustelle\/wp-json\/wp\/v2\/posts\/6368","targetHints":{"allow":["GET"]}}],"collection":[{"href":"https:\/\/catholiques17.fr\/marie-eustelle\/wp-json\/wp\/v2\/posts"}],"about":[{"href":"https:\/\/catholiques17.fr\/marie-eustelle\/wp-json\/wp\/v2\/types\/post"}],"author":[{"embeddable":true,"href":"https:\/\/catholiques17.fr\/marie-eustelle\/wp-json\/wp\/v2\/users\/41"}],"replies":[{"embeddable":true,"href":"https:\/\/catholiques17.fr\/marie-eustelle\/wp-json\/wp\/v2\/comments?post=6368"}],"version-history":[{"count":3,"href":"https:\/\/catholiques17.fr\/marie-eustelle\/wp-json\/wp\/v2\/posts\/6368\/revisions"}],"predecessor-version":[{"id":6571,"href":"https:\/\/catholiques17.fr\/marie-eustelle\/wp-json\/wp\/v2\/posts\/6368\/revisions\/6571"}],"wp:attachment":[{"href":"https:\/\/catholiques17.fr\/marie-eustelle\/wp-json\/wp\/v2\/media?parent=6368"}],"wp:term":[{"taxonomy":"category","embeddable":true,"href":"https:\/\/catholiques17.fr\/marie-eustelle\/wp-json\/wp\/v2\/categories?post=6368"},{"taxonomy":"post_tag","embeddable":true,"href":"https:\/\/catholiques17.fr\/marie-eustelle\/wp-json\/wp\/v2\/tags?post=6368"}],"curies":[{"name":"wp","href":"https:\/\/api.w.org\/{rel}","templated":true}]}}