{"id":6313,"date":"2023-02-16T09:48:16","date_gmt":"2023-02-16T08:48:16","guid":{"rendered":"https:\/\/catholiques17.fr\/marie-eustelle\/?p=6313"},"modified":"2023-05-31T16:19:37","modified_gmt":"2023-05-31T14:19:37","slug":"lecole-marie-eustelle","status":"publish","type":"post","link":"https:\/\/catholiques17.fr\/marie-eustelle\/lecole-marie-eustelle\/","title":{"rendered":"L&rsquo;\u00e9cole Marie-Eustelle"},"content":{"rendered":"<p>[et_pb_section fb_built=\u00a0\u00bb1&Prime; admin_label=\u00a0\u00bbsection\u00a0\u00bb _builder_version=\u00a0\u00bb4.16&Prime; global_colors_info=\u00a0\u00bb{}\u00a0\u00bb theme_builder_area=\u00a0\u00bbpost_content\u00a0\u00bb][et_pb_row admin_label=\u00a0\u00bbrow\u00a0\u00bb _builder_version=\u00a0\u00bb4.16&Prime; background_size=\u00a0\u00bbinitial\u00a0\u00bb background_position=\u00a0\u00bbtop_left\u00a0\u00bb background_repeat=\u00a0\u00bbrepeat\u00a0\u00bb global_colors_info=\u00a0\u00bb{}\u00a0\u00bb theme_builder_area=\u00a0\u00bbpost_content\u00a0\u00bb][et_pb_column type=\u00a0\u00bb4_4&Prime; _builder_version=\u00a0\u00bb4.16&Prime; custom_padding=\u00a0\u00bb|||\u00a0\u00bb global_colors_info=\u00a0\u00bb{}\u00a0\u00bb custom_padding__hover=\u00a0\u00bb|||\u00a0\u00bb theme_builder_area=\u00a0\u00bbpost_content\u00a0\u00bb][et_pb_text admin_label=\u00a0\u00bbText\u00a0\u00bb _builder_version=\u00a0\u00bb4.17.6&Prime; background_size=\u00a0\u00bbinitial\u00a0\u00bb background_position=\u00a0\u00bbtop_left\u00a0\u00bb background_repeat=\u00a0\u00bbrepeat\u00a0\u00bb global_colors_info=\u00a0\u00bb{}\u00a0\u00bb theme_builder_area=\u00a0\u00bbpost_content\u00a0\u00bb]<!-- divi:paragraph --><\/p>\n<p style=\"margin: 0cm; margin-bottom: .0001pt;\"><span style=\"font-size: 10.5pt; font-family: 'Open Sans',sans-serif; color: #666666;\">Marie-Eustelle n&rsquo;avait qu&rsquo;une seule v\u00e9ritable et proche confidente a\u0300 qui elle se permettait quelquefois, pour d\u00e9charger son c\u0153ur, de faire part des gr\u00e2ces extraordinaires qu&rsquo;elle recevait de son Seigneur.<\/span><\/p>\n<p style=\"margin: 0cm; margin-bottom: .0001pt;\"><span style=\"font-size: 10.5pt; font-family: 'Open Sans',sans-serif; color: #666666;\"><o:p><\/o:p><\/span><span style=\"font-size: 10.5pt; font-family: 'Open Sans',sans-serif; color: #666666;\">S\u0153ur Anastasie appartenait a\u0300 la congr\u00e9gation des s\u0153urs de la Providence de Saintes, fond\u00e9e apr\u00e8s le Concordat ; et c&rsquo;est elle qui fut charg\u00e9e d&rsquo;aller faire l&rsquo;\u00e9cole aux petites filles du faubourg de Saint-Pallais, la\u0300 ou\u0300 la Providence poss\u00e9dait un modeste \u00e9tablissement pour cet usage.<\/span><\/p>\n<p style=\"margin: 0cm; margin-bottom: .0001pt;\"><span style=\"color: #666666; font-family: 'Open Sans', sans-serif; font-size: 10.5pt;\">Nous pouvons imaginer que se trouve ici-m\u00eame l&rsquo;origine de l\u2019\u00e9cole qui porte encore aujourd&rsquo;hui le nom de \u00a0\u00bb Marie-Eustelle\u00a0\u00bb.<\/span><\/p>\n<p>&nbsp;<\/p>\n<p>&nbsp;<\/p>\n<p><!-- \/divi:paragraph -->[\/et_pb_text][\/et_pb_column][\/et_pb_row][\/et_pb_section]<\/p>\n","protected":false},"excerpt":{"rendered":"<p>Marie-Eustelle n&rsquo;avait qu&rsquo;une seule v\u00e9ritable et proche confidente a\u0300 qui elle se permettait quelquefois, pour d\u00e9charger son c\u0153ur, de faire part des gr\u00e2ces extraordinaires qu&rsquo;elle recevait de son Seigneur. S\u0153ur [&hellip;]<\/p>\n","protected":false},"author":41,"featured_media":6585,"comment_status":"open","ping_status":"open","sticky":false,"template":"","format":"standard","meta":{"_et_pb_use_builder":"on","_et_pb_old_content":"<!-- wp:paragraph -->\n<p>La m\u00e9moire de Marie-Eustelle Harpain est toujours vive \u00e0 Saintes. <\/p>\n<!-- \/wp:paragraph -->\n\n<!-- wp:paragraph -->\n<p>Quelques ann\u00e9es apr\u00e8s sa mort, sa tombe est transf\u00e9r\u00e9e du cimeti\u00e8re communal \u00e0 l'int\u00e9rieur de l'\u00e9glise Saint-Pallais. Un vitrail la repr\u00e9sentant en pri\u00e8re est install\u00e9 dans la cath\u00e9drale. Une \u00e9cole catholique porte encore son nom aujourd'hui, au sein du quartier o\u00f9 elle a v\u00e9cu.<\/p>\n<!-- \/wp:paragraph -->\n\n<!-- wp:paragraph -->\n<p><a href=\"https:\/\/ecolemarieeustelle.wordpress.com\/\">Ecole Marie-Eustelle de Saintes<\/a><\/p>\n<!-- \/wp:paragraph -->\n\n<!-- wp:paragraph -->\n<p>A Marans, au nord de la Charente-Maritime, un autre ensemble scolaire porte le nom de Marie-Eustelle.<\/p>\n<!-- \/wp:paragraph -->\n\n<!-- wp:paragraph -->\n<p><a href=\"https:\/\/www.marie-eustelle.fr\/index.html\">Ensemble scolaire Marie-Eustelle de Marans<\/a><\/p>\n<!-- \/wp:paragraph -->","_et_gb_content_width":"","footnotes":""},"categories":[1],"tags":[],"class_list":["post-6313","post","type-post","status-publish","format-standard","has-post-thumbnail","hentry","category-non-classe"],"_links":{"self":[{"href":"https:\/\/catholiques17.fr\/marie-eustelle\/wp-json\/wp\/v2\/posts\/6313","targetHints":{"allow":["GET"]}}],"collection":[{"href":"https:\/\/catholiques17.fr\/marie-eustelle\/wp-json\/wp\/v2\/posts"}],"about":[{"href":"https:\/\/catholiques17.fr\/marie-eustelle\/wp-json\/wp\/v2\/types\/post"}],"author":[{"embeddable":true,"href":"https:\/\/catholiques17.fr\/marie-eustelle\/wp-json\/wp\/v2\/users\/41"}],"replies":[{"embeddable":true,"href":"https:\/\/catholiques17.fr\/marie-eustelle\/wp-json\/wp\/v2\/comments?post=6313"}],"version-history":[{"count":8,"href":"https:\/\/catholiques17.fr\/marie-eustelle\/wp-json\/wp\/v2\/posts\/6313\/revisions"}],"predecessor-version":[{"id":6611,"href":"https:\/\/catholiques17.fr\/marie-eustelle\/wp-json\/wp\/v2\/posts\/6313\/revisions\/6611"}],"wp:featuredmedia":[{"embeddable":true,"href":"https:\/\/catholiques17.fr\/marie-eustelle\/wp-json\/wp\/v2\/media\/6585"}],"wp:attachment":[{"href":"https:\/\/catholiques17.fr\/marie-eustelle\/wp-json\/wp\/v2\/media?parent=6313"}],"wp:term":[{"taxonomy":"category","embeddable":true,"href":"https:\/\/catholiques17.fr\/marie-eustelle\/wp-json\/wp\/v2\/categories?post=6313"},{"taxonomy":"post_tag","embeddable":true,"href":"https:\/\/catholiques17.fr\/marie-eustelle\/wp-json\/wp\/v2\/tags?post=6313"}],"curies":[{"name":"wp","href":"https:\/\/api.w.org\/{rel}","templated":true}]}}