{"id":6312,"date":"2023-02-16T10:09:43","date_gmt":"2023-02-16T09:09:43","guid":{"rendered":"https:\/\/catholiques17.fr\/marie-eustelle\/?p=6312"},"modified":"2023-05-31T16:18:53","modified_gmt":"2023-05-31T14:18:53","slug":"la-cathedrale-saint-pierre","status":"publish","type":"post","link":"https:\/\/catholiques17.fr\/marie-eustelle\/la-cathedrale-saint-pierre\/","title":{"rendered":"La cath\u00e9drale Saint-Pierre"},"content":{"rendered":"\n[et_pb_section fb_built=\u00a0\u00bb1&Prime; _builder_version=\u00a0\u00bb4.17.6&Prime; _module_preset=\u00a0\u00bbdefault\u00a0\u00bb global_colors_info=\u00a0\u00bb{}\u00a0\u00bb theme_builder_area=\u00a0\u00bbpost_content\u00a0\u00bb][et_pb_row column_structure=\u00a0\u00bb2_3,1_3&Prime; _builder_version=\u00a0\u00bb4.17.6&Prime; _module_preset=\u00a0\u00bbdefault\u00a0\u00bb global_colors_info=\u00a0\u00bb{}\u00a0\u00bb theme_builder_area=\u00a0\u00bbpost_content\u00a0\u00bb][et_pb_column type=\u00a0\u00bb2_3&Prime; _builder_version=\u00a0\u00bb4.17.6&Prime; _module_preset=\u00a0\u00bbdefault\u00a0\u00bb global_colors_info=\u00a0\u00bb{}\u00a0\u00bb theme_builder_area=\u00a0\u00bbpost_content\u00a0\u00bb][et_pb_text _builder_version=\u00a0\u00bb4.17.6&Prime; _module_preset=\u00a0\u00bbdefault\u00a0\u00bb hover_enabled=\u00a0\u00bb0&Prime; global_colors_info=\u00a0\u00bb{}\u00a0\u00bb theme_builder_area=\u00a0\u00bbpost_content\u00a0\u00bb sticky_enabled=\u00a0\u00bb0&Prime;]<p>La ville de Saintes fut le si\u00e8ge d\u2019un \u00e9v\u00each\u00e9 depuis les premiers si\u00e8cles de la chr\u00e9tient\u00e9 jusqu\u2019\u00e0 la R\u00e9volution. Du premier \u00e9v\u00eaque, saint Eutrope, martyris\u00e9 dans les ar\u00e8nes de Saintes, jusqu\u2019a ddernier, le bienheureux Pierre-Louis de la Rochefoucauld, lui aussi martyris\u00e9, \u00e0 Paris pendant la R\u00e9volution, on en compte une petite centaine.<\/p>\n<p>Les dioc\u00e8ses de Saintes et de La Rochelle furent r\u00e9unis apr\u00e8s la R\u00e9volution, pour ne former qu\u2019un seul dioc\u00e8se, le dioc\u00e8se de La Rochelle,\u00a0qui correspond aux limites du d\u00e9partement de la Charente-Maritime. Malgr\u00e9 tout, il y a toujours une cath\u00e9drale \u00e0 Saintes, et l\u2019\u00e9v\u00eaque porte le titre d\u2019\u00e9v\u00eaque de La Rochelle et Saintes.<\/p>\n<p>Dans la cath\u00e9drale Saint-Pierre, maintes fois d\u00e9truite et reconstruite au cours des si\u00e8cles, un vitrail du d\u00e9ambulatoire fait m\u00e9moire de Marie-Eustelle Harpain. On la voit en pri\u00e8re devant le Saint-Sacrement.<\/p>[\/et_pb_text][\/et_pb_column][et_pb_column type=\u00a0\u00bb1_3&Prime; _builder_version=\u00a0\u00bb4.17.6&Prime; _module_preset=\u00a0\u00bbdefault\u00a0\u00bb global_colors_info=\u00a0\u00bb{}\u00a0\u00bb theme_builder_area=\u00a0\u00bbpost_content\u00a0\u00bb][et_pb_image src=\u00a0\u00bbhttps:\/\/catholiques17.fr\/marie-eustelle\/wp-content\/uploads\/sites\/35\/2023\/02\/Marie-Eustelle-Harpain-vitrail.jpg\u00a0\u00bb title_text=\u00a0\u00bbMarie-Eustelle Harpain vitrail\u00a0\u00bb _builder_version=\u00a0\u00bb4.17.6&Prime; _module_preset=\u00a0\u00bbdefault\u00a0\u00bb global_colors_info=\u00a0\u00bb{}\u00a0\u00bb theme_builder_area=\u00a0\u00bbpost_content\u00a0\u00bb][\/et_pb_image][\/et_pb_column][\/et_pb_row][\/et_pb_section]\n","protected":false},"excerpt":{"rendered":"<p>La ville de Saintes fut le si\u00e8ge d\u2019un \u00e9v\u00each\u00e9 depuis les premiers si\u00e8cles de la chr\u00e9tient\u00e9 jusqu\u2019\u00e0 la R\u00e9volution. Du premier \u00e9v\u00eaque, saint Eutrope, martyris\u00e9 dans les ar\u00e8nes de Saintes, [&hellip;]<\/p>\n","protected":false},"author":41,"featured_media":6606,"comment_status":"open","ping_status":"open","sticky":false,"template":"","format":"standard","meta":{"_et_pb_use_builder":"on","_et_pb_old_content":"<!-- wp:image -->\n<figure class=\"wp-block-image\"><img alt=\"\"\/><\/figure>\n<!-- \/wp:image -->","_et_gb_content_width":"","footnotes":""},"categories":[1],"tags":[],"class_list":["post-6312","post","type-post","status-publish","format-standard","has-post-thumbnail","hentry","category-non-classe"],"_links":{"self":[{"href":"https:\/\/catholiques17.fr\/marie-eustelle\/wp-json\/wp\/v2\/posts\/6312","targetHints":{"allow":["GET"]}}],"collection":[{"href":"https:\/\/catholiques17.fr\/marie-eustelle\/wp-json\/wp\/v2\/posts"}],"about":[{"href":"https:\/\/catholiques17.fr\/marie-eustelle\/wp-json\/wp\/v2\/types\/post"}],"author":[{"embeddable":true,"href":"https:\/\/catholiques17.fr\/marie-eustelle\/wp-json\/wp\/v2\/users\/41"}],"replies":[{"embeddable":true,"href":"https:\/\/catholiques17.fr\/marie-eustelle\/wp-json\/wp\/v2\/comments?post=6312"}],"version-history":[{"count":4,"href":"https:\/\/catholiques17.fr\/marie-eustelle\/wp-json\/wp\/v2\/posts\/6312\/revisions"}],"predecessor-version":[{"id":6609,"href":"https:\/\/catholiques17.fr\/marie-eustelle\/wp-json\/wp\/v2\/posts\/6312\/revisions\/6609"}],"wp:featuredmedia":[{"embeddable":true,"href":"https:\/\/catholiques17.fr\/marie-eustelle\/wp-json\/wp\/v2\/media\/6606"}],"wp:attachment":[{"href":"https:\/\/catholiques17.fr\/marie-eustelle\/wp-json\/wp\/v2\/media?parent=6312"}],"wp:term":[{"taxonomy":"category","embeddable":true,"href":"https:\/\/catholiques17.fr\/marie-eustelle\/wp-json\/wp\/v2\/categories?post=6312"},{"taxonomy":"post_tag","embeddable":true,"href":"https:\/\/catholiques17.fr\/marie-eustelle\/wp-json\/wp\/v2\/tags?post=6312"}],"curies":[{"name":"wp","href":"https:\/\/api.w.org\/{rel}","templated":true}]}}