{"id":6311,"date":"2023-02-16T09:27:01","date_gmt":"2023-02-16T08:27:01","guid":{"rendered":"https:\/\/catholiques17.fr\/marie-eustelle\/?p=6311"},"modified":"2023-05-31T16:14:08","modified_gmt":"2023-05-31T14:14:08","slug":"leglise-saint-pallais","status":"publish","type":"post","link":"https:\/\/catholiques17.fr\/marie-eustelle\/leglise-saint-pallais\/","title":{"rendered":"L&rsquo;\u00e9glise Saint-Pallais"},"content":{"rendered":"<p>[et_pb_section fb_built=\u00a0\u00bb1&Prime; admin_label=\u00a0\u00bbsection\u00a0\u00bb _builder_version=\u00a0\u00bb4.16&Prime; global_colors_info=\u00a0\u00bb{}\u00a0\u00bb theme_builder_area=\u00a0\u00bbpost_content\u00a0\u00bb][et_pb_row admin_label=\u00a0\u00bbrow\u00a0\u00bb _builder_version=\u00a0\u00bb4.16&Prime; background_size=\u00a0\u00bbinitial\u00a0\u00bb background_position=\u00a0\u00bbtop_left\u00a0\u00bb background_repeat=\u00a0\u00bbrepeat\u00a0\u00bb global_colors_info=\u00a0\u00bb{}\u00a0\u00bb theme_builder_area=\u00a0\u00bbpost_content\u00a0\u00bb][et_pb_column type=\u00a0\u00bb4_4&Prime; _builder_version=\u00a0\u00bb4.16&Prime; custom_padding=\u00a0\u00bb|||\u00a0\u00bb global_colors_info=\u00a0\u00bb{}\u00a0\u00bb custom_padding__hover=\u00a0\u00bb|||\u00a0\u00bb theme_builder_area=\u00a0\u00bbpost_content\u00a0\u00bb][et_pb_text admin_label=\u00a0\u00bbText\u00a0\u00bb _builder_version=\u00a0\u00bb4.17.6&Prime; background_size=\u00a0\u00bbinitial\u00a0\u00bb background_position=\u00a0\u00bbtop_left\u00a0\u00bb background_repeat=\u00a0\u00bbrepeat\u00a0\u00bb hover_enabled=\u00a0\u00bb0&Prime; global_colors_info=\u00a0\u00bb{}\u00a0\u00bb theme_builder_area=\u00a0\u00bbpost_content\u00a0\u00bb sticky_enabled=\u00a0\u00bb0&Prime;]<\/p>\n<p>N\u00e9e dans le quartier, Marie Eustelle f\u00fbt baptis\u00e9e et f\u00eet sa premi\u00e8re communion \u00e0 l\u2019\u00e9glise Saint Pallais dont elle f\u00fbt paroissienne toute sa vie. Sa confirmaton, par l\u2019\u00e9v\u00e8que, eu lieu le m\u00eame jour que sa premi\u00e8re communion \u00e0 la cath\u00e9drale Saint Pierre.<\/p>\n<p>Aujourd\u2019hui, c\u2019est dans cette petite \u00e9glise romane que Marie-Eustelle est enterr\u00e9e, dans la chapelle du Saint-Sacrement.<\/p>\n<p>L\u2019\u00e9glise actuelle date du XIIe si\u00e8cle pour ses parties les plus anciennes. Elle fut \u00e9rig\u00e9e \u00e0 l\u2019emplacement d\u2019une basilique fun\u00e9raire, \u00e9difi\u00e9e sur le tombeau de l\u2019\u00e9v\u00eaque\u00a0Palladius, \u00e9v\u00eaque de Saintes au VIe si\u00e8cle. Pendant son \u00e9piscopat, il \u00e9rigea plusieurs \u00e9glises \u00e0 Saintes, dont une basilique d\u00e9di\u00e9e \u00e0 saint Martin, et red\u00e9couvrit le tombeau de saint Eutrope, premier \u00e9v\u00eaque de la ville et \u00e9vang\u00e9lisateur de la Saintonge.<\/p>\n<p>Les murs et les piliers de la nef de l\u2019\u00e9glise sont romans, mais les voutes ont \u00e9t\u00e9 reb\u00e2ties dans le style gothique au XIIIe si\u00e8cle. Certains piliers ne supportent donc pas de crois\u00e9es d\u2019ogives. Le coeur de l\u2019\u00e9glise date \u00e9galement du XIIIe si\u00e8cle, et le grand vitrail au chevet de l\u2019\u00e9glise date du XVe si\u00e8cle. La fa\u00e7ade, encadr\u00e9e par deux puissants contreforts, comprend un portail roman \u00e0 quatre voussures flanqu\u00e9 de deux arcades aveugles. LE bas-c\u00f4t\u00e9 nord est dot\u00e9 d\u2019un clocher assez massif dont il ne reste que la partie inf\u00e9rieure.<\/p>\n<p>Cette petite \u00e9glise est souvent \u00e9clips\u00e9e par sa voisine imm\u00e9diate, l\u2019\u00e9glise Sainte-Marie de l\u2019Abbaye aux Dames. Celle-ci, fond\u00e9e en 1047, fut florissante tout au long du Moyen-\u00c2ge, et compta une centaine de moniales. Mais \u00e0 la R\u00e9volution, elle fut transform\u00e9e en prison \u2013 les pr\u00eatres r\u00e9fractaires des pontons de Rochefort y furent notamment enferm\u00e9s \u2013 puis en caserne. Rendue au culte en 1939, Marie Eustelle n\u2019y connut donc jamais la messe.<\/p>\n<p><!-- \/divi:paragraph --><\/p>\n<p>[\/et_pb_text][et_pb_gallery gallery_ids=\u00a0\u00bb6587,6588,6589,6590&Prime; show_title_and_caption=\u00a0\u00bboff\u00a0\u00bb _builder_version=\u00a0\u00bb4.17.6&Prime; _module_preset=\u00a0\u00bbdefault\u00a0\u00bb global_colors_info=\u00a0\u00bb{}\u00a0\u00bb theme_builder_area=\u00a0\u00bbpost_content\u00a0\u00bb][\/et_pb_gallery][\/et_pb_column][\/et_pb_row][\/et_pb_section]<\/p>\n","protected":false},"excerpt":{"rendered":"<p>N\u00e9e dans le quartier, Marie Eustelle f\u00fbt baptis\u00e9e et f\u00eet sa premi\u00e8re communion \u00e0 l\u2019\u00e9glise Saint Pallais dont elle f\u00fbt paroissienne toute sa vie. Sa confirmaton, par l\u2019\u00e9v\u00e8que, eu lieu [&hellip;]<\/p>\n","protected":false},"author":41,"featured_media":6591,"comment_status":"open","ping_status":"open","sticky":false,"template":"","format":"standard","meta":{"_et_pb_use_builder":"on","_et_pb_old_content":"<!-- wp:paragraph -->\n<p>L'\u00e9glise Saint-Pallais de Saintes fut, pendant toute sa vie, la paroisse de Marie-Eustelle. Elle est n\u00e9e dans ce quartier, y a \u00e9t\u00e9 baptis\u00e9e, y a fait sa premi\u00e8re communion. Sa confirmation a eu lieu le m\u00eame jour que sa premi\u00e8re communion, mais c'est \u00e0 la cath\u00e9drale Saint-Pierre que l'\u00e9v\u00eaque la confirma.<\/p>\n<!-- \/wp:paragraph -->\n\n<!-- wp:paragraph -->\n<p>Aujourd'hui, c'est dans cette petite \u00e9glise romane que Marie-Eustelle est enterr\u00e9e, dans la chapelle du Saint-Sacrement.<\/p>\n<!-- \/wp:paragraph -->\n\n<!-- wp:paragraph -->\n<p>L'\u00e9glise actuelle date du XIIe si\u00e8cle pour ses parties les plus anciennes. Elle fut \u00e9rig\u00e9e \u00e0 l'emplacement d'une basilique fun\u00e9raire, \u00e9difi\u00e9e sur le tombeau de l'\u00e9v\u00eaque\u00a0<a href=\"https:\/\/fr.wikipedia.org\/wiki\/Palladius_de_Saintes\">Palladius<\/a>, \u00e9v\u00eaque de Saintes au VIe si\u00e8cle. Pendant son \u00e9piscopat, il \u00e9rigea plusieurs \u00e9glises \u00e0 Saintes, dont une basilique d\u00e9di\u00e9e \u00e0 saint Martin, et red\u00e9couvrit le tombeau de saint Eutrope, premier \u00e9v\u00eaque de la ville et \u00e9vang\u00e9lisateur de la Saintonge.<\/p>\n<!-- \/wp:paragraph -->\n\n<!-- wp:paragraph -->\n<p>Les murs et les piliers de la nef de l'\u00e9glise sont romans, mais les voutes ont \u00e9t\u00e9 reb\u00e2ties dans le style gothique au XIIIe si\u00e8cle. Certains piliers ne supportent donc pas de crois\u00e9es d'ogives. Le coeur de l'\u00e9glise date \u00e9galement du XIIIe si\u00e8cle, et le grand vitrail au chevet de l'\u00e9glise date du XVe si\u00e8cle. La fa\u00e7ade, encadr\u00e9e par deux puissants contreforts, comprend un portail roman \u00e0 quatre voussures flanqu\u00e9 de deux arcades aveugles. LE bas-c\u00f4t\u00e9 nord est dot\u00e9 d'un clocher assez massif dont il ne reste que la partie inf\u00e9rieure.<\/p>\n<!-- \/wp:paragraph -->\n\n<!-- wp:paragraph -->\n<p>Cette petite \u00e9glise est souvent \u00e9clips\u00e9e par sa voisine imm\u00e9diate, l'\u00e9glise Sainte-Marie de l'Abbaye aux Dames. Celle-ci, fond\u00e9e en 1047, fut florissante tout au long du Moyen-\u00c2ge, et compta une centaine de moniales. Mais \u00e0 la R\u00e9volution, elle fut transform\u00e9e en prison - les pr\u00eatres r\u00e9fractaires des pontons de Rochefort y furent notamment enferm\u00e9s - puis en caserne. La messe n'y \u00e9tait donc pas c\u00e9l\u00e9br\u00e9e pendant la vie de Marie-Eustelle, puisqu'elle ne fut rendue au culte qu'en 1939.<\/p>\n<!-- \/wp:paragraph -->","_et_gb_content_width":"","footnotes":""},"categories":[1],"tags":[],"class_list":["post-6311","post","type-post","status-publish","format-standard","has-post-thumbnail","hentry","category-non-classe"],"_links":{"self":[{"href":"https:\/\/catholiques17.fr\/marie-eustelle\/wp-json\/wp\/v2\/posts\/6311","targetHints":{"allow":["GET"]}}],"collection":[{"href":"https:\/\/catholiques17.fr\/marie-eustelle\/wp-json\/wp\/v2\/posts"}],"about":[{"href":"https:\/\/catholiques17.fr\/marie-eustelle\/wp-json\/wp\/v2\/types\/post"}],"author":[{"embeddable":true,"href":"https:\/\/catholiques17.fr\/marie-eustelle\/wp-json\/wp\/v2\/users\/41"}],"replies":[{"embeddable":true,"href":"https:\/\/catholiques17.fr\/marie-eustelle\/wp-json\/wp\/v2\/comments?post=6311"}],"version-history":[{"count":7,"href":"https:\/\/catholiques17.fr\/marie-eustelle\/wp-json\/wp\/v2\/posts\/6311\/revisions"}],"predecessor-version":[{"id":6604,"href":"https:\/\/catholiques17.fr\/marie-eustelle\/wp-json\/wp\/v2\/posts\/6311\/revisions\/6604"}],"wp:featuredmedia":[{"embeddable":true,"href":"https:\/\/catholiques17.fr\/marie-eustelle\/wp-json\/wp\/v2\/media\/6591"}],"wp:attachment":[{"href":"https:\/\/catholiques17.fr\/marie-eustelle\/wp-json\/wp\/v2\/media?parent=6311"}],"wp:term":[{"taxonomy":"category","embeddable":true,"href":"https:\/\/catholiques17.fr\/marie-eustelle\/wp-json\/wp\/v2\/categories?post=6311"},{"taxonomy":"post_tag","embeddable":true,"href":"https:\/\/catholiques17.fr\/marie-eustelle\/wp-json\/wp\/v2\/tags?post=6311"}],"curies":[{"name":"wp","href":"https:\/\/api.w.org\/{rel}","templated":true}]}}