{"id":8724,"date":"2026-03-20T14:05:43","date_gmt":"2026-03-20T13:05:43","guid":{"rendered":"https:\/\/catholiques17.fr\/marennes\/?p=8724"},"modified":"2026-03-20T14:05:44","modified_gmt":"2026-03-20T13:05:44","slug":"moyen-orient-les-eveques-de-france-appellent-a-la-priere-au-jeune-et-a-la-solidarite","status":"publish","type":"post","link":"https:\/\/catholiques17.fr\/marennes\/moyen-orient-les-eveques-de-france-appellent-a-la-priere-au-jeune-et-a-la-solidarite\/","title":{"rendered":"Moyen-Orient : les \u00e9v\u00eaques de France appellent \u00e0 la pri\u00e8re, au je\u00fbne et \u00e0 la solidarit\u00e9"},"content":{"rendered":"\n<div style=\"height:39px\" aria-hidden=\"true\" class=\"wp-block-spacer\"><\/div>\n\n\n\n<p><\/p>\n\n\n\n<p>                                                                                                                                                        Paris, le 17 mars 2026<\/p>\n\n\n\n<h3 class=\"wp-block-heading\">Le chemin durable vers la paix ne passe pas par la guerre<\/h3>\n\n\n\n<p>Depuis plusieurs semaines, la guerre embrase une nouvelle fois le Moyen-Orient. Comme l\u2019a rappel\u00e9 le Saint-P\u00e8re, l\u2019humanit\u00e9 est entra\u00een\u00e9e vers \u00ab un ab\u00eeme irr\u00e9parable \u00bb. Dans le fracas des armes qui s\u00e8ment la destruction, la douleur et la mort, ce sont, comme toujours, les plus vuln\u00e9rables qui subissent les cons\u00e9quences les plus lourdes.<\/p>\n\n\n\n<p>Face \u00e0 cette situation alarmante, nous affirmons que le chemin durable vers la paix ne passe que par l\u2019audace du dialogue, le courage de la diplomatie et le respect du droit international.<\/p>\n\n\n\n<p>Nous assurons les peuples du Moyen-Orient de notre proximit\u00e9 fraternelle et de notre solidarit\u00e9 concr\u00e8te. Nous restons en contact r\u00e9gulier avec les patriarches et les divers responsables des communaut\u00e9s chr\u00e9tiennes des pays concern\u00e9s, ainsi qu\u2019avec les autorit\u00e9s de l\u2019\u00c9tat fran\u00e7ais et les services diplomatiques du Saint-Si\u00e8ge, nous effor\u00e7ant de soutenir les populations les plus d\u00e9munies, gr\u00e2ce au concours de l\u2019\u0152uvre d\u2019Orient notamment.<\/p>\n\n\n\n<p>Aux catholiques de France, nous proposons, en ce temps de Car\u00eame, de prier et de je\u00fbner d\u2019une fa\u00e7on particuli\u00e8re pour la paix et de poser des gestes concrets de solidarit\u00e9, en r\u00e9pondant aux demandes de dons ou en se manifestant, d\u2019une fa\u00e7on ou d\u2019une autre, aupr\u00e8s des communaut\u00e9s du Moyen-Orient*.<\/p>\n\n\n\n<p>Que l\u2019Esprit de Dieu \u00e9claire les consciences et que soit promu le bien des peuples qui aspirent \u00e0 une coexistence pacifique fond\u00e9e sur la justice.<\/p>\n\n\n\n<p><strong>+ Cardinal Jean-Marc Aveline,<\/strong><br>archev\u00eaque de Marseille, pr\u00e9sident de la Conf\u00e9rence des \u00e9v\u00eaques de France<\/p>\n\n\n\n<p><strong>+ Mgr Vincent Jordy,<\/strong><br>archev\u00eaque de Tours, vice-pr\u00e9sident de la Conf\u00e9rence des \u00e9v\u00eaques de France<\/p>\n\n\n\n<p><strong>+ Mgr Beno\u00eet Bertrand,<\/strong><br>\u00e9v\u00eaque de Pontoise, vice-pr\u00e9sident de la Conf\u00e9rence des \u00e9v\u00eaques de France<\/p>\n\n\n\n<figure class=\"wp-block-image aligncenter size-full\"><img loading=\"lazy\" decoding=\"async\" width=\"358\" height=\"507\" src=\"https:\/\/catholiques17.fr\/marennes\/wp-content\/uploads\/sites\/19\/2026\/03\/Capture-decran-2026-03-20-140305.png\" alt=\"\" class=\"wp-image-8725\" srcset=\"https:\/\/catholiques17.fr\/marennes\/wp-content\/uploads\/sites\/19\/2026\/03\/Capture-decran-2026-03-20-140305.png 358w, https:\/\/catholiques17.fr\/marennes\/wp-content\/uploads\/sites\/19\/2026\/03\/Capture-decran-2026-03-20-140305-212x300.png 212w\" sizes=\"(max-width: 358px) 100vw, 358px\" \/><\/figure>\n","protected":false},"excerpt":{"rendered":"<p>Paris, le 17 mars 2026 Le chemin durable vers la paix ne passe pas par la guerre Depuis plusieurs semaines, la guerre embrase une nouvelle fois le Moyen-Orient. Comme l\u2019a [&hellip;]<\/p>\n","protected":false},"author":81,"featured_media":8723,"comment_status":"open","ping_status":"open","sticky":false,"template":"","format":"standard","meta":{"_et_pb_use_builder":"off","_et_pb_old_content":"","_et_gb_content_width":"","footnotes":""},"categories":[6,17],"tags":[],"class_list":["post-8724","post","type-post","status-publish","format-standard","has-post-thumbnail","hentry","category-actualite","category-eglise-universelle"],"_links":{"self":[{"href":"https:\/\/catholiques17.fr\/marennes\/wp-json\/wp\/v2\/posts\/8724","targetHints":{"allow":["GET"]}}],"collection":[{"href":"https:\/\/catholiques17.fr\/marennes\/wp-json\/wp\/v2\/posts"}],"about":[{"href":"https:\/\/catholiques17.fr\/marennes\/wp-json\/wp\/v2\/types\/post"}],"author":[{"embeddable":true,"href":"https:\/\/catholiques17.fr\/marennes\/wp-json\/wp\/v2\/users\/81"}],"replies":[{"embeddable":true,"href":"https:\/\/catholiques17.fr\/marennes\/wp-json\/wp\/v2\/comments?post=8724"}],"version-history":[{"count":2,"href":"https:\/\/catholiques17.fr\/marennes\/wp-json\/wp\/v2\/posts\/8724\/revisions"}],"predecessor-version":[{"id":8727,"href":"https:\/\/catholiques17.fr\/marennes\/wp-json\/wp\/v2\/posts\/8724\/revisions\/8727"}],"wp:featuredmedia":[{"embeddable":true,"href":"https:\/\/catholiques17.fr\/marennes\/wp-json\/wp\/v2\/media\/8723"}],"wp:attachment":[{"href":"https:\/\/catholiques17.fr\/marennes\/wp-json\/wp\/v2\/media?parent=8724"}],"wp:term":[{"taxonomy":"category","embeddable":true,"href":"https:\/\/catholiques17.fr\/marennes\/wp-json\/wp\/v2\/categories?post=8724"},{"taxonomy":"post_tag","embeddable":true,"href":"https:\/\/catholiques17.fr\/marennes\/wp-json\/wp\/v2\/tags?post=8724"}],"curies":[{"name":"wp","href":"https:\/\/api.w.org\/{rel}","templated":true}]}}