{"id":8661,"date":"2026-02-14T20:57:02","date_gmt":"2026-02-14T19:57:02","guid":{"rendered":"https:\/\/catholiques17.fr\/marennes\/?p=8661"},"modified":"2026-02-14T20:57:03","modified_gmt":"2026-02-14T19:57:03","slug":"rencontre-des-chretiens-separes-divorces-engages-dans-une-nouvelle-union","status":"publish","type":"post","link":"https:\/\/catholiques17.fr\/marennes\/rencontre-des-chretiens-separes-divorces-engages-dans-une-nouvelle-union\/","title":{"rendered":"Rencontre des chr\u00e9tiens s\u00e9par\u00e9s, divorc\u00e9s engag\u00e9s dans une nouvelle union"},"content":{"rendered":"\n<div style=\"height:37px\" aria-hidden=\"true\" class=\"wp-block-spacer\"><\/div>\n","protected":false},"excerpt":{"rendered":"","protected":false},"author":81,"featured_media":0,"comment_status":"open","ping_status":"open","sticky":false,"template":"","format":"standard","meta":{"_et_pb_use_builder":"off","_et_pb_old_content":"","_et_gb_content_width":"","footnotes":""},"categories":[6,30,29],"tags":[],"class_list":["post-8661","post","type-post","status-publish","format-standard","hentry","category-actualite","category-annonces","category-diocese"],"_links":{"self":[{"href":"https:\/\/catholiques17.fr\/marennes\/wp-json\/wp\/v2\/posts\/8661","targetHints":{"allow":["GET"]}}],"collection":[{"href":"https:\/\/catholiques17.fr\/marennes\/wp-json\/wp\/v2\/posts"}],"about":[{"href":"https:\/\/catholiques17.fr\/marennes\/wp-json\/wp\/v2\/types\/post"}],"author":[{"embeddable":true,"href":"https:\/\/catholiques17.fr\/marennes\/wp-json\/wp\/v2\/users\/81"}],"replies":[{"embeddable":true,"href":"https:\/\/catholiques17.fr\/marennes\/wp-json\/wp\/v2\/comments?post=8661"}],"version-history":[{"count":1,"href":"https:\/\/catholiques17.fr\/marennes\/wp-json\/wp\/v2\/posts\/8661\/revisions"}],"predecessor-version":[{"id":8663,"href":"https:\/\/catholiques17.fr\/marennes\/wp-json\/wp\/v2\/posts\/8661\/revisions\/8663"}],"wp:attachment":[{"href":"https:\/\/catholiques17.fr\/marennes\/wp-json\/wp\/v2\/media?parent=8661"}],"wp:term":[{"taxonomy":"category","embeddable":true,"href":"https:\/\/catholiques17.fr\/marennes\/wp-json\/wp\/v2\/categories?post=8661"},{"taxonomy":"post_tag","embeddable":true,"href":"https:\/\/catholiques17.fr\/marennes\/wp-json\/wp\/v2\/tags?post=8661"}],"curies":[{"name":"wp","href":"https:\/\/api.w.org\/{rel}","templated":true}]}}