{"id":7916,"date":"2025-05-05T21:55:00","date_gmt":"2025-05-05T19:55:00","guid":{"rendered":"https:\/\/catholiques17.fr\/marennes\/?p=7916"},"modified":"2025-05-05T21:55:01","modified_gmt":"2025-05-05T19:55:01","slug":"prions-pour-les-cardinaux-et-le-futur-pape","status":"publish","type":"post","link":"https:\/\/catholiques17.fr\/marennes\/prions-pour-les-cardinaux-et-le-futur-pape\/","title":{"rendered":"Prions pour les Cardinaux et le futur Pape"},"content":{"rendered":"\n<div style=\"height:38px\" aria-hidden=\"true\" class=\"wp-block-spacer\"><\/div>\n\n\n\n<p>Le mercredi 7 mai s&rsquo;ouvrira le conclave, au cours duquel les cardinaux \u00e9liront le nouveau successeur de Pierre.<\/p>\n\n\n\n<p>Prions pour eux, afin qu&rsquo;ils soient inspir\u00e9s par l&rsquo;Esprit Saint pour choisir qui sera le pasteur du peuple de Dieu.<\/p>\n\n\n\n<p>Prions pour celui qui sera \u00e9lu pape, afin qu&rsquo;il sache guider l\u2019\u00c9glise, pour que chaque chr\u00e9tien devienne toujours plus disciple et missionnaire du Christ.<\/p>\n\n\n\n<p class=\"has-text-align-center\"><em>Pasteur \u00e9ternel,  notre Dieu,<\/em><\/p>\n\n\n\n<p class=\"has-text-align-center\"><em>toi qui gouvernes ton peuple<\/em><\/p>\n\n\n\n<p class=\"has-text-align-center\"><em>et ne cesse de veiller sur lui,<\/em><\/p>\n\n\n\n<p class=\"has-text-align-center\"><em>accorde \u00e0 ton \u00c9glise dans ton immense bont\u00e9,<\/em><\/p>\n\n\n\n<p class=\"has-text-align-center\">l<em>e pasteur qui saura te plaire par sa saintet\u00e9<\/em><\/p>\n\n\n\n<p class=\"has-text-align-center\"><em>et nous soutiendra avec sollicitude et vigilance.<\/em><\/p>\n\n\n\n<p class=\"has-text-align-center\"><em>Par J\u00e9sus, le Christ, notre Seigneur. AMEN<\/em><\/p>\n\n\n\n<p class=\"has-text-align-center\"><\/p>\n\n\n\n<p class=\"has-text-align-center\"><\/p>\n","protected":false},"excerpt":{"rendered":"<p>Le mercredi 7 mai s&rsquo;ouvrira le conclave, au cours duquel les cardinaux \u00e9liront le nouveau successeur de Pierre. Prions pour eux, afin qu&rsquo;ils soient inspir\u00e9s par l&rsquo;Esprit Saint pour choisir [&hellip;]<\/p>\n","protected":false},"author":81,"featured_media":7917,"comment_status":"open","ping_status":"open","sticky":false,"template":"","format":"standard","meta":{"_et_pb_use_builder":"off","_et_pb_old_content":"","_et_gb_content_width":"","footnotes":""},"categories":[1],"tags":[],"class_list":["post-7916","post","type-post","status-publish","format-standard","has-post-thumbnail","hentry","category-non-classe"],"_links":{"self":[{"href":"https:\/\/catholiques17.fr\/marennes\/wp-json\/wp\/v2\/posts\/7916","targetHints":{"allow":["GET"]}}],"collection":[{"href":"https:\/\/catholiques17.fr\/marennes\/wp-json\/wp\/v2\/posts"}],"about":[{"href":"https:\/\/catholiques17.fr\/marennes\/wp-json\/wp\/v2\/types\/post"}],"author":[{"embeddable":true,"href":"https:\/\/catholiques17.fr\/marennes\/wp-json\/wp\/v2\/users\/81"}],"replies":[{"embeddable":true,"href":"https:\/\/catholiques17.fr\/marennes\/wp-json\/wp\/v2\/comments?post=7916"}],"version-history":[{"count":1,"href":"https:\/\/catholiques17.fr\/marennes\/wp-json\/wp\/v2\/posts\/7916\/revisions"}],"predecessor-version":[{"id":7918,"href":"https:\/\/catholiques17.fr\/marennes\/wp-json\/wp\/v2\/posts\/7916\/revisions\/7918"}],"wp:featuredmedia":[{"embeddable":true,"href":"https:\/\/catholiques17.fr\/marennes\/wp-json\/wp\/v2\/media\/7917"}],"wp:attachment":[{"href":"https:\/\/catholiques17.fr\/marennes\/wp-json\/wp\/v2\/media?parent=7916"}],"wp:term":[{"taxonomy":"category","embeddable":true,"href":"https:\/\/catholiques17.fr\/marennes\/wp-json\/wp\/v2\/categories?post=7916"},{"taxonomy":"post_tag","embeddable":true,"href":"https:\/\/catholiques17.fr\/marennes\/wp-json\/wp\/v2\/tags?post=7916"}],"curies":[{"name":"wp","href":"https:\/\/api.w.org\/{rel}","templated":true}]}}