{"id":7901,"date":"2025-05-01T18:22:27","date_gmt":"2025-05-01T16:22:27","guid":{"rendered":"https:\/\/catholiques17.fr\/marennes\/?p=7901"},"modified":"2025-05-05T10:36:45","modified_gmt":"2025-05-05T08:36:45","slug":"a-dieu-pape-francois","status":"publish","type":"post","link":"https:\/\/catholiques17.fr\/marennes\/a-dieu-pape-francois\/","title":{"rendered":"A Dieu Pape Fran\u00e7ois"},"content":{"rendered":"\n<div style=\"height:43px\" aria-hidden=\"true\" class=\"wp-block-spacer\"><\/div>\n\n\n\n<p><strong>Pri\u00e8re pour le repos \u00e9ternel du Pape Fran\u00e7ois<\/strong><\/p>\n\n\n\n<p><em>Seigneur de la vie et de l&rsquo;esp\u00e9rance<\/em>, <em>accueille dans ta paix le Pape Fran\u00e7ois,<\/em><\/p>\n\n\n\n<p><em>fid\u00e8le serviteur de l\u2019\u00c9vangile et pasteur de l\u2019\u00c9glise.<\/em><\/p>\n\n\n\n<p><em>Accorde lui le repos \u00e9ternel et fais briller sur lui la lumi\u00e8re sans fin.<\/em><\/p>\n\n\n\n<p><em>Que son exemple d&rsquo;humilit\u00e9, de mis\u00e9ricorde et d&rsquo;amour pour les plus pauvres parmi les pauvres<\/em><\/p>\n\n\n\n<p><em>continue d&rsquo;inspirer ton peuple.<\/em><\/p>\n\n\n\n<p><em>Amen<\/em><\/p>\n","protected":false},"excerpt":{"rendered":"<p>Pri\u00e8re pour le repos \u00e9ternel du Pape Fran\u00e7ois Seigneur de la vie et de l&rsquo;esp\u00e9rance, accueille dans ta paix le Pape Fran\u00e7ois, fid\u00e8le serviteur de l\u2019\u00c9vangile et pasteur de l\u2019\u00c9glise. [&hellip;]<\/p>\n","protected":false},"author":81,"featured_media":7902,"comment_status":"open","ping_status":"open","sticky":false,"template":"","format":"standard","meta":{"_et_pb_use_builder":"off","_et_pb_old_content":"","_et_gb_content_width":"","footnotes":""},"categories":[6,17,18],"tags":[],"class_list":["post-7901","post","type-post","status-publish","format-standard","has-post-thumbnail","hentry","category-actualite","category-eglise-universelle","category-pape-francois"],"_links":{"self":[{"href":"https:\/\/catholiques17.fr\/marennes\/wp-json\/wp\/v2\/posts\/7901","targetHints":{"allow":["GET"]}}],"collection":[{"href":"https:\/\/catholiques17.fr\/marennes\/wp-json\/wp\/v2\/posts"}],"about":[{"href":"https:\/\/catholiques17.fr\/marennes\/wp-json\/wp\/v2\/types\/post"}],"author":[{"embeddable":true,"href":"https:\/\/catholiques17.fr\/marennes\/wp-json\/wp\/v2\/users\/81"}],"replies":[{"embeddable":true,"href":"https:\/\/catholiques17.fr\/marennes\/wp-json\/wp\/v2\/comments?post=7901"}],"version-history":[{"count":1,"href":"https:\/\/catholiques17.fr\/marennes\/wp-json\/wp\/v2\/posts\/7901\/revisions"}],"predecessor-version":[{"id":7903,"href":"https:\/\/catholiques17.fr\/marennes\/wp-json\/wp\/v2\/posts\/7901\/revisions\/7903"}],"wp:featuredmedia":[{"embeddable":true,"href":"https:\/\/catholiques17.fr\/marennes\/wp-json\/wp\/v2\/media\/7902"}],"wp:attachment":[{"href":"https:\/\/catholiques17.fr\/marennes\/wp-json\/wp\/v2\/media?parent=7901"}],"wp:term":[{"taxonomy":"category","embeddable":true,"href":"https:\/\/catholiques17.fr\/marennes\/wp-json\/wp\/v2\/categories?post=7901"},{"taxonomy":"post_tag","embeddable":true,"href":"https:\/\/catholiques17.fr\/marennes\/wp-json\/wp\/v2\/tags?post=7901"}],"curies":[{"name":"wp","href":"https:\/\/api.w.org\/{rel}","templated":true}]}}