{"id":6206,"date":"2023-01-11T09:53:02","date_gmt":"2023-01-11T08:53:02","guid":{"rendered":"https:\/\/catholiques17.fr\/maisondiocesaine\/?p=6206"},"modified":"2023-01-11T09:54:22","modified_gmt":"2023-01-11T08:54:22","slug":"la-chapelle","status":"publish","type":"post","link":"https:\/\/catholiques17.fr\/maisondiocesaine\/la-chapelle\/","title":{"rendered":"La chapelle"},"content":{"rendered":"<p>[et_pb_section fb_built=\u00a0\u00bb1&Prime; _builder_version=\u00a0\u00bb4.17.6&Prime; _module_preset=\u00a0\u00bbdefault\u00a0\u00bb global_colors_info=\u00a0\u00bb{}\u00a0\u00bb theme_builder_area=\u00a0\u00bbet_body_layout\u00a0\u00bb][et_pb_row _builder_version=\u00a0\u00bb4.17.6&Prime; _module_preset=\u00a0\u00bbdefault\u00a0\u00bb global_colors_info=\u00a0\u00bb{}\u00a0\u00bb theme_builder_area=\u00a0\u00bbet_body_layout\u00a0\u00bb][et_pb_column type=\u00a0\u00bb4_4&Prime; _builder_version=\u00a0\u00bb4.17.6&Prime; _module_preset=\u00a0\u00bbdefault\u00a0\u00bb global_colors_info=\u00a0\u00bb{}\u00a0\u00bb theme_builder_area=\u00a0\u00bbet_body_layout\u00a0\u00bb][et_pb_cta title=\u00a0\u00bbUn lieu de pri\u00e8re et de recueillement\u00a0\u00bb button_url=\u00a0\u00bbmailto:%20md@diocese17.fr\u00a0\u00bb button_text=\u00a0\u00bbInformations\u00a0\u00bb _builder_version=\u00a0\u00bb4.17.6&Prime; _module_preset=\u00a0\u00bbdefault\u00a0\u00bb background_color=\u00a0\u00bb#BC3434&Prime; hover_enabled=\u00a0\u00bb0&Prime; global_colors_info=\u00a0\u00bb{}\u00a0\u00bb theme_builder_area=\u00a0\u00bbet_body_layout\u00a0\u00bb sticky_enabled=\u00a0\u00bb0&Prime;]<\/p>\n<p>La chapelle de la Maison dioc\u00e9saine peut accueillir des messes ou des temps de pri\u00e8re.<\/p>\n<p>150 personnes peuvent y prendre place.<\/p>\n<p>La Maison dioc\u00e9saine dispose \u00e9galement d&rsquo;un oratoire qui peut accueillir une trentaine de personnes.<\/p>\n<p>[\/et_pb_cta][et_pb_gallery gallery_ids=\u00a0\u00bb6202,6207,6210,6212&Prime; _builder_version=\u00a0\u00bb4.17.6&Prime; _module_preset=\u00a0\u00bbdefault\u00a0\u00bb hover_enabled=\u00a0\u00bb0&Prime; locked=\u00a0\u00bboff\u00a0\u00bb global_colors_info=\u00a0\u00bb{}\u00a0\u00bb theme_builder_area=\u00a0\u00bbet_body_layout\u00a0\u00bb sticky_enabled=\u00a0\u00bb0&Prime;][\/et_pb_gallery][\/et_pb_column][\/et_pb_row][\/et_pb_section]<\/p>\n","protected":false},"excerpt":{"rendered":"<p>La chapelle de la Maison dioc\u00e9saine peut accueillir des messes ou des temps de pri\u00e8re. 150 personnes peuvent y prendre place. La Maison dioc\u00e9saine dispose \u00e9galement d&rsquo;un oratoire qui peut [&hellip;]<\/p>\n","protected":false},"author":41,"featured_media":6202,"comment_status":"open","ping_status":"open","sticky":false,"template":"","format":"standard","meta":{"_et_pb_use_builder":"on","_et_pb_old_content":"","_et_gb_content_width":"","footnotes":""},"categories":[6],"tags":[],"class_list":["post-6206","post","type-post","status-publish","format-standard","has-post-thumbnail","hentry","category-actualite"],"_links":{"self":[{"href":"https:\/\/catholiques17.fr\/maisondiocesaine\/wp-json\/wp\/v2\/posts\/6206","targetHints":{"allow":["GET"]}}],"collection":[{"href":"https:\/\/catholiques17.fr\/maisondiocesaine\/wp-json\/wp\/v2\/posts"}],"about":[{"href":"https:\/\/catholiques17.fr\/maisondiocesaine\/wp-json\/wp\/v2\/types\/post"}],"author":[{"embeddable":true,"href":"https:\/\/catholiques17.fr\/maisondiocesaine\/wp-json\/wp\/v2\/users\/41"}],"replies":[{"embeddable":true,"href":"https:\/\/catholiques17.fr\/maisondiocesaine\/wp-json\/wp\/v2\/comments?post=6206"}],"version-history":[{"count":3,"href":"https:\/\/catholiques17.fr\/maisondiocesaine\/wp-json\/wp\/v2\/posts\/6206\/revisions"}],"predecessor-version":[{"id":6217,"href":"https:\/\/catholiques17.fr\/maisondiocesaine\/wp-json\/wp\/v2\/posts\/6206\/revisions\/6217"}],"wp:featuredmedia":[{"embeddable":true,"href":"https:\/\/catholiques17.fr\/maisondiocesaine\/wp-json\/wp\/v2\/media\/6202"}],"wp:attachment":[{"href":"https:\/\/catholiques17.fr\/maisondiocesaine\/wp-json\/wp\/v2\/media?parent=6206"}],"wp:term":[{"taxonomy":"category","embeddable":true,"href":"https:\/\/catholiques17.fr\/maisondiocesaine\/wp-json\/wp\/v2\/categories?post=6206"},{"taxonomy":"post_tag","embeddable":true,"href":"https:\/\/catholiques17.fr\/maisondiocesaine\/wp-json\/wp\/v2\/tags?post=6206"}],"curies":[{"name":"wp","href":"https:\/\/api.w.org\/{rel}","templated":true}]}}