{"id":6104,"date":"2023-01-07T16:25:10","date_gmt":"2023-01-07T15:25:10","guid":{"rendered":"https:\/\/catholiques17.fr\/maisondiocesaine\/?p=6104"},"modified":"2023-01-11T09:27:00","modified_gmt":"2023-01-11T08:27:00","slug":"autres-salles","status":"publish","type":"post","link":"https:\/\/catholiques17.fr\/maisondiocesaine\/autres-salles\/","title":{"rendered":"Autres salles"},"content":{"rendered":"<p>[et_pb_section fb_built=\u00a0\u00bb1&Prime; _builder_version=\u00a0\u00bb4.17.6&Prime; _module_preset=\u00a0\u00bbdefault\u00a0\u00bb global_colors_info=\u00a0\u00bb{}\u00a0\u00bb theme_builder_area=\u00a0\u00bbpost_content\u00a0\u00bb][et_pb_row _builder_version=\u00a0\u00bb4.17.6&Prime; _module_preset=\u00a0\u00bbdefault\u00a0\u00bb global_colors_info=\u00a0\u00bb{}\u00a0\u00bb theme_builder_area=\u00a0\u00bbpost_content\u00a0\u00bb][et_pb_column type=\u00a0\u00bb4_4&Prime; _builder_version=\u00a0\u00bb4.17.6&Prime; _module_preset=\u00a0\u00bbdefault\u00a0\u00bb global_colors_info=\u00a0\u00bb{}\u00a0\u00bb theme_builder_area=\u00a0\u00bbpost_content\u00a0\u00bb][et_pb_text _builder_version=\u00a0\u00bb4.17.6&Prime; _module_preset=\u00a0\u00bbdefault\u00a0\u00bb hover_enabled=\u00a0\u00bb0&Prime; global_colors_info=\u00a0\u00bb{}\u00a0\u00bb theme_builder_area=\u00a0\u00bbpost_content\u00a0\u00bb sticky_enabled=\u00a0\u00bb0&Prime;]<\/p>\n<p>Trois autres salles sont disponibles au sein de la maison dioc\u00e9saine, pour accueillir des groupes de 5 \u00e0 15 personnes : la salle P\u00e8re Jacquinot, la salle Saint-Tojan et la salle Fraineau.<\/p>\n<p><span>Si vous souhaitez r\u00e9server plusieurs salles de la Maison dioc\u00e9saine, un tarif forfaitaire vous sera propos\u00e9 !<\/span><\/p>\n<p>[\/et_pb_text][et_pb_cta title=\u00a0\u00bbSalle P\u00e8re Jacquinot\u00a0\u00bb button_url=\u00a0\u00bbmailto:%20md@diocese17.fr\u00a0\u00bb button_text=\u00a0\u00bbInfos, tarifs et r\u00e9servation\u00a0\u00bb _builder_version=\u00a0\u00bb4.17.6&Prime; _module_preset=\u00a0\u00bbdefault\u00a0\u00bb background_image=\u00a0\u00bbhttps:\/\/catholiques17.fr\/maisondiocesaine\/wp-content\/uploads\/sites\/33\/2023\/01\/La-salle-P.-Jacquinot.jpg\u00a0\u00bb hover_enabled=\u00a0\u00bb0&Prime; text_shadow_style=\u00a0\u00bbpreset2&Prime; global_colors_info=\u00a0\u00bb{}\u00a0\u00bb theme_builder_area=\u00a0\u00bbpost_content\u00a0\u00bb sticky_enabled=\u00a0\u00bb0&Prime;]<\/p>\n<p><span style=\"font-size: 14px;\">La salle P\u00e8re Jacquinot permet de r\u00e9unir 5 \u00e0 6 personnes. Elle dispose de chaises, de tables, d&rsquo;un tableau blanc et du wifi..<\/span><\/p>\n<p>[\/et_pb_cta][et_pb_cta title=\u00a0\u00bbSalle Saint Trojan\u00a0\u00bb button_url=\u00a0\u00bbmailto:%20md@diocese17.fr\u00a0\u00bb button_text=\u00a0\u00bbInfos, tarifs et r\u00e9servation\u00a0\u00bb _builder_version=\u00a0\u00bb4.17.6&Prime; _module_preset=\u00a0\u00bbdefault\u00a0\u00bb background_image=\u00a0\u00bbhttps:\/\/catholiques17.fr\/maisondiocesaine\/wp-content\/uploads\/sites\/33\/2023\/01\/La-salle-Saint-Trojan-2.jpg\u00a0\u00bb hover_enabled=\u00a0\u00bb0&Prime; text_shadow_style=\u00a0\u00bbpreset2&Prime; global_colors_info=\u00a0\u00bb{}\u00a0\u00bb theme_builder_area=\u00a0\u00bbpost_content\u00a0\u00bb sticky_enabled=\u00a0\u00bb0&Prime;]<\/p>\n<p><span style=\"font-size: 14px;\">La salle Saint-Trojan accueille des groupes jusqu&rsquo;\u00e0 12 personnes, avec chaises, tables et tableau blanc.<\/span><\/p>\n<p>[\/et_pb_cta][et_pb_cta title=\u00a0\u00bbSalle Fraineau\u00a0\u00bb button_url=\u00a0\u00bbmailto:%20md@diocese17.fr\u00a0\u00bb button_text=\u00a0\u00bbInfos, tarifs et r\u00e9servation\u00a0\u00bb _builder_version=\u00a0\u00bb4.17.6&Prime; _module_preset=\u00a0\u00bbdefault\u00a0\u00bb background_image=\u00a0\u00bbhttps:\/\/catholiques17.fr\/maisondiocesaine\/wp-content\/uploads\/sites\/33\/2023\/01\/La-salle-Fraineau.jpg\u00a0\u00bb hover_enabled=\u00a0\u00bb0&Prime; text_shadow_style=\u00a0\u00bbpreset2&Prime; global_colors_info=\u00a0\u00bb{}\u00a0\u00bb theme_builder_area=\u00a0\u00bbpost_content\u00a0\u00bb sticky_enabled=\u00a0\u00bb0&Prime;]<\/p>\n<p><span style=\"font-size: 14px;\">La salle Fraineau peut accueillir des r\u00e9unions et des repas pour 10 \u00e0 15 personnes. Des chaises, des tables et une petite cuisine sont \u00e0 votre disposition.<\/span><\/p>\n<p><span style=\"font-size: 14px;\">Attention, cette salle n&rsquo;est pas accessible aux personnes \u00e0 mobilit\u00e9 r\u00e9duite.<\/span><\/p>\n<p>[\/et_pb_cta][\/et_pb_column][\/et_pb_row][et_pb_row _builder_version=\u00a0\u00bb4.17.6&Prime; _module_preset=\u00a0\u00bbdefault\u00a0\u00bb global_colors_info=\u00a0\u00bb{}\u00a0\u00bb theme_builder_area=\u00a0\u00bbpost_content\u00a0\u00bb][et_pb_column type=\u00a0\u00bb4_4&Prime; _builder_version=\u00a0\u00bb4.17.6&Prime; _module_preset=\u00a0\u00bbdefault\u00a0\u00bb global_colors_info=\u00a0\u00bb{}\u00a0\u00bb theme_builder_area=\u00a0\u00bbpost_content\u00a0\u00bb][et_pb_gallery gallery_ids=\u00a0\u00bb6136,6142,6143,6138,6094,6093,6139&Prime; _builder_version=\u00a0\u00bb4.17.6&Prime; _module_preset=\u00a0\u00bbdefault\u00a0\u00bb global_colors_info=\u00a0\u00bb{}\u00a0\u00bb theme_builder_area=\u00a0\u00bbpost_content\u00a0\u00bb][\/et_pb_gallery][\/et_pb_column][\/et_pb_row][\/et_pb_section]<\/p>\n","protected":false},"excerpt":{"rendered":"<p>Trois autres salles sont disponibles au sein de la maison dioc\u00e9saine, pour accueillir des groupes de 5 \u00e0 15 personnes : la salle P\u00e8re Jacquinot, la salle Saint-Tojan et la [&hellip;]<\/p>\n","protected":false},"author":41,"featured_media":6136,"comment_status":"open","ping_status":"open","sticky":false,"template":"","format":"standard","meta":{"_et_pb_use_builder":"on","_et_pb_old_content":"","_et_gb_content_width":"","footnotes":""},"categories":[6],"tags":[],"class_list":["post-6104","post","type-post","status-publish","format-standard","has-post-thumbnail","hentry","category-actualite"],"_links":{"self":[{"href":"https:\/\/catholiques17.fr\/maisondiocesaine\/wp-json\/wp\/v2\/posts\/6104","targetHints":{"allow":["GET"]}}],"collection":[{"href":"https:\/\/catholiques17.fr\/maisondiocesaine\/wp-json\/wp\/v2\/posts"}],"about":[{"href":"https:\/\/catholiques17.fr\/maisondiocesaine\/wp-json\/wp\/v2\/types\/post"}],"author":[{"embeddable":true,"href":"https:\/\/catholiques17.fr\/maisondiocesaine\/wp-json\/wp\/v2\/users\/41"}],"replies":[{"embeddable":true,"href":"https:\/\/catholiques17.fr\/maisondiocesaine\/wp-json\/wp\/v2\/comments?post=6104"}],"version-history":[{"count":6,"href":"https:\/\/catholiques17.fr\/maisondiocesaine\/wp-json\/wp\/v2\/posts\/6104\/revisions"}],"predecessor-version":[{"id":6199,"href":"https:\/\/catholiques17.fr\/maisondiocesaine\/wp-json\/wp\/v2\/posts\/6104\/revisions\/6199"}],"wp:featuredmedia":[{"embeddable":true,"href":"https:\/\/catholiques17.fr\/maisondiocesaine\/wp-json\/wp\/v2\/media\/6136"}],"wp:attachment":[{"href":"https:\/\/catholiques17.fr\/maisondiocesaine\/wp-json\/wp\/v2\/media?parent=6104"}],"wp:term":[{"taxonomy":"category","embeddable":true,"href":"https:\/\/catholiques17.fr\/maisondiocesaine\/wp-json\/wp\/v2\/categories?post=6104"},{"taxonomy":"post_tag","embeddable":true,"href":"https:\/\/catholiques17.fr\/maisondiocesaine\/wp-json\/wp\/v2\/tags?post=6104"}],"curies":[{"name":"wp","href":"https:\/\/api.w.org\/{rel}","templated":true}]}}