{"id":6060,"date":"2023-01-06T17:11:52","date_gmt":"2023-01-06T16:11:52","guid":{"rendered":"https:\/\/catholiques17.fr\/maisondiocesaine\/?p=6060"},"modified":"2023-01-11T09:13:14","modified_gmt":"2023-01-11T08:13:14","slug":"salle-saint-eutrope","status":"publish","type":"post","link":"https:\/\/catholiques17.fr\/maisondiocesaine\/salle-saint-eutrope\/","title":{"rendered":"Salle Saint-Eutrope"},"content":{"rendered":"<p>[et_pb_section fb_built=\u00a0\u00bb1&Prime; _builder_version=\u00a0\u00bb4.17.6&Prime; _module_preset=\u00a0\u00bbdefault\u00a0\u00bb global_colors_info=\u00a0\u00bb{}\u00a0\u00bb theme_builder_area=\u00a0\u00bbpost_content\u00a0\u00bb][et_pb_row _builder_version=\u00a0\u00bb4.17.6&Prime; _module_preset=\u00a0\u00bbdefault\u00a0\u00bb global_colors_info=\u00a0\u00bb{}\u00a0\u00bb theme_builder_area=\u00a0\u00bbpost_content\u00a0\u00bb][et_pb_column type=\u00a0\u00bb4_4&Prime; _builder_version=\u00a0\u00bb4.17.6&Prime; _module_preset=\u00a0\u00bbdefault\u00a0\u00bb global_colors_info=\u00a0\u00bb{}\u00a0\u00bb theme_builder_area=\u00a0\u00bbpost_content\u00a0\u00bb][et_pb_cta title=\u00a0\u00bbSalle de conf\u00e9rence de 140 places assises.\u00a0\u00bb button_url=\u00a0\u00bbmailto:%20md@diocese17.fr\u00a0\u00bb button_text=\u00a0\u00bbInfos, tarifs et r\u00e9servation\u00a0\u00bb _builder_version=\u00a0\u00bb4.17.6&Prime; _module_preset=\u00a0\u00bbdefault\u00a0\u00bb hover_enabled=\u00a0\u00bb0&Prime; global_colors_info=\u00a0\u00bb{}\u00a0\u00bb theme_builder_area=\u00a0\u00bbpost_content\u00a0\u00bb background_color=\u00a0\u00bb#BC3434&Prime; sticky_enabled=\u00a0\u00bb0&Prime;]<\/p>\n<p>Situ\u00e9e au deuxi\u00e8me \u00e9tage, sous les combles, la Salle Saint-Eutrope vous charmera avec ses poutres apparentes ! Elle est id\u00e9ale pour vos assembl\u00e9es g\u00e9n\u00e9rales, conf\u00e9rences&#8230;<\/p>\n<p>Accessible \u00e0 tous gr\u00e2ce \u00e0 son ascenseur, elle est \u00e9quip\u00e9e en sonorisation, vid\u00e9oprojection et wifi.<\/p>\n<p><span>Si vous souhaitez r\u00e9server plusieurs salles de la Maison dioc\u00e9saine, un tarif forfaitaire vous sera propos\u00e9 !<\/span><\/p>\n<p>[\/et_pb_cta][\/et_pb_column][\/et_pb_row][et_pb_row _builder_version=\u00a0\u00bb4.17.6&Prime; _module_preset=\u00a0\u00bbdefault\u00a0\u00bb global_colors_info=\u00a0\u00bb{}\u00a0\u00bb theme_builder_area=\u00a0\u00bbpost_content\u00a0\u00bb][et_pb_column type=\u00a0\u00bb4_4&Prime; _builder_version=\u00a0\u00bb4.17.6&Prime; _module_preset=\u00a0\u00bbdefault\u00a0\u00bb global_colors_info=\u00a0\u00bb{}\u00a0\u00bb theme_builder_area=\u00a0\u00bbpost_content\u00a0\u00bb][et_pb_gallery gallery_ids=\u00a0\u00bb5921,5920,5916,6063&Prime; _builder_version=\u00a0\u00bb4.17.6&Prime; _module_preset=\u00a0\u00bbdefault\u00a0\u00bb global_colors_info=\u00a0\u00bb{}\u00a0\u00bb theme_builder_area=\u00a0\u00bbpost_content\u00a0\u00bb][\/et_pb_gallery][\/et_pb_column][\/et_pb_row][\/et_pb_section]<\/p>\n","protected":false},"excerpt":{"rendered":"<p>Situ\u00e9e au deuxi\u00e8me \u00e9tage, sous les combles, la Salle Saint-Eutrope vous charmera avec ses poutres apparentes ! Elle est id\u00e9ale pour vos assembl\u00e9es g\u00e9n\u00e9rales, conf\u00e9rences&#8230; Accessible \u00e0 tous gr\u00e2ce \u00e0 [&hellip;]<\/p>\n","protected":false},"author":41,"featured_media":5921,"comment_status":"open","ping_status":"open","sticky":false,"template":"","format":"standard","meta":{"_et_pb_use_builder":"on","_et_pb_old_content":"","_et_gb_content_width":"","footnotes":""},"categories":[6],"tags":[],"class_list":["post-6060","post","type-post","status-publish","format-standard","has-post-thumbnail","hentry","category-actualite"],"_links":{"self":[{"href":"https:\/\/catholiques17.fr\/maisondiocesaine\/wp-json\/wp\/v2\/posts\/6060","targetHints":{"allow":["GET"]}}],"collection":[{"href":"https:\/\/catholiques17.fr\/maisondiocesaine\/wp-json\/wp\/v2\/posts"}],"about":[{"href":"https:\/\/catholiques17.fr\/maisondiocesaine\/wp-json\/wp\/v2\/types\/post"}],"author":[{"embeddable":true,"href":"https:\/\/catholiques17.fr\/maisondiocesaine\/wp-json\/wp\/v2\/users\/41"}],"replies":[{"embeddable":true,"href":"https:\/\/catholiques17.fr\/maisondiocesaine\/wp-json\/wp\/v2\/comments?post=6060"}],"version-history":[{"count":4,"href":"https:\/\/catholiques17.fr\/maisondiocesaine\/wp-json\/wp\/v2\/posts\/6060\/revisions"}],"predecessor-version":[{"id":6192,"href":"https:\/\/catholiques17.fr\/maisondiocesaine\/wp-json\/wp\/v2\/posts\/6060\/revisions\/6192"}],"wp:featuredmedia":[{"embeddable":true,"href":"https:\/\/catholiques17.fr\/maisondiocesaine\/wp-json\/wp\/v2\/media\/5921"}],"wp:attachment":[{"href":"https:\/\/catholiques17.fr\/maisondiocesaine\/wp-json\/wp\/v2\/media?parent=6060"}],"wp:term":[{"taxonomy":"category","embeddable":true,"href":"https:\/\/catholiques17.fr\/maisondiocesaine\/wp-json\/wp\/v2\/categories?post=6060"},{"taxonomy":"post_tag","embeddable":true,"href":"https:\/\/catholiques17.fr\/maisondiocesaine\/wp-json\/wp\/v2\/tags?post=6060"}],"curies":[{"name":"wp","href":"https:\/\/api.w.org\/{rel}","templated":true}]}}