{"id":9739,"date":"2025-05-25T09:36:05","date_gmt":"2025-05-25T07:36:05","guid":{"rendered":"https:\/\/catholiques17.fr\/latremblade\/?p=9739"},"modified":"2025-05-25T09:36:07","modified_gmt":"2025-05-25T07:36:07","slug":"fete-de-lascension","status":"publish","type":"post","link":"https:\/\/catholiques17.fr\/latremblade\/05\/25\/fete-de-lascension\/2025\/","title":{"rendered":"F\u00eate de l&rsquo;ascension"},"content":{"rendered":"\n<p class=\"has-black-color has-text-color has-link-color has-medium-font-size wp-elements-4df9ef1906ff884da1e42250fafb63a8\">L\u2019Ascension est une f\u00eate chr\u00e9tienne qui rev\u00eat une grande importance pour les fid\u00e8les du monde entier. En 2025, elle sera c\u00e9l\u00e9br\u00e9e le&nbsp;<strong>29 mai<\/strong>, marquant l\u2019\u00e9l\u00e9vation de J\u00e9sus Christ au ciel, quarante jours apr\u00e8s sa r\u00e9surrection. Cet article vise \u00e0 \u00e9clairer les lecteurs sur la signification profonde de cette c\u00e9l\u00e9bration, ses origines et quelques id\u00e9es sur les mani\u00e8res de la f\u00eater.<\/p>\n\n\n\n<h2 class=\"wp-block-heading has-black-color has-text-color has-link-color has-medium-font-size wp-elements-3e44a1f6429465058e0bf819835dd13a\">Qu\u2019est-ce que l\u2019Ascension ?<\/h2>\n\n\n\n<p class=\"has-black-color has-text-color has-link-color has-medium-font-size wp-elements-5d252cb6ea472ba59007f76b2de854cc\">L\u2019Ascension comm\u00e9more la derni\u00e8re rencontre de J\u00e9sus avec ses disciples avant son \u00e9l\u00e9vation au ciel. Cette f\u00eate symbolise non seulement la fin de la pr\u00e9sence terrestre de Christ, mais annonce aussi le d\u00e9but des missions des ap\u00f4tres, qui sont appel\u00e9s \u00e0 propager son message. L\u2019Ascension est en effet un moment charni\u00e8re dans le calendrier chr\u00e9tien, reliant P\u00e2ques \u00e0 la Pentec\u00f4te.<\/p>\n\n\n\n<h2 class=\"wp-block-heading\">Date de l\u2019Ascension en 2025<\/h2>\n\n\n\n<p class=\"has-black-color has-text-color has-link-color has-medium-font-size wp-elements-f016ac2f3c8dd26490345dd013df39b5\">En 2025, la f\u00eate de l\u2019Ascension sera c\u00e9l\u00e9br\u00e9e le\u00a0<strong>jeudi 29 mai<\/strong>. Cette date, qui tombe toujours quarante jours apr\u00e8s P\u00e2ques, est une occasion de rassemblement et de r\u00e9flexion pour les chr\u00e9tiens.<\/p>\n\n\n\n<h2 class=\"wp-block-heading\">Origines et signification de l\u2019Ascension<\/h2>\n\n\n\n<p class=\"has-black-color has-text-color has-link-color has-medium-font-size wp-elements-026927f3ac51fdb83b787729034be9dc\">Les origines de l\u2019Ascension remontent aux \u00e9crits des \u00e9vangiles, o\u00f9 l\u2019\u00e9l\u00e9vation de J\u00e9sus est d\u00e9crite comme un \u00e9v\u00e9nement majeur. Le r\u00e9cit biblique nous parle de la promesse du retour de J\u00e9sus, ce qui donne une perspective d\u2019espoir et de mission aux croyants. Les traditions li\u00e9es \u00e0 l\u2019Ascension varient \u00e0 travers le monde, mais toutes soulignent la continuit\u00e9 de l\u2019\u0153uvre de J\u00e9sus par ses disciples.<\/p>\n\n\n\n<h2 class=\"wp-block-heading\">C\u00e9l\u00e9brations et pratiques autour de l\u2019Ascension<\/h2>\n\n\n\n<p class=\"has-black-color has-text-color has-link-color has-medium-font-size wp-elements-18f2682c2f03ec24cb6d54b67738a43b\">La c\u00e9l\u00e9bration de l\u2019Ascension s\u2019accompagne souvent de divers rituels religieux, tels que des messes sp\u00e9ciales et des pri\u00e8res. De plus, il est courant pour les familles de se rassembler pour partager un repas ou pour r\u00e9aliser des activit\u00e9s communautaires. <\/p>\n\n\n\n<p><\/p>\n\n\n\n<h2 class=\"wp-block-heading\">Le sens de l\u2019Ascension aujourd\u2019hui<\/h2>\n\n\n\n<p class=\"has-black-color has-text-color has-link-color has-medium-font-size wp-elements-1aadd78e48f2807bc8d0da7b4488e426\">Dans le monde contemporain, l\u2019Ascension reste une occasion de r\u00e9flexion sur la mission chr\u00e9tienne et l\u2019engagement des fid\u00e8les \u00e0 diffuser le message de paix et d\u2019amour pr\u00each\u00e9 par J\u00e9sus. Cela rappelle que chaque croyant a un r\u00f4le \u00e0 jouer dans la communaut\u00e9 et au-del\u00e0. <\/p>\n\n\n\n<h2 class=\"wp-block-heading\">Date de l\u2019Ascension 2025<\/h2>\n\n\n\n<p class=\"has-black-color has-text-color has-link-color has-medium-font-size wp-elements-a59970fc94217f9a777131e19bf6235d\">La f\u00eate de l\u2019Ascension sera c\u00e9l\u00e9br\u00e9e le&nbsp;<strong>jeudi 29 mai 2025<\/strong>. Cette date est remarquablement importante dans le calendrier chr\u00e9tien, se d\u00e9roulant&nbsp;<strong>quarante jours apr\u00e8s P\u00e2ques<\/strong>. Ce moment particulier marque la fin de la pr\u00e9sence corporelle de J\u00e9sus sur Terre et son \u00e9l\u00e9vation vers le ciel. Il est essentiel de se rappeler que cette c\u00e9l\u00e9bration a toujours lieu un jeudi, ce qui offre une opportunit\u00e9 de profiter d\u2019un week-end prolong\u00e9, notamment en 2025, avec le pont du 29 mai au 1er juin.<\/p>\n\n\n\n<h2 class=\"wp-block-heading\">Signification de l\u2019Ascension<\/h2>\n\n\n\n<p class=\"has-black-color has-text-color has-link-color has-medium-font-size wp-elements-b6fa85e9ec9c795dcbe35bd9e2f07573\">L\u2019Ascension n\u2019est pas seulement une comm\u00e9moration de l\u2019\u00e9l\u00e9vation de J\u00e9sus, mais elle incarne \u00e9galement un tournant dans la mission chr\u00e9tienne. Apr\u00e8s son ascension, les ap\u00f4tres sont charg\u00e9s de propager l\u2019\u00c9vangile et d\u2019accomplir leur mission de t\u00e9moins. Cette dimension de la f\u00eate souligne l\u2019importance d\u2019agir et d\u2019engager sa foi dans le monde. Pour mieux saisir son importance, prenez le temps d\u2019explorer les \u00c9critures qui relatent cet \u00e9v\u00e9nement, notamment dans les Actes des Ap\u00f4tres.<\/p>\n\n\n\n<h2 class=\"wp-block-heading\">Comment c\u00e9l\u00e9brer l\u2019Ascension<\/h2>\n\n\n\n<p class=\"has-black-color has-text-color has-link-color has-medium-font-size wp-elements-9cfee2c67b25d171c8f75c9bae84287f\">Pour comm\u00e9morer l\u2019Ascension, de nombreuses options s\u2019offrent \u00e0 vous. La participation \u00e0 la messe de l\u2019Ascension, qui sera souvent organis\u00e9e dans les lieux de culte, est une belle mani\u00e8re de vivre cette f\u00eate. Ce service religieux rev\u00eat une importance particuli\u00e8re, permettant aux fid\u00e8les de se rassembler et de r\u00e9fl\u00e9chir ensemble au sens de cette \u00e9l\u00e9vation divine.<\/p>\n\n\n\n<h3 class=\"wp-block-heading\">Organiser des moments de pri\u00e8re<\/h3>\n\n\n\n<p class=\"has-black-color has-text-color has-link-color has-medium-font-size wp-elements-5cdce96a70911d4e10b6685116e21420\">C\u00e9l\u00e9brer l\u2019Ascension peut \u00e9galement passer par des moments de pri\u00e8re en famille ou entre amis. Prenez l\u2019initiative d\u2019animer une pri\u00e8re sp\u00e9ciale o\u00f9 chacun peut partager ses r\u00e9flexions sur l\u2019\u00e9l\u00e9vation de J\u00e9sus et ce que cela signifie pour leur vie de foi. Ce temps de partage renforce les liens spirituels et permet de mieux comprendre le sens profond de cette f\u00eate.<\/p>\n\n\n\n<h3 class=\"wp-block-heading\">Faire \u0153uvre de charit\u00e9<\/h3>\n\n\n\n<p class=\"has-black-color has-text-color has-link-color has-medium-font-size wp-elements-7b75218a46ae2a1ae055579b517c6f5e\">Une autre fa\u00e7on de marquer l\u2019Ascension est de s\u2019engager dans des \u0153uvres de charit\u00e9. Partager des ressources avec ceux qui en ont besoin ou offrir son temps \u00e0 des associations locales sont des gestes puissants. Cela rappelle l\u2019importance de mettre sa foi en action, comme les ap\u00f4tres ont \u00e9t\u00e9 appel\u00e9s \u00e0 le faire apr\u00e8s l\u2019ascension de J\u00e9sus.<\/p>\n\n\n\n<h2 class=\"wp-block-heading\"><\/h2>\n\n\n\n<h2 class=\"wp-block-heading\">R\u00e9flexion personnelle et litt\u00e9raire<\/h2>\n\n\n\n<p class=\"has-black-color has-text-color has-link-color has-medium-font-size wp-elements-39918af019db7ea325d52ae9537b6bcc\">Enfin, prenez le temps de r\u00e9fl\u00e9chir sur le sens de l\u2019Ascension \u00e0 travers la lecture. Choisissez des livres ou des \u00e9crits spirituels qui parlent de cet \u00e9v\u00e9nement ou qui explorent son impact dans l\u2019histoire chr\u00e9tienne. \u00c9crire vos propres r\u00e9flexions dans un journal peut \u00e9galement \u00eatre une mani\u00e8re enrichissante de c\u00e9l\u00e9brer cet \u00e9v\u00e9nement sacr\u00e9. Cela vous permettra de poser des mots sur votre compr\u00e9hension de l\u2019Ascension et d\u2019\u00e9valuer votre cheminement de foi.<\/p>\n\n\n\n<figure class=\"wp-block-image\"><img decoding=\"async\" src=\"https:\/\/newsguy.com\/wp-content\/uploads\/2025\/02\/Ascension-2025-comprendre-la-date-de-cette-fete-religieuse-et-son-importance.png\" alt=\"d\u00e9couvrez tout sur l'ascension 2025 : date, signification et importance de cette f\u00eate religieuse dans le calendrier chr\u00e9tien. plongez dans ses traditions et son h\u00e9ritage spirituel.\" \/><\/figure>\n","protected":false},"excerpt":{"rendered":"<p>L\u2019Ascension est une f\u00eate chr\u00e9tienne qui rev\u00eat une grande importance pour les fid\u00e8les du monde entier. En 2025, elle sera c\u00e9l\u00e9br\u00e9e le&nbsp;29 mai, marquant l\u2019\u00e9l\u00e9vation de J\u00e9sus Christ au ciel, [&hellip;]<\/p>\n","protected":false},"author":58,"featured_media":9740,"comment_status":"open","ping_status":"open","sticky":false,"template":"","format":"standard","meta":{"_et_pb_use_builder":"off","_et_pb_old_content":"","_et_gb_content_width":"","footnotes":""},"categories":[6,27,32],"tags":[],"class_list":["post-9739","post","type-post","status-publish","format-standard","has-post-thumbnail","hentry","category-actualite","category-eglise-universelle","category-fete"],"_links":{"self":[{"href":"https:\/\/catholiques17.fr\/latremblade\/wp-json\/wp\/v2\/posts\/9739","targetHints":{"allow":["GET"]}}],"collection":[{"href":"https:\/\/catholiques17.fr\/latremblade\/wp-json\/wp\/v2\/posts"}],"about":[{"href":"https:\/\/catholiques17.fr\/latremblade\/wp-json\/wp\/v2\/types\/post"}],"author":[{"embeddable":true,"href":"https:\/\/catholiques17.fr\/latremblade\/wp-json\/wp\/v2\/users\/58"}],"replies":[{"embeddable":true,"href":"https:\/\/catholiques17.fr\/latremblade\/wp-json\/wp\/v2\/comments?post=9739"}],"version-history":[{"count":1,"href":"https:\/\/catholiques17.fr\/latremblade\/wp-json\/wp\/v2\/posts\/9739\/revisions"}],"predecessor-version":[{"id":9741,"href":"https:\/\/catholiques17.fr\/latremblade\/wp-json\/wp\/v2\/posts\/9739\/revisions\/9741"}],"wp:featuredmedia":[{"embeddable":true,"href":"https:\/\/catholiques17.fr\/latremblade\/wp-json\/wp\/v2\/media\/9740"}],"wp:attachment":[{"href":"https:\/\/catholiques17.fr\/latremblade\/wp-json\/wp\/v2\/media?parent=9739"}],"wp:term":[{"taxonomy":"category","embeddable":true,"href":"https:\/\/catholiques17.fr\/latremblade\/wp-json\/wp\/v2\/categories?post=9739"},{"taxonomy":"post_tag","embeddable":true,"href":"https:\/\/catholiques17.fr\/latremblade\/wp-json\/wp\/v2\/tags?post=9739"}],"curies":[{"name":"wp","href":"https:\/\/api.w.org\/{rel}","templated":true}]}}