{"id":11865,"date":"2026-03-18T11:22:20","date_gmt":"2026-03-18T10:22:20","guid":{"rendered":"https:\/\/catholiques17.fr\/laleumireuil\/?p=11865"},"modified":"2026-03-18T11:26:34","modified_gmt":"2026-03-18T10:26:34","slug":"fete-de-lannonciation","status":"publish","type":"post","link":"https:\/\/catholiques17.fr\/laleumireuil\/2026\/03\/18\/fete-de-lannonciation\/","title":{"rendered":"F\u00eate de l&rsquo;Annonciation"},"content":{"rendered":"<p>[et_pb_section fb_built=\u00a0\u00bb1&Prime; theme_builder_area=\u00a0\u00bbpost_content\u00a0\u00bb _builder_version=\u00a0\u00bb4.27.5&Prime; _module_preset=\u00a0\u00bbdefault\u00a0\u00bb][et_pb_row _builder_version=\u00a0\u00bb4.27.5&Prime; _module_preset=\u00a0\u00bbdefault\u00a0\u00bb theme_builder_area=\u00a0\u00bbpost_content\u00a0\u00bb custom_margin=\u00a0\u00bb-50px|auto||auto||\u00a0\u00bb][et_pb_column _builder_version=\u00a0\u00bb4.27.5&Prime; _module_preset=\u00a0\u00bbdefault\u00a0\u00bb type=\u00a0\u00bb4_4&Prime; theme_builder_area=\u00a0\u00bbpost_content\u00a0\u00bb][et_pb_image src=\u00a0\u00bbhttps:\/\/catholiques17.fr\/laleumireuil\/wp-content\/uploads\/sites\/43\/2026\/03\/Annonciation2.jpg\u00a0\u00bb _builder_version=\u00a0\u00bb4.27.5&Prime; _module_preset=\u00a0\u00bbdefault\u00a0\u00bb theme_builder_area=\u00a0\u00bbpost_content\u00a0\u00bb max_width=\u00a0\u00bb55%\u00a0\u00bb module_alignment=\u00a0\u00bbcenter\u00a0\u00bb][\/et_pb_image][et_pb_text _builder_version=\u00a0\u00bb4.27.5&Prime; _module_preset=\u00a0\u00bbdefault\u00a0\u00bb theme_builder_area=\u00a0\u00bbpost_content\u00a0\u00bb hover_enabled=\u00a0\u00bb0&Prime; sticky_enabled=\u00a0\u00bb0&Prime;]<\/p>\n<p>Mercredi 25 mars, f\u00eate de l&rsquo;Annonciation : messe \u00e0 18h30 \u00e0 Mireuil Apr\u00e8s la messe, nous sommes invit\u00e9s \u00e0 partager une soir\u00e9e \u00ab bol de riz \u00bb : repas frugal, pr\u00e9sentation du \u00ab caf\u00e9-causette \u00bb du secours catholique, auquel sont destin\u00e9es nos offrandes de Car\u00eame.<\/p>\n<p>[\/et_pb_text][\/et_pb_column][\/et_pb_row][\/et_pb_section]<\/p>\n","protected":false},"excerpt":{"rendered":"<p>Mercredi 25 mars, f\u00eate de l&rsquo;Annonciation : messe \u00e0 18h30 \u00e0 Mireuil Apr\u00e8s la messe, nous sommes invit\u00e9s \u00e0 partager une soir\u00e9e \u00ab bol de riz \u00bb : repas frugal, [&hellip;]<\/p>\n","protected":false},"author":74,"featured_media":11866,"comment_status":"open","ping_status":"open","sticky":false,"template":"","format":"standard","meta":{"_et_pb_use_builder":"on","_et_pb_old_content":"","_et_gb_content_width":"","footnotes":""},"categories":[6,49],"tags":[],"class_list":["post-11865","post","type-post","status-publish","format-standard","has-post-thumbnail","hentry","category-actualite","category-messe"],"_links":{"self":[{"href":"https:\/\/catholiques17.fr\/laleumireuil\/wp-json\/wp\/v2\/posts\/11865","targetHints":{"allow":["GET"]}}],"collection":[{"href":"https:\/\/catholiques17.fr\/laleumireuil\/wp-json\/wp\/v2\/posts"}],"about":[{"href":"https:\/\/catholiques17.fr\/laleumireuil\/wp-json\/wp\/v2\/types\/post"}],"author":[{"embeddable":true,"href":"https:\/\/catholiques17.fr\/laleumireuil\/wp-json\/wp\/v2\/users\/74"}],"replies":[{"embeddable":true,"href":"https:\/\/catholiques17.fr\/laleumireuil\/wp-json\/wp\/v2\/comments?post=11865"}],"version-history":[{"count":3,"href":"https:\/\/catholiques17.fr\/laleumireuil\/wp-json\/wp\/v2\/posts\/11865\/revisions"}],"predecessor-version":[{"id":11870,"href":"https:\/\/catholiques17.fr\/laleumireuil\/wp-json\/wp\/v2\/posts\/11865\/revisions\/11870"}],"wp:featuredmedia":[{"embeddable":true,"href":"https:\/\/catholiques17.fr\/laleumireuil\/wp-json\/wp\/v2\/media\/11866"}],"wp:attachment":[{"href":"https:\/\/catholiques17.fr\/laleumireuil\/wp-json\/wp\/v2\/media?parent=11865"}],"wp:term":[{"taxonomy":"category","embeddable":true,"href":"https:\/\/catholiques17.fr\/laleumireuil\/wp-json\/wp\/v2\/categories?post=11865"},{"taxonomy":"post_tag","embeddable":true,"href":"https:\/\/catholiques17.fr\/laleumireuil\/wp-json\/wp\/v2\/tags?post=11865"}],"curies":[{"name":"wp","href":"https:\/\/api.w.org\/{rel}","templated":true}]}}