{"id":11773,"date":"2026-02-15T15:29:51","date_gmt":"2026-02-15T14:29:51","guid":{"rendered":"https:\/\/catholiques17.fr\/laleumireuil\/?p=11773"},"modified":"2026-02-15T15:31:20","modified_gmt":"2026-02-15T14:31:20","slug":"semaine-sainte","status":"publish","type":"post","link":"https:\/\/catholiques17.fr\/laleumireuil\/2026\/02\/15\/semaine-sainte\/","title":{"rendered":"Semaine Sainte"},"content":{"rendered":"<p>[et_pb_section fb_built=\u00a0\u00bb1&Prime; theme_builder_area=\u00a0\u00bbpost_content\u00a0\u00bb _builder_version=\u00a0\u00bb4.27.5&Prime; _module_preset=\u00a0\u00bbdefault\u00a0\u00bb][et_pb_row _builder_version=\u00a0\u00bb4.27.5&Prime; _module_preset=\u00a0\u00bbdefault\u00a0\u00bb theme_builder_area=\u00a0\u00bbpost_content\u00a0\u00bb custom_margin=\u00a0\u00bb-50px|auto||auto||\u00a0\u00bb][et_pb_column _builder_version=\u00a0\u00bb4.27.5&Prime; _module_preset=\u00a0\u00bbdefault\u00a0\u00bb type=\u00a0\u00bb4_4&Prime; theme_builder_area=\u00a0\u00bbpost_content\u00a0\u00bb][et_pb_text _builder_version=\u00a0\u00bb4.27.5&Prime; _module_preset=\u00a0\u00bbdefault\u00a0\u00bb theme_builder_area=\u00a0\u00bbpost_content\u00a0\u00bb hover_enabled=\u00a0\u00bb0&Prime; sticky_enabled=\u00a0\u00bb0&Prime; custom_padding=\u00a0\u00bb||26px|||\u00a0\u00bb]<\/p>\n<p class=\"p1\" style=\"text-align: center\"><span class=\"s1\"><b>Semaine Sainte<\/b><\/span><\/p>\n<p class=\"p1\"><span class=\"s1\"><b><\/b><\/span><\/p>\n<p class=\"p1\"><span class=\"s1\"><b>dimanche 29 mars<\/b> dimanche des Rameaux et de la Passion &#8211; horaires habituels du dimanche<\/span><\/p>\n<p class=\"p1\"><span class=\"s1\"><b>mercredi 1er avril :<\/b> Mireuil 17h \u00e0 18h confessions<\/span><\/p>\n<p class=\"p1\"><span class=\"s1\"><b>jeudi saint 2 avril :<\/b> La Pallice 18h30 c\u00e9l\u00e9bration de la C\u00e8ne<\/span><\/p>\n<p class=\"p1\"><span class=\"s1\"><b>vendredi saint 3 avril :<\/b> Laleu 15h chemin de croix, Mireuil 18h30 c\u00e9l\u00e9bration de la croix<\/span><\/p>\n<p class=\"p1\"><span class=\"s1\"><b>samedi saint 4 avril :<\/b> Laleu 21h veill\u00e9e pascale<\/span><\/p>\n<p class=\"p1\"><span class=\"s1\"><b>dimanche 5 avril :<\/b> Mireuil 11h messe du jour de P\u00e2ques<\/span><\/p>\n<p>[\/et_pb_text][et_pb_image src=\u00a0\u00bbhttps:\/\/catholiques17.fr\/laleumireuil\/wp-content\/uploads\/sites\/43\/2026\/02\/ChatGPT-Image-15-fevr.-2026-15_18_58.jpg\u00a0\u00bb _builder_version=\u00a0\u00bb4.27.5&Prime; _module_preset=\u00a0\u00bbdefault\u00a0\u00bb theme_builder_area=\u00a0\u00bbpost_content\u00a0\u00bb align=\u00a0\u00bbcenter\u00a0\u00bb hover_enabled=\u00a0\u00bb0&Prime; sticky_enabled=\u00a0\u00bb0&Prime;][\/et_pb_image][\/et_pb_column][\/et_pb_row][\/et_pb_section]<\/p>\n","protected":false},"excerpt":{"rendered":"<p>Semaine Sainte dimanche 29 mars dimanche des Rameaux et de la Passion &#8211; horaires habituels du dimanche mercredi 1er avril : Mireuil 17h \u00e0 18h confessions jeudi saint 2 avril [&hellip;]<\/p>\n","protected":false},"author":74,"featured_media":11774,"comment_status":"open","ping_status":"open","sticky":false,"template":"","format":"standard","meta":{"_et_pb_use_builder":"on","_et_pb_old_content":"","_et_gb_content_width":"","footnotes":""},"categories":[6,38],"tags":[],"class_list":["post-11773","post","type-post","status-publish","format-standard","has-post-thumbnail","hentry","category-actualite","category-careme"],"_links":{"self":[{"href":"https:\/\/catholiques17.fr\/laleumireuil\/wp-json\/wp\/v2\/posts\/11773","targetHints":{"allow":["GET"]}}],"collection":[{"href":"https:\/\/catholiques17.fr\/laleumireuil\/wp-json\/wp\/v2\/posts"}],"about":[{"href":"https:\/\/catholiques17.fr\/laleumireuil\/wp-json\/wp\/v2\/types\/post"}],"author":[{"embeddable":true,"href":"https:\/\/catholiques17.fr\/laleumireuil\/wp-json\/wp\/v2\/users\/74"}],"replies":[{"embeddable":true,"href":"https:\/\/catholiques17.fr\/laleumireuil\/wp-json\/wp\/v2\/comments?post=11773"}],"version-history":[{"count":3,"href":"https:\/\/catholiques17.fr\/laleumireuil\/wp-json\/wp\/v2\/posts\/11773\/revisions"}],"predecessor-version":[{"id":11779,"href":"https:\/\/catholiques17.fr\/laleumireuil\/wp-json\/wp\/v2\/posts\/11773\/revisions\/11779"}],"wp:featuredmedia":[{"embeddable":true,"href":"https:\/\/catholiques17.fr\/laleumireuil\/wp-json\/wp\/v2\/media\/11774"}],"wp:attachment":[{"href":"https:\/\/catholiques17.fr\/laleumireuil\/wp-json\/wp\/v2\/media?parent=11773"}],"wp:term":[{"taxonomy":"category","embeddable":true,"href":"https:\/\/catholiques17.fr\/laleumireuil\/wp-json\/wp\/v2\/categories?post=11773"},{"taxonomy":"post_tag","embeddable":true,"href":"https:\/\/catholiques17.fr\/laleumireuil\/wp-json\/wp\/v2\/tags?post=11773"}],"curies":[{"name":"wp","href":"https:\/\/api.w.org\/{rel}","templated":true}]}}