{"id":11765,"date":"2026-02-15T15:18:16","date_gmt":"2026-02-15T14:18:16","guid":{"rendered":"https:\/\/catholiques17.fr\/laleumireuil\/?p=11765"},"modified":"2026-02-15T15:28:46","modified_gmt":"2026-02-15T14:28:46","slug":"careme-2026","status":"publish","type":"post","link":"https:\/\/catholiques17.fr\/laleumireuil\/2026\/02\/15\/careme-2026\/","title":{"rendered":"Car\u00eame 2026"},"content":{"rendered":"\n[et_pb_section fb_built=\u00a0\u00bb1&Prime; theme_builder_area=\u00a0\u00bbpost_content\u00a0\u00bb _builder_version=\u00a0\u00bb4.27.5&Prime; _module_preset=\u00a0\u00bbdefault\u00a0\u00bb][et_pb_row _builder_version=\u00a0\u00bb4.27.5&Prime; _module_preset=\u00a0\u00bbdefault\u00a0\u00bb theme_builder_area=\u00a0\u00bbpost_content\u00a0\u00bb custom_margin=\u00a0\u00bb-50px|auto||auto||\u00a0\u00bb][et_pb_column _builder_version=\u00a0\u00bb4.27.5&Prime; _module_preset=\u00a0\u00bbdefault\u00a0\u00bb type=\u00a0\u00bb4_4&Prime; theme_builder_area=\u00a0\u00bbpost_content\u00a0\u00bb][et_pb_text _builder_version=\u00a0\u00bb4.27.5&Prime; _module_preset=\u00a0\u00bbdefault\u00a0\u00bb theme_builder_area=\u00a0\u00bbpost_content\u00a0\u00bb hover_enabled=\u00a0\u00bb0&Prime; sticky_enabled=\u00a0\u00bb0&Prime; min_height=\u00a0\u00bb620px\u00a0\u00bb]<p class=\"p1\" style=\"text-align: center\"><span class=\"s1\"><b>CAR\u00caME 2026<\/p>\n<p><\/b><\/span><\/p>\n<p class=\"p1\"><span class=\"s1\"><b>mercredi 18 f\u00e9vrier :<\/b> entr\u00e9e en car\u00eame, c\u00e9l\u00e9bration des cendres \u00e0 18h30 \u00e0 Mireuil<\/span><\/p>\n<p class=\"p1\"><span class=\"s1\"><b>tous les vendredis (\u00e0 partir du 20 f\u00e9vrier)<\/b><br \/>chemin de croix \u00e0 15h \u00e0 La Pallice \u00e0 19h \u00e0 Mireuil<\/span><\/p>\n<p class=\"p2\"><span class=\"s1\"><b>samedis de car\u00eame<\/b><\/span><\/p>\n<p class=\"p1\"><span class=\"s1\"><b>samedis 21 et 28 f\u00e9vrier, et 7 et 14 mars<\/b><b><\/b><\/span><\/p>\n<p class=\"p1\"><span class=\"s1\">partage d\u2019\u00e9vangile, suivi de la messe dominicale anticip\u00e9e, de 18h \u00e0 19h30, \u00e0 la Pallice<\/span><\/p>\n<p class=\"p1\"><span class=\"s1\"><b>samedi 21 mars<\/b><b><\/b><\/span><\/p>\n<ul class=\"ul1\">\n<li class=\"li1\"><span class=\"s1\">de 10h \u00e0 16h, \u00e0 Mireuil retraite spirituelle sur le th\u00e8me de la pri\u00e8re (apporter son pique nique)<\/span><\/li>\n<li class=\"li1\"><span class=\"s1\">\u00e0 18h30, messe dominicale anticip\u00e9e \u00e0 La Pallice<\/span><\/li>\n<\/ul>\n<p class=\"p1\"><span class=\"s1\"><b>jeudi 19 mars, f\u00eate de saint Joseph,<\/b><br \/>messe \u00e0 18h30 \u00e0 Laleu<\/span><\/p>\n<p class=\"p1\"><span class=\"s1\"><b>mercredi 25 mars, f\u00eate de l\u2019Annonciation,<\/b><br \/>messe \u00e0 18h30 \u00e0 Mireuil<\/span><\/p>\n<p class=\"p1\"><span class=\"s1\"><b>jeudi 26 mars, c\u00e9l\u00e9bration de r\u00e9conciliation<\/b><br \/>\u00e0 18h, \u00e0 Laleu, suivie de la messe<\/span><\/p>\n<p class=\"p1\"><span class=\"s1\"><b>tous les dimanches \u00e0 10h15 \u00e0 Mireuil :<\/b> pri\u00e8re du chapelet<\/span><\/p>[\/et_pb_text][et_pb_image src=\u00a0\u00bbhttps:\/\/catholiques17.fr\/laleumireuil\/wp-content\/uploads\/sites\/43\/2026\/02\/ChatGPT-Image-15-fevr.-2026-15_12_03.jpg\u00a0\u00bb _builder_version=\u00a0\u00bb4.27.5&Prime; _module_preset=\u00a0\u00bbdefault\u00a0\u00bb theme_builder_area=\u00a0\u00bbpost_content\u00a0\u00bb align=\u00a0\u00bbcenter\u00a0\u00bb hover_enabled=\u00a0\u00bb0&Prime; sticky_enabled=\u00a0\u00bb0&Prime; min_height=\u00a0\u00bb775px\u00a0\u00bb width=\u00a0\u00bb100%\u00a0\u00bb max_width=\u00a0\u00bb100%\u00a0\u00bb][\/et_pb_image][\/et_pb_column][\/et_pb_row][\/et_pb_section]\n","protected":false},"excerpt":{"rendered":"<p>CAR\u00caME 2026 mercredi 18 f\u00e9vrier : entr\u00e9e en car\u00eame, c\u00e9l\u00e9bration des cendres \u00e0 18h30 \u00e0 Mireuil tous les vendredis (\u00e0 partir du 20 f\u00e9vrier)chemin de croix \u00e0 15h \u00e0 La [&hellip;]<\/p>\n","protected":false},"author":74,"featured_media":11771,"comment_status":"open","ping_status":"open","sticky":false,"template":"","format":"standard","meta":{"_et_pb_use_builder":"on","_et_pb_old_content":"","_et_gb_content_width":"","footnotes":""},"categories":[6,38],"tags":[],"class_list":["post-11765","post","type-post","status-publish","format-standard","has-post-thumbnail","hentry","category-actualite","category-careme"],"_links":{"self":[{"href":"https:\/\/catholiques17.fr\/laleumireuil\/wp-json\/wp\/v2\/posts\/11765","targetHints":{"allow":["GET"]}}],"collection":[{"href":"https:\/\/catholiques17.fr\/laleumireuil\/wp-json\/wp\/v2\/posts"}],"about":[{"href":"https:\/\/catholiques17.fr\/laleumireuil\/wp-json\/wp\/v2\/types\/post"}],"author":[{"embeddable":true,"href":"https:\/\/catholiques17.fr\/laleumireuil\/wp-json\/wp\/v2\/users\/74"}],"replies":[{"embeddable":true,"href":"https:\/\/catholiques17.fr\/laleumireuil\/wp-json\/wp\/v2\/comments?post=11765"}],"version-history":[{"count":4,"href":"https:\/\/catholiques17.fr\/laleumireuil\/wp-json\/wp\/v2\/posts\/11765\/revisions"}],"predecessor-version":[{"id":11772,"href":"https:\/\/catholiques17.fr\/laleumireuil\/wp-json\/wp\/v2\/posts\/11765\/revisions\/11772"}],"wp:featuredmedia":[{"embeddable":true,"href":"https:\/\/catholiques17.fr\/laleumireuil\/wp-json\/wp\/v2\/media\/11771"}],"wp:attachment":[{"href":"https:\/\/catholiques17.fr\/laleumireuil\/wp-json\/wp\/v2\/media?parent=11765"}],"wp:term":[{"taxonomy":"category","embeddable":true,"href":"https:\/\/catholiques17.fr\/laleumireuil\/wp-json\/wp\/v2\/categories?post=11765"},{"taxonomy":"post_tag","embeddable":true,"href":"https:\/\/catholiques17.fr\/laleumireuil\/wp-json\/wp\/v2\/tags?post=11765"}],"curies":[{"name":"wp","href":"https:\/\/api.w.org\/{rel}","templated":true}]}}