{"id":11676,"date":"2026-02-07T21:09:22","date_gmt":"2026-02-07T20:09:22","guid":{"rendered":"https:\/\/catholiques17.fr\/laleumireuil\/?p=11676"},"modified":"2026-02-07T21:11:30","modified_gmt":"2026-02-07T20:11:30","slug":"messe-celebree-par-mgr-bozo","status":"publish","type":"post","link":"https:\/\/catholiques17.fr\/laleumireuil\/2026\/02\/07\/messe-celebree-par-mgr-bozo\/","title":{"rendered":"Messe c\u00e9l\u00e9br\u00e9e par Mgr BOZO"},"content":{"rendered":"<p>[et_pb_section fb_built=\u00a0\u00bb1&Prime; theme_builder_area=\u00a0\u00bbpost_content\u00a0\u00bb _builder_version=\u00a0\u00bb4.27.5&Prime; _module_preset=\u00a0\u00bbdefault\u00a0\u00bb][et_pb_row _builder_version=\u00a0\u00bb4.27.5&Prime; _module_preset=\u00a0\u00bbdefault\u00a0\u00bb theme_builder_area=\u00a0\u00bbpost_content\u00a0\u00bb custom_margin=\u00a0\u00bb-50px|auto||auto||\u00a0\u00bb][et_pb_column _builder_version=\u00a0\u00bb4.27.5&Prime; _module_preset=\u00a0\u00bbdefault\u00a0\u00bb type=\u00a0\u00bb4_4&Prime; theme_builder_area=\u00a0\u00bbpost_content\u00a0\u00bb][et_pb_text _builder_version=\u00a0\u00bb4.27.5&Prime; _module_preset=\u00a0\u00bbdefault\u00a0\u00bb theme_builder_area=\u00a0\u00bbpost_content\u00a0\u00bb hover_enabled=\u00a0\u00bb0&Prime; sticky_enabled=\u00a0\u00bb0&Prime; text_orientation=\u00a0\u00bbcenter\u00a0\u00bb]<\/p>\n<p><span class=\"s1\">Le 15 f\u00e9vrier, <strong>Monseigneur Bozo<\/strong> viendra c\u00e9l\u00e9brer la messe sur notre secteur. <strong>Messe unique \u00e0 Laleu, \u00e0 10h30<\/strong>, suivie d\u2019un ap\u00e9ritif avec notre \u00e9v\u00eaque, o\u00f9 il pourra rencontrer les paroissiens (apporter quelques petites choses \u00e0 grignoter, pour accompagner les jus de fruits et vin fournis par la paroisse).<\/span><\/p>\n<p><span class=\"s1\"><strong>Pas de messe ce week-end du 15 f\u00e9vrier \u00e0 La Pallice ni \u00e0 Mireuil.<\/strong><br \/>Penser au covoiturage, en particulier \u00e0 Mireuil.<\/span><\/p>\n<p>[\/et_pb_text][et_pb_image src=\u00a0\u00bbhttps:\/\/catholiques17.fr\/laleumireuil\/wp-content\/uploads\/sites\/43\/2026\/02\/ChatGPT-Image-7-fevr.-2026-20_57_59.jpeg\u00a0\u00bb _builder_version=\u00a0\u00bb4.27.5&Prime; _module_preset=\u00a0\u00bbdefault\u00a0\u00bb theme_builder_area=\u00a0\u00bbpost_content\u00a0\u00bb hover_enabled=\u00a0\u00bb0&Prime; sticky_enabled=\u00a0\u00bb0&Prime; width=\u00a0\u00bb61%\u00a0\u00bb align=\u00a0\u00bbcenter\u00a0\u00bb][\/et_pb_image][\/et_pb_column][\/et_pb_row][\/et_pb_section]<\/p>\n","protected":false},"excerpt":{"rendered":"<p>Le 15 f\u00e9vrier, Monseigneur Bozo viendra c\u00e9l\u00e9brer la messe sur notre secteur. Messe unique \u00e0 Laleu, \u00e0 10h30, suivie d\u2019un ap\u00e9ritif avec notre \u00e9v\u00eaque, o\u00f9 il pourra rencontrer les paroissiens [&hellip;]<\/p>\n","protected":false},"author":74,"featured_media":11674,"comment_status":"open","ping_status":"open","sticky":false,"template":"","format":"standard","meta":{"_et_pb_use_builder":"on","_et_pb_old_content":"","_et_gb_content_width":"","footnotes":""},"categories":[6,49],"tags":[],"class_list":["post-11676","post","type-post","status-publish","format-standard","has-post-thumbnail","hentry","category-actualite","category-messe"],"_links":{"self":[{"href":"https:\/\/catholiques17.fr\/laleumireuil\/wp-json\/wp\/v2\/posts\/11676","targetHints":{"allow":["GET"]}}],"collection":[{"href":"https:\/\/catholiques17.fr\/laleumireuil\/wp-json\/wp\/v2\/posts"}],"about":[{"href":"https:\/\/catholiques17.fr\/laleumireuil\/wp-json\/wp\/v2\/types\/post"}],"author":[{"embeddable":true,"href":"https:\/\/catholiques17.fr\/laleumireuil\/wp-json\/wp\/v2\/users\/74"}],"replies":[{"embeddable":true,"href":"https:\/\/catholiques17.fr\/laleumireuil\/wp-json\/wp\/v2\/comments?post=11676"}],"version-history":[{"count":3,"href":"https:\/\/catholiques17.fr\/laleumireuil\/wp-json\/wp\/v2\/posts\/11676\/revisions"}],"predecessor-version":[{"id":11679,"href":"https:\/\/catholiques17.fr\/laleumireuil\/wp-json\/wp\/v2\/posts\/11676\/revisions\/11679"}],"wp:featuredmedia":[{"embeddable":true,"href":"https:\/\/catholiques17.fr\/laleumireuil\/wp-json\/wp\/v2\/media\/11674"}],"wp:attachment":[{"href":"https:\/\/catholiques17.fr\/laleumireuil\/wp-json\/wp\/v2\/media?parent=11676"}],"wp:term":[{"taxonomy":"category","embeddable":true,"href":"https:\/\/catholiques17.fr\/laleumireuil\/wp-json\/wp\/v2\/categories?post=11676"},{"taxonomy":"post_tag","embeddable":true,"href":"https:\/\/catholiques17.fr\/laleumireuil\/wp-json\/wp\/v2\/tags?post=11676"}],"curies":[{"name":"wp","href":"https:\/\/api.w.org\/{rel}","templated":true}]}}