{"id":11658,"date":"2026-02-09T11:22:00","date_gmt":"2026-02-09T10:22:00","guid":{"rendered":"https:\/\/catholiques17.fr\/laleumireuil\/?p=11658"},"modified":"2026-02-22T13:48:06","modified_gmt":"2026-02-22T12:48:06","slug":"pelerinage-au-portugal","status":"publish","type":"post","link":"https:\/\/catholiques17.fr\/laleumireuil\/2026\/02\/09\/pelerinage-au-portugal\/","title":{"rendered":"P\u00e8lerinage au Portugal"},"content":{"rendered":"<p>[et_pb_section fb_built=\u00a0\u00bb1&Prime; _builder_version=\u00a0\u00bb4.27.5&Prime; _module_preset=\u00a0\u00bbdefault\u00a0\u00bb global_colors_info=\u00a0\u00bb{}\u00a0\u00bb theme_builder_area=\u00a0\u00bbpost_content\u00a0\u00bb][et_pb_row _builder_version=\u00a0\u00bb4.27.5&Prime; _module_preset=\u00a0\u00bbdefault\u00a0\u00bb custom_margin=\u00a0\u00bb-50px|auto||auto||\u00a0\u00bb global_colors_info=\u00a0\u00bb{}\u00a0\u00bb theme_builder_area=\u00a0\u00bbpost_content\u00a0\u00bb][et_pb_column type=\u00a0\u00bb4_4&Prime; _builder_version=\u00a0\u00bb4.27.5&Prime; _module_preset=\u00a0\u00bbdefault\u00a0\u00bb global_colors_info=\u00a0\u00bb{}\u00a0\u00bb theme_builder_area=\u00a0\u00bbpost_content\u00a0\u00bb][et_pb_image src=\u00a0\u00bbhttps:\/\/catholiques17.fr\/laleumireuil\/wp-content\/uploads\/sites\/43\/2026\/02\/WhatsApp-Image-2026-02-04-at-11.04.31.jpeg\u00a0\u00bb align=\u00a0\u00bbcenter\u00a0\u00bb _builder_version=\u00a0\u00bb4.27.5&Prime; _module_preset=\u00a0\u00bbdefault\u00a0\u00bb global_colors_info=\u00a0\u00bb{}\u00a0\u00bb theme_builder_area=\u00a0\u00bbpost_content\u00a0\u00bb][\/et_pb_image][et_pb_text _builder_version=\u00a0\u00bb4.27.5&Prime; _module_preset=\u00a0\u00bbdefault\u00a0\u00bb text_orientation=\u00a0\u00bbcenter\u00a0\u00bb global_colors_info=\u00a0\u00bb{}\u00a0\u00bb theme_builder_area=\u00a0\u00bbpost_content\u00a0\u00bb]<\/p>\n<p>Le service des p\u00e8lerinages vous propose une semaine de p\u00e8lerinage au Portugal, \u00e0 Porto, Fatima et Lisbonne.<\/p>\n<p>Venez prier au sanctuaire de Fatima\u00a0au jour anniversaire d\u2019une apparition de Notre-Dame,<span>\u00a0<\/span>\u00a0et d\u00e9couvrir la beaut\u00e9 du Portugal, de Porto et Lisbonne !<\/p>\n<p>Informations et r\u00e9servations : <strong>Direction des p\u00e8lerinages \u2013 07 72 32 08 28<br \/>Retrouvez toutes les infos \ud83d\udc47\ud83c\udffb<\/strong><\/p>\n<p><strong>https:\/\/catholiques17.fr\/en-juin-peleriner-au-portugal\/<\/strong><\/p>\n<p>[\/et_pb_text][et_pb_button button_text=\u00a0\u00bbT\u00e9l\u00e9charger le programme d\u00e9taill\u00e9\u00a0\u00bb button_alignment=\u00a0\u00bbcenter\u00a0\u00bb _builder_version=\u00a0\u00bb4.27.5&Prime; _module_preset=\u00a0\u00bbdefault\u00a0\u00bb custom_button=\u00a0\u00bbon\u00a0\u00bb button_text_size=\u00a0\u00bb15px\u00a0\u00bb button_text_color=\u00a0\u00bb#3a7c00&Prime; hover_enabled=\u00a0\u00bb0&Prime; global_colors_info=\u00a0\u00bb{}\u00a0\u00bb theme_builder_area=\u00a0\u00bbpost_content\u00a0\u00bb button_url=\u00a0\u00bbhttps:\/\/catholiques17.fr\/laleumireuil\/wp-content\/uploads\/sites\/43\/2026\/02\/Depliant-La-Rochelle-Fatima-juin-2026.pdf\u00a0\u00bb url_new_window=\u00a0\u00bbon\u00a0\u00bb sticky_enabled=\u00a0\u00bb0&Prime;][\/et_pb_button][\/et_pb_column][\/et_pb_row][\/et_pb_section]<\/p>\n","protected":false},"excerpt":{"rendered":"<p>Le service des p\u00e8lerinages vous propose une semaine de p\u00e8lerinage au Portugal, \u00e0 Porto, Fatima et Lisbonne. Venez prier au sanctuaire de Fatima\u00a0au jour anniversaire d\u2019une apparition de Notre-Dame,\u00a0\u00a0et d\u00e9couvrir [&hellip;]<\/p>\n","protected":false},"author":74,"featured_media":11663,"comment_status":"open","ping_status":"open","sticky":false,"template":"","format":"standard","meta":{"_et_pb_use_builder":"on","_et_pb_old_content":"","_et_gb_content_width":"","footnotes":""},"categories":[6,53],"tags":[],"class_list":["post-11658","post","type-post","status-publish","format-standard","has-post-thumbnail","hentry","category-actualite","category-pelerinage"],"_links":{"self":[{"href":"https:\/\/catholiques17.fr\/laleumireuil\/wp-json\/wp\/v2\/posts\/11658","targetHints":{"allow":["GET"]}}],"collection":[{"href":"https:\/\/catholiques17.fr\/laleumireuil\/wp-json\/wp\/v2\/posts"}],"about":[{"href":"https:\/\/catholiques17.fr\/laleumireuil\/wp-json\/wp\/v2\/types\/post"}],"author":[{"embeddable":true,"href":"https:\/\/catholiques17.fr\/laleumireuil\/wp-json\/wp\/v2\/users\/74"}],"replies":[{"embeddable":true,"href":"https:\/\/catholiques17.fr\/laleumireuil\/wp-json\/wp\/v2\/comments?post=11658"}],"version-history":[{"count":4,"href":"https:\/\/catholiques17.fr\/laleumireuil\/wp-json\/wp\/v2\/posts\/11658\/revisions"}],"predecessor-version":[{"id":11668,"href":"https:\/\/catholiques17.fr\/laleumireuil\/wp-json\/wp\/v2\/posts\/11658\/revisions\/11668"}],"wp:featuredmedia":[{"embeddable":true,"href":"https:\/\/catholiques17.fr\/laleumireuil\/wp-json\/wp\/v2\/media\/11663"}],"wp:attachment":[{"href":"https:\/\/catholiques17.fr\/laleumireuil\/wp-json\/wp\/v2\/media?parent=11658"}],"wp:term":[{"taxonomy":"category","embeddable":true,"href":"https:\/\/catholiques17.fr\/laleumireuil\/wp-json\/wp\/v2\/categories?post=11658"},{"taxonomy":"post_tag","embeddable":true,"href":"https:\/\/catholiques17.fr\/laleumireuil\/wp-json\/wp\/v2\/tags?post=11658"}],"curies":[{"name":"wp","href":"https:\/\/api.w.org\/{rel}","templated":true}]}}