{"id":11644,"date":"2026-02-01T14:02:46","date_gmt":"2026-02-01T13:02:46","guid":{"rendered":"https:\/\/catholiques17.fr\/laleumireuil\/?p=11644"},"modified":"2026-02-01T14:05:07","modified_gmt":"2026-02-01T13:05:07","slug":"changement-de-lieu-de-messe","status":"publish","type":"post","link":"https:\/\/catholiques17.fr\/laleumireuil\/2026\/02\/01\/changement-de-lieu-de-messe\/","title":{"rendered":"Changement de lieu de messe"},"content":{"rendered":"<p>[et_pb_section fb_built=\u00a0\u00bb1&Prime; theme_builder_area=\u00a0\u00bbpost_content\u00a0\u00bb _builder_version=\u00a0\u00bb4.27.5&Prime; _module_preset=\u00a0\u00bbdefault\u00a0\u00bb][et_pb_row _builder_version=\u00a0\u00bb4.27.5&Prime; _module_preset=\u00a0\u00bbdefault\u00a0\u00bb theme_builder_area=\u00a0\u00bbpost_content\u00a0\u00bb custom_margin=\u00a0\u00bb-50px|auto||auto||\u00a0\u00bb][et_pb_column _builder_version=\u00a0\u00bb4.27.5&Prime; _module_preset=\u00a0\u00bbdefault\u00a0\u00bb type=\u00a0\u00bb4_4&Prime; theme_builder_area=\u00a0\u00bbpost_content\u00a0\u00bb][et_pb_text _builder_version=\u00a0\u00bb4.27.5&Prime; _module_preset=\u00a0\u00bbdefault\u00a0\u00bb theme_builder_area=\u00a0\u00bbpost_content\u00a0\u00bb hover_enabled=\u00a0\u00bb0&Prime; sticky_enabled=\u00a0\u00bb0&Prime;]<\/p>\n<p style=\"text-align: center\"><strong data-start=\"94\" data-end=\"153\">\u26a0\ufe0f Information importante \u2013 Changement de lieu de messe<\/strong><br data-start=\"153\" data-end=\"156\" \/>En raison du froid, le lieu de c\u00e9l\u00e9bration de la <strong data-start=\"207\" data-end=\"236\" data-is-only-node=\"\">messe du vendredi \u00e0 18h30<\/strong> varie selon la p\u00e9riode de l\u2019ann\u00e9e :<br data-start=\"272\" data-end=\"275\" \/>\u2013 <strong data-start=\"279\" data-end=\"302\">De novembre \u00e0 avril<\/strong>, la messe a lieu \u00e0 la <strong data-start=\"325\" data-end=\"371\">sacristie de l\u2019\u00e9glise Saint-Pierre (Laleu)<\/strong>.<br data-start=\"372\" data-end=\"375\" \/>\u2013 <strong data-start=\"379\" data-end=\"399\">De mai \u00e0 octobre<\/strong>, la messe est c\u00e9l\u00e9br\u00e9e \u00e0 la <strong data-start=\"428\" data-end=\"470\">chapelle Saint-Maurice (Saint-Maurice)<\/strong>.<\/p>\n<p>[\/et_pb_text][et_pb_image src=\u00a0\u00bbhttps:\/\/catholiques17.fr\/laleumireuil\/wp-content\/uploads\/sites\/43\/2025\/02\/Chapelle-saint-maurice.jpg\u00a0\u00bb _builder_version=\u00a0\u00bb4.27.5&Prime; _module_preset=\u00a0\u00bbdefault\u00a0\u00bb theme_builder_area=\u00a0\u00bbpost_content\u00a0\u00bb title_text=\u00a0\u00bbChapelle-saint-maurice\u00a0\u00bb align=\u00a0\u00bbcenter\u00a0\u00bb width=\u00a0\u00bb30%\u00a0\u00bb hover_enabled=\u00a0\u00bb0&Prime; sticky_enabled=\u00a0\u00bb0&Prime; border_radii=\u00a0\u00bbon|15px|15px|15px|15px\u00a0\u00bb][\/et_pb_image][\/et_pb_column][\/et_pb_row][\/et_pb_section]<\/p>\n","protected":false},"excerpt":{"rendered":"<p>\u26a0\ufe0f Information importante \u2013 Changement de lieu de messeEn raison du froid, le lieu de c\u00e9l\u00e9bration de la messe du vendredi \u00e0 18h30 varie selon la p\u00e9riode de l\u2019ann\u00e9e :\u2013 [&hellip;]<\/p>\n","protected":false},"author":74,"featured_media":10351,"comment_status":"open","ping_status":"open","sticky":false,"template":"","format":"standard","meta":{"_et_pb_use_builder":"on","_et_pb_old_content":"","_et_gb_content_width":"","footnotes":""},"categories":[6,49],"tags":[],"class_list":["post-11644","post","type-post","status-publish","format-standard","has-post-thumbnail","hentry","category-actualite","category-messe"],"_links":{"self":[{"href":"https:\/\/catholiques17.fr\/laleumireuil\/wp-json\/wp\/v2\/posts\/11644","targetHints":{"allow":["GET"]}}],"collection":[{"href":"https:\/\/catholiques17.fr\/laleumireuil\/wp-json\/wp\/v2\/posts"}],"about":[{"href":"https:\/\/catholiques17.fr\/laleumireuil\/wp-json\/wp\/v2\/types\/post"}],"author":[{"embeddable":true,"href":"https:\/\/catholiques17.fr\/laleumireuil\/wp-json\/wp\/v2\/users\/74"}],"replies":[{"embeddable":true,"href":"https:\/\/catholiques17.fr\/laleumireuil\/wp-json\/wp\/v2\/comments?post=11644"}],"version-history":[{"count":3,"href":"https:\/\/catholiques17.fr\/laleumireuil\/wp-json\/wp\/v2\/posts\/11644\/revisions"}],"predecessor-version":[{"id":11647,"href":"https:\/\/catholiques17.fr\/laleumireuil\/wp-json\/wp\/v2\/posts\/11644\/revisions\/11647"}],"wp:featuredmedia":[{"embeddable":true,"href":"https:\/\/catholiques17.fr\/laleumireuil\/wp-json\/wp\/v2\/media\/10351"}],"wp:attachment":[{"href":"https:\/\/catholiques17.fr\/laleumireuil\/wp-json\/wp\/v2\/media?parent=11644"}],"wp:term":[{"taxonomy":"category","embeddable":true,"href":"https:\/\/catholiques17.fr\/laleumireuil\/wp-json\/wp\/v2\/categories?post=11644"},{"taxonomy":"post_tag","embeddable":true,"href":"https:\/\/catholiques17.fr\/laleumireuil\/wp-json\/wp\/v2\/tags?post=11644"}],"curies":[{"name":"wp","href":"https:\/\/api.w.org\/{rel}","templated":true}]}}