{"id":11542,"date":"2025-12-28T11:25:20","date_gmt":"2025-12-28T10:25:20","guid":{"rendered":"https:\/\/catholiques17.fr\/laleumireuil\/?p=11542"},"modified":"2026-01-08T11:25:09","modified_gmt":"2026-01-08T10:25:09","slug":"soiree-saint-esprit-guerison","status":"publish","type":"post","link":"https:\/\/catholiques17.fr\/laleumireuil\/2025\/12\/28\/soiree-saint-esprit-guerison\/","title":{"rendered":"Soir\u00e9e Saint-Esprit &amp; Gu\u00e9rison"},"content":{"rendered":"\n[et_pb_section fb_built=\u00a0\u00bb1&Prime; theme_builder_area=\u00a0\u00bbpost_content\u00a0\u00bb _builder_version=\u00a0\u00bb4.27.4&Prime; _module_preset=\u00a0\u00bbdefault\u00a0\u00bb][et_pb_row _builder_version=\u00a0\u00bb4.27.4&Prime; _module_preset=\u00a0\u00bbdefault\u00a0\u00bb theme_builder_area=\u00a0\u00bbpost_content\u00a0\u00bb][et_pb_column _builder_version=\u00a0\u00bb4.27.4&Prime; _module_preset=\u00a0\u00bbdefault\u00a0\u00bb type=\u00a0\u00bb4_4&Prime; theme_builder_area=\u00a0\u00bbpost_content\u00a0\u00bb][et_pb_image src=\u00a0\u00bbhttps:\/\/catholiques17.fr\/laleumireuil\/wp-content\/uploads\/sites\/43\/2025\/12\/Patch_Mailing2-9-01-2025.jpg\u00a0\u00bb _builder_version=\u00a0\u00bb4.27.4&Prime; _module_preset=\u00a0\u00bbdefault\u00a0\u00bb theme_builder_area=\u00a0\u00bbpost_content\u00a0\u00bb hover_enabled=\u00a0\u00bb0&Prime; sticky_enabled=\u00a0\u00bb0&Prime; custom_margin=\u00a0\u00bb-50px|||||\u00a0\u00bb][\/et_pb_image][et_pb_text _builder_version=\u00a0\u00bb4.27.4&Prime; _module_preset=\u00a0\u00bbdefault\u00a0\u00bb theme_builder_area=\u00a0\u00bbpost_content\u00a0\u00bb hover_enabled=\u00a0\u00bb0&Prime; sticky_enabled=\u00a0\u00bb0&Prime;]<div class=\"xdj266r x14z9mp xat24cr x1lziwak x1vvkbs x126k92a\">\n<div dir=\"auto\" style=\"text-align: center\">Premier grand rendez-vous de l\u2019ann\u00e9e : Soir\u00e9e Saint-Esprit &amp; Gu\u00e9rison \u2013 Vendredi 9 janvier 2026 \u00e0 20h<\/div>\n<\/div>\n<div class=\"x14z9mp xat24cr x1lziwak x1vvkbs xtlvy1s x126k92a\" style=\"text-align: center\">\n<div dir=\"auto\">\n<p><span class=\"html-span xdj266r x14z9mp xat24cr x1lziwak xexx8yu xyri2b x18d9i69 x1c1uobl x1hl2dhg x16tdsg8 x1vvkbs\"><a class=\"html-a xdj266r x14z9mp xat24cr x1lziwak xexx8yu xyri2b x18d9i69 x1c1uobl x1hl2dhg x16tdsg8 x1vvkbs\"><\/a><\/span>Nous avons la joie d\u2019accueillir le Renouveau Charismatique pour une grande soir\u00e9e de pri\u00e8re en l\u2019\u00e9glise Saint-Fran\u00e7ois de La Pallice, le vendredi 9 janvier 2026 \u00e0 20h.<\/p>\n<\/div>\n<\/div>\n<div class=\"x14z9mp xat24cr x1lziwak x1vvkbs xtlvy1s x126k92a\" style=\"text-align: center\">\n<div dir=\"auto\"><\/div>\n<div dir=\"auto\"><br \/>Au programme :<\/div>\n<div dir=\"auto\">\u2022 Chapelet<\/div>\n<div dir=\"auto\">\u2022 Louange<\/div>\n<div dir=\"auto\">\u2022 T\u00e9moignages et exhortation<\/div>\n<div dir=\"auto\">\u2022 Adoration eucharistique<br \/><br \/><\/div>\n<\/div>\n<div class=\"x14z9mp xat24cr x1lziwak x1vvkbs xtlvy1s x126k92a\" style=\"text-align: center\">\n<div dir=\"auto\" style=\"text-align: center\">\n<p>Il sera \u00e9galement possible de recevoir le sacrement de r\u00e9conciliation. Des pri\u00e8res fraternelles seront propos\u00e9es pour vos intentions personnelles et pour toutes les personnes souffrantes.<\/p>\n<\/div>\n<\/div>\n<div class=\"x14z9mp xat24cr x1lziwak x1vvkbs xtlvy1s x126k92a\" style=\"text-align: center\">\n<div dir=\"auto\">Si vous connaissez quelqu\u2019un que cette soir\u00e9e pourrait toucher, n\u2019h\u00e9sitez pas \u00e0 lui transmettre l\u2019annonce (avec son accord).<\/div>\n<\/div>\n<div class=\"x14z9mp xat24cr x1lziwak x1vvkbs xtlvy1s x126k92a\" style=\"text-align: center\">\n<div dir=\"auto\">Nous serons tr\u00e8s heureux de vous retrouver nombreux pour vivre ensemble un temps de gr\u00e2ce, de pri\u00e8re et de communion fraternelle dans l\u2019Esprit Saint.<br \/><br \/><\/div>\n<\/div>\n<div class=\"x14z9mp xat24cr x1lziwak x1vvkbs xtlvy1s x126k92a\">\n<div dir=\"auto\" style=\"text-align: center\">Soir\u00e9e gratuite<\/div>\n<div dir=\"auto\" style=\"text-align: center\"><span class=\"html-span xdj266r x14z9mp xat24cr x1lziwak xexx8yu xyri2b x18d9i69 x1c1uobl x1hl2dhg x16tdsg8 x1vvkbs\"><a class=\"x1i10hfl xjbqb8w x1ejq31n x18oe1m7 x1sy0etr xstzfhl x972fbf x10w94by x1qhh985 x14e42zd x9f619 x1ypdohk xt0psk2 x3ct3a4 xdj266r x14z9mp xat24cr x1lziwak xexx8yu xyri2b x18d9i69 x1c1uobl x16tdsg8 x1hl2dhg xggy1nq x1a2a7pz xkrqix3 x1sur9pj x1fey0fg x1s688f\" href=\"https:\/\/www.facebook.com\/Renouveau17?__cft__[0]=AZbMToWrBwzVipKzaWvbSuXMXiS-oqS1U7Wr2znOM9k0upKkn4ZUjitf4ZW4UJ572UcCKWIfS0C3KL6xHjBnLLYglj8bxpkG-zsHWiAoSxqwxLMOpEUpw9ID8HMb3aJRnWi7FsthN9fGy5do7MTG5H6V_QsnKF-dBZvjFfsaxZsLlmq33M_szQtxCZQ22cin8dn1gjjLOzEpw_01LLQpYc8k&amp;__tn__=-]K-R\" role=\"link\"><span class=\"xt0psk2\"><span class=\"xjp7ctv\"><span>https:\/\/www.facebook.com\/Renouveau17<\/span><\/span><\/span><\/a><\/span><\/div>\n<\/div>[\/et_pb_text][\/et_pb_column][\/et_pb_row][\/et_pb_section]\n","protected":false},"excerpt":{"rendered":"<p>Premier grand rendez-vous de l\u2019ann\u00e9e : Soir\u00e9e Saint-Esprit &amp; Gu\u00e9rison \u2013 Vendredi 9 janvier 2026 \u00e0 20h Nous avons la joie d\u2019accueillir le Renouveau Charismatique pour une grande soir\u00e9e de [&hellip;]<\/p>\n","protected":false},"author":74,"featured_media":11549,"comment_status":"open","ping_status":"open","sticky":false,"template":"","format":"standard","meta":{"_et_pb_use_builder":"on","_et_pb_old_content":"","_et_gb_content_width":"","footnotes":""},"categories":[6,60],"tags":[],"class_list":["post-11542","post","type-post","status-publish","format-standard","has-post-thumbnail","hentry","category-actualite","category-renouveau-charismatique"],"_links":{"self":[{"href":"https:\/\/catholiques17.fr\/laleumireuil\/wp-json\/wp\/v2\/posts\/11542","targetHints":{"allow":["GET"]}}],"collection":[{"href":"https:\/\/catholiques17.fr\/laleumireuil\/wp-json\/wp\/v2\/posts"}],"about":[{"href":"https:\/\/catholiques17.fr\/laleumireuil\/wp-json\/wp\/v2\/types\/post"}],"author":[{"embeddable":true,"href":"https:\/\/catholiques17.fr\/laleumireuil\/wp-json\/wp\/v2\/users\/74"}],"replies":[{"embeddable":true,"href":"https:\/\/catholiques17.fr\/laleumireuil\/wp-json\/wp\/v2\/comments?post=11542"}],"version-history":[{"count":4,"href":"https:\/\/catholiques17.fr\/laleumireuil\/wp-json\/wp\/v2\/posts\/11542\/revisions"}],"predecessor-version":[{"id":11550,"href":"https:\/\/catholiques17.fr\/laleumireuil\/wp-json\/wp\/v2\/posts\/11542\/revisions\/11550"}],"wp:featuredmedia":[{"embeddable":true,"href":"https:\/\/catholiques17.fr\/laleumireuil\/wp-json\/wp\/v2\/media\/11549"}],"wp:attachment":[{"href":"https:\/\/catholiques17.fr\/laleumireuil\/wp-json\/wp\/v2\/media?parent=11542"}],"wp:term":[{"taxonomy":"category","embeddable":true,"href":"https:\/\/catholiques17.fr\/laleumireuil\/wp-json\/wp\/v2\/categories?post=11542"},{"taxonomy":"post_tag","embeddable":true,"href":"https:\/\/catholiques17.fr\/laleumireuil\/wp-json\/wp\/v2\/tags?post=11542"}],"curies":[{"name":"wp","href":"https:\/\/api.w.org\/{rel}","templated":true}]}}