{"id":11410,"date":"2025-10-26T13:32:08","date_gmt":"2025-10-26T12:32:08","guid":{"rendered":"https:\/\/catholiques17.fr\/laleumireuil\/?p=11410"},"modified":"2025-10-30T22:39:19","modified_gmt":"2025-10-30T21:39:19","slug":"benediction-des-tombes","status":"publish","type":"post","link":"https:\/\/catholiques17.fr\/laleumireuil\/2025\/10\/26\/benediction-des-tombes\/","title":{"rendered":"B\u00e9n\u00e9diction des tombes"},"content":{"rendered":"<p>[et_pb_section fb_built=\u00a0\u00bb1&Prime; _builder_version=\u00a0\u00bb4.27.4&Prime; _module_preset=\u00a0\u00bbdefault\u00a0\u00bb global_colors_info=\u00a0\u00bb{}\u00a0\u00bb theme_builder_area=\u00a0\u00bbpost_content\u00a0\u00bb][et_pb_row _builder_version=\u00a0\u00bb4.27.4&Prime; _module_preset=\u00a0\u00bbdefault\u00a0\u00bb global_colors_info=\u00a0\u00bb{}\u00a0\u00bb theme_builder_area=\u00a0\u00bbpost_content\u00a0\u00bb][et_pb_column type=\u00a0\u00bb4_4&Prime; _builder_version=\u00a0\u00bb4.27.4&Prime; _module_preset=\u00a0\u00bbdefault\u00a0\u00bb global_colors_info=\u00a0\u00bb{}\u00a0\u00bb theme_builder_area=\u00a0\u00bbpost_content\u00a0\u00bb][et_pb_text _builder_version=\u00a0\u00bb4.27.4&Prime; _module_preset=\u00a0\u00bbdefault\u00a0\u00bb global_colors_info=\u00a0\u00bb{}\u00a0\u00bb theme_builder_area=\u00a0\u00bbpost_content\u00a0\u00bb]<\/p>\n<p><span class=\"x1xsqp64 xiy17q3 x1o6pynw x19co3pv xdj266r xjn30re xat24cr x1hb08if x2b8uid\" data-testid=\"emoji\"><span class=\"xexx8yu xcaqkgz x18d9i69 xbwkkl7 x3jgonx x1bhl96m\">\u271d\ufe0f<\/span><\/span><span>Dimanche 2 novembre \u2014 Comm\u00e9moration de tous les fid\u00e8les d\u00e9funts<br \/><\/span><br \/><span>Une messe pour nos d\u00e9funts sera c\u00e9l\u00e9br\u00e9e \u00e0 10h30 en l\u2019\u00e9glise de Laleu.<\/span><br \/><span>Dans l\u2019apr\u00e8s-midi, le P. Xavier visitera les cimeti\u00e8res du secteur afin de b\u00e9nir les tombes des familles qui le souhaitent :<\/span><br \/><span>de <strong>15h \u00e0 16h<\/strong> au cimeti\u00e8re de la Rossignolette,<\/span><br \/><span>de <strong>16h30 \u00e0 17h30<\/strong> au cimeti\u00e8re du Parc de Mireuil.<\/span><\/p>\n<p><span>Unissons-nous dans la pri\u00e8re pour tous ceux qui nous ont pr\u00e9c\u00e9d\u00e9s dans la paix du Christ.<\/span><\/p>\n<p>[\/et_pb_text][\/et_pb_column][\/et_pb_row][\/et_pb_section]<\/p>\n","protected":false},"excerpt":{"rendered":"<p>\u271d\ufe0fDimanche 2 novembre \u2014 Comm\u00e9moration de tous les fid\u00e8les d\u00e9funtsUne messe pour nos d\u00e9funts sera c\u00e9l\u00e9br\u00e9e \u00e0 10h30 en l\u2019\u00e9glise de Laleu.Dans l\u2019apr\u00e8s-midi, le P. Xavier visitera les cimeti\u00e8res du [&hellip;]<\/p>\n","protected":false},"author":74,"featured_media":11415,"comment_status":"open","ping_status":"open","sticky":false,"template":"","format":"standard","meta":{"_et_pb_use_builder":"on","_et_pb_old_content":"","_et_gb_content_width":"","footnotes":""},"categories":[6,59],"tags":[],"class_list":["post-11410","post","type-post","status-publish","format-standard","has-post-thumbnail","hentry","category-actualite","category-defunts"],"_links":{"self":[{"href":"https:\/\/catholiques17.fr\/laleumireuil\/wp-json\/wp\/v2\/posts\/11410","targetHints":{"allow":["GET"]}}],"collection":[{"href":"https:\/\/catholiques17.fr\/laleumireuil\/wp-json\/wp\/v2\/posts"}],"about":[{"href":"https:\/\/catholiques17.fr\/laleumireuil\/wp-json\/wp\/v2\/types\/post"}],"author":[{"embeddable":true,"href":"https:\/\/catholiques17.fr\/laleumireuil\/wp-json\/wp\/v2\/users\/74"}],"replies":[{"embeddable":true,"href":"https:\/\/catholiques17.fr\/laleumireuil\/wp-json\/wp\/v2\/comments?post=11410"}],"version-history":[{"count":6,"href":"https:\/\/catholiques17.fr\/laleumireuil\/wp-json\/wp\/v2\/posts\/11410\/revisions"}],"predecessor-version":[{"id":11420,"href":"https:\/\/catholiques17.fr\/laleumireuil\/wp-json\/wp\/v2\/posts\/11410\/revisions\/11420"}],"wp:featuredmedia":[{"embeddable":true,"href":"https:\/\/catholiques17.fr\/laleumireuil\/wp-json\/wp\/v2\/media\/11415"}],"wp:attachment":[{"href":"https:\/\/catholiques17.fr\/laleumireuil\/wp-json\/wp\/v2\/media?parent=11410"}],"wp:term":[{"taxonomy":"category","embeddable":true,"href":"https:\/\/catholiques17.fr\/laleumireuil\/wp-json\/wp\/v2\/categories?post=11410"},{"taxonomy":"post_tag","embeddable":true,"href":"https:\/\/catholiques17.fr\/laleumireuil\/wp-json\/wp\/v2\/tags?post=11410"}],"curies":[{"name":"wp","href":"https:\/\/api.w.org\/{rel}","templated":true}]}}