{"id":11323,"date":"2025-09-21T13:54:12","date_gmt":"2025-09-21T11:54:12","guid":{"rendered":"https:\/\/catholiques17.fr\/laleumireuil\/?p=11323"},"modified":"2025-09-21T18:14:24","modified_gmt":"2025-09-21T16:14:24","slug":"mois-du-rosaire","status":"publish","type":"post","link":"https:\/\/catholiques17.fr\/laleumireuil\/2025\/09\/21\/mois-du-rosaire\/","title":{"rendered":"Mois du Rosaire"},"content":{"rendered":"<p>[et_pb_section fb_built=\u00a0\u00bb1&Prime; _builder_version=\u00a0\u00bb4.27.4&Prime; _module_preset=\u00a0\u00bbdefault\u00a0\u00bb global_colors_info=\u00a0\u00bb{}\u00a0\u00bb theme_builder_area=\u00a0\u00bbpost_content\u00a0\u00bb][et_pb_row _builder_version=\u00a0\u00bb4.27.4&Prime; _module_preset=\u00a0\u00bbdefault\u00a0\u00bb global_colors_info=\u00a0\u00bb{}\u00a0\u00bb theme_builder_area=\u00a0\u00bbpost_content\u00a0\u00bb][et_pb_column type=\u00a0\u00bb4_4&Prime; _builder_version=\u00a0\u00bb4.27.4&Prime; _module_preset=\u00a0\u00bbdefault\u00a0\u00bb global_colors_info=\u00a0\u00bb{}\u00a0\u00bb theme_builder_area=\u00a0\u00bbpost_content\u00a0\u00bb][et_pb_image src=\u00a0\u00bbhttps:\/\/catholiques17.fr\/laleumireuil\/wp-content\/uploads\/sites\/43\/2025\/09\/Chapelet-mireuil.jpg\u00a0\u00bb title_text=\u00a0\u00bbChapelet-mireuil\u00a0\u00bb align=\u00a0\u00bbcenter\u00a0\u00bb _builder_version=\u00a0\u00bb4.27.4&Prime; _module_preset=\u00a0\u00bbdefault\u00a0\u00bb width=\u00a0\u00bb59%\u00a0\u00bb max_height=\u00a0\u00bb1000px\u00a0\u00bb global_colors_info=\u00a0\u00bb{}\u00a0\u00bb theme_builder_area=\u00a0\u00bbpost_content\u00a0\u00bb][\/et_pb_image][et_pb_text _builder_version=\u00a0\u00bb4.27.4&Prime; _module_preset=\u00a0\u00bbdefault\u00a0\u00bb text_orientation=\u00a0\u00bbcenter\u00a0\u00bb custom_margin=\u00a0\u00bb-13px|||||\u00a0\u00bb global_colors_info=\u00a0\u00bb{}\u00a0\u00bb theme_builder_area=\u00a0\u00bbpost_content\u00a0\u00bb]<\/p>\n<p>\ud83d\udcf8 : ChatGPT<\/p>\n<p>[\/et_pb_text][et_pb_text _builder_version=\u00a0\u00bb4.27.4&Prime; _module_preset=\u00a0\u00bbdefault\u00a0\u00bb text_orientation=\u00a0\u00bbcenter\u00a0\u00bb custom_padding=\u00a0\u00bb23px|||||\u00a0\u00bb hover_enabled=\u00a0\u00bb0&Prime; global_colors_info=\u00a0\u00bb{}\u00a0\u00bb theme_builder_area=\u00a0\u00bbpost_content\u00a0\u00bb sticky_enabled=\u00a0\u00bb0&Prime;]<\/p>\n<p><strong>Octobre \u2013 Mois du Rosaire <\/strong><span class=\"x1xsqp64 xiy17q3 x1o6pynw x19co3pv xdj266r xjn30re xat24cr x1hb08if x2b8uid\" data-testid=\"emoji\"><span class=\"xexx8yu xcaqkgz x18d9i69 xbwkkl7 x3jgonx x1bhl96m\">\ud83c\udf39<\/span><\/span><\/p>\n<p><span>\u00c0 l\u2019occasion du mois consacr\u00e9 \u00e0 la Vierge Marie,<\/span><br \/><span>la pri\u00e8re du chapelet reprendra chaque dimanche avnat la messe<\/span><br \/><span>de 10h15 \u00e0 10h45, en l\u2019\u00e9glise Saint-Paul de Mireuil :<\/span><\/p>\n<p><span>Dimanche 5 octobre<\/span><br \/><span>Dimanche 12 octobre<\/span><br \/><span>Dimanche 19 octobre<\/span><br \/><span>Dimanche 26 octobre<\/span><\/p>\n<p><span>\u00ab Par le Rosaire, unissons nos pri\u00e8res \u00e0 celles de Marie. \u00bb<\/span><\/p>\n<p>[\/et_pb_text][\/et_pb_column][\/et_pb_row][\/et_pb_section]<\/p>\n","protected":false},"excerpt":{"rendered":"<p>\ud83d\udcf8 : ChatGPTOctobre \u2013 Mois du Rosaire \ud83c\udf39 \u00c0 l\u2019occasion du mois consacr\u00e9 \u00e0 la Vierge Marie,la pri\u00e8re du chapelet reprendra chaque dimanche avnat la messede 10h15 \u00e0 10h45, en [&hellip;]<\/p>\n","protected":false},"author":74,"featured_media":11324,"comment_status":"open","ping_status":"open","sticky":false,"template":"","format":"standard","meta":{"_et_pb_use_builder":"on","_et_pb_old_content":"","_et_gb_content_width":"","footnotes":""},"categories":[6,58],"tags":[],"class_list":["post-11323","post","type-post","status-publish","format-standard","has-post-thumbnail","hentry","category-actualite","category-chapelet"],"_links":{"self":[{"href":"https:\/\/catholiques17.fr\/laleumireuil\/wp-json\/wp\/v2\/posts\/11323","targetHints":{"allow":["GET"]}}],"collection":[{"href":"https:\/\/catholiques17.fr\/laleumireuil\/wp-json\/wp\/v2\/posts"}],"about":[{"href":"https:\/\/catholiques17.fr\/laleumireuil\/wp-json\/wp\/v2\/types\/post"}],"author":[{"embeddable":true,"href":"https:\/\/catholiques17.fr\/laleumireuil\/wp-json\/wp\/v2\/users\/74"}],"replies":[{"embeddable":true,"href":"https:\/\/catholiques17.fr\/laleumireuil\/wp-json\/wp\/v2\/comments?post=11323"}],"version-history":[{"count":5,"href":"https:\/\/catholiques17.fr\/laleumireuil\/wp-json\/wp\/v2\/posts\/11323\/revisions"}],"predecessor-version":[{"id":11331,"href":"https:\/\/catholiques17.fr\/laleumireuil\/wp-json\/wp\/v2\/posts\/11323\/revisions\/11331"}],"wp:featuredmedia":[{"embeddable":true,"href":"https:\/\/catholiques17.fr\/laleumireuil\/wp-json\/wp\/v2\/media\/11324"}],"wp:attachment":[{"href":"https:\/\/catholiques17.fr\/laleumireuil\/wp-json\/wp\/v2\/media?parent=11323"}],"wp:term":[{"taxonomy":"category","embeddable":true,"href":"https:\/\/catholiques17.fr\/laleumireuil\/wp-json\/wp\/v2\/categories?post=11323"},{"taxonomy":"post_tag","embeddable":true,"href":"https:\/\/catholiques17.fr\/laleumireuil\/wp-json\/wp\/v2\/tags?post=11323"}],"curies":[{"name":"wp","href":"https:\/\/api.w.org\/{rel}","templated":true}]}}