{"id":11284,"date":"2025-09-23T14:58:29","date_gmt":"2025-09-23T12:58:29","guid":{"rendered":"https:\/\/catholiques17.fr\/laleumireuil\/?p=11284"},"modified":"2025-09-24T16:40:33","modified_gmt":"2025-09-24T14:40:33","slug":"rencontre-diaconia","status":"publish","type":"post","link":"https:\/\/catholiques17.fr\/laleumireuil\/2025\/09\/23\/rencontre-diaconia\/","title":{"rendered":"Rencontre Diaconia"},"content":{"rendered":"<p>[et_pb_section fb_built=\u00a0\u00bb1&Prime; _builder_version=\u00a0\u00bb4.27.4&Prime; _module_preset=\u00a0\u00bbdefault\u00a0\u00bb global_colors_info=\u00a0\u00bb{}\u00a0\u00bb theme_builder_area=\u00a0\u00bbpost_content\u00a0\u00bb][et_pb_row _builder_version=\u00a0\u00bb4.27.4&Prime; _module_preset=\u00a0\u00bbdefault\u00a0\u00bb global_colors_info=\u00a0\u00bb{}\u00a0\u00bb theme_builder_area=\u00a0\u00bbpost_content\u00a0\u00bb][et_pb_column type=\u00a0\u00bb4_4&Prime; _builder_version=\u00a0\u00bb4.27.4&Prime; _module_preset=\u00a0\u00bbdefault\u00a0\u00bb global_colors_info=\u00a0\u00bb{}\u00a0\u00bb theme_builder_area=\u00a0\u00bbpost_content\u00a0\u00bb][et_pb_text _builder_version=\u00a0\u00bb4.27.4&Prime; _module_preset=\u00a0\u00bbdefault\u00a0\u00bb hover_enabled=\u00a0\u00bb0&Prime; global_colors_info=\u00a0\u00bb{}\u00a0\u00bb theme_builder_area=\u00a0\u00bbpost_content\u00a0\u00bb sticky_enabled=\u00a0\u00bb0&Prime;]<\/p>\n<h4>Diaconia \u2013 Un chemin d\u2019esp\u00e9rance<\/h4>\n<p><strong><em>\u00ab Venez \u00e0 moi, vous tous qui peinez, et je vous soulagerai\u2026 \u00bb (Matthieu 11, 28).<\/em><\/strong><\/p>\n<p>Quand la vie devient lourde \u00e0 porter,<br \/>quand la solitude ou la pr\u00e9carit\u00e9 p\u00e8sent,<br \/>il existe un lieu o\u00f9 l\u2019on peut d\u00e9poser ses fardeaux.<\/p>\n<p>Venez \u00e9couter la belle histoire de J\u00e9sus,<br \/>un r\u00e9cit d\u2019amour, de tendresse et de lumi\u00e8re,<br \/>capable d\u2019ouvrir les c\u0153urs et de redonner esp\u00e9rance.<\/p>\n<p>Ici, croyants et non-croyants marchent c\u00f4te \u00e0 c\u00f4te.<br \/>Dans la simplicit\u00e9 et le partage, nous d\u00e9couvrons ensemble<br \/>la force de la fraternit\u00e9 et la joie de se relever.<\/p>\n<p><strong>Tous les 15 jours, le jeudi de 14h \u00e0 16h30<\/strong><br \/><strong>\u00c9glise Saint Paul de Mireuil<\/strong><\/p>\n<p><strong>Renseignements : Nicole \u2013 07 86 27 09 46<\/strong><\/p>\n<p>[\/et_pb_text][\/et_pb_column][\/et_pb_row][\/et_pb_section]<\/p>\n","protected":false},"excerpt":{"rendered":"<p>Diaconia \u2013 Un chemin d\u2019esp\u00e9rance \u00ab Venez \u00e0 moi, vous tous qui peinez, et je vous soulagerai\u2026 \u00bb (Matthieu 11, 28). Quand la vie devient lourde \u00e0 porter,quand la solitude [&hellip;]<\/p>\n","protected":false},"author":74,"featured_media":11285,"comment_status":"open","ping_status":"open","sticky":false,"template":"","format":"standard","meta":{"_et_pb_use_builder":"on","_et_pb_old_content":"","_et_gb_content_width":"","footnotes":""},"categories":[6,57],"tags":[],"class_list":["post-11284","post","type-post","status-publish","format-standard","has-post-thumbnail","hentry","category-actualite","category-diaconia"],"_links":{"self":[{"href":"https:\/\/catholiques17.fr\/laleumireuil\/wp-json\/wp\/v2\/posts\/11284","targetHints":{"allow":["GET"]}}],"collection":[{"href":"https:\/\/catholiques17.fr\/laleumireuil\/wp-json\/wp\/v2\/posts"}],"about":[{"href":"https:\/\/catholiques17.fr\/laleumireuil\/wp-json\/wp\/v2\/types\/post"}],"author":[{"embeddable":true,"href":"https:\/\/catholiques17.fr\/laleumireuil\/wp-json\/wp\/v2\/users\/74"}],"replies":[{"embeddable":true,"href":"https:\/\/catholiques17.fr\/laleumireuil\/wp-json\/wp\/v2\/comments?post=11284"}],"version-history":[{"count":4,"href":"https:\/\/catholiques17.fr\/laleumireuil\/wp-json\/wp\/v2\/posts\/11284\/revisions"}],"predecessor-version":[{"id":11289,"href":"https:\/\/catholiques17.fr\/laleumireuil\/wp-json\/wp\/v2\/posts\/11284\/revisions\/11289"}],"wp:featuredmedia":[{"embeddable":true,"href":"https:\/\/catholiques17.fr\/laleumireuil\/wp-json\/wp\/v2\/media\/11285"}],"wp:attachment":[{"href":"https:\/\/catholiques17.fr\/laleumireuil\/wp-json\/wp\/v2\/media?parent=11284"}],"wp:term":[{"taxonomy":"category","embeddable":true,"href":"https:\/\/catholiques17.fr\/laleumireuil\/wp-json\/wp\/v2\/categories?post=11284"},{"taxonomy":"post_tag","embeddable":true,"href":"https:\/\/catholiques17.fr\/laleumireuil\/wp-json\/wp\/v2\/tags?post=11284"}],"curies":[{"name":"wp","href":"https:\/\/api.w.org\/{rel}","templated":true}]}}