{"id":11235,"date":"2025-08-10T14:39:36","date_gmt":"2025-08-10T12:39:36","guid":{"rendered":"https:\/\/catholiques17.fr\/laleumireuil\/?p=11235"},"modified":"2025-08-10T14:42:46","modified_gmt":"2025-08-10T12:42:46","slug":"pelerinage-a-lile-madame","status":"publish","type":"post","link":"https:\/\/catholiques17.fr\/laleumireuil\/2025\/08\/10\/pelerinage-a-lile-madame\/","title":{"rendered":"P\u00e8lerinage \u00e0 l\u2019\u00eele Madame"},"content":{"rendered":"<p>[et_pb_section fb_built=\u00a0\u00bb1&Prime; theme_builder_area=\u00a0\u00bbpost_content\u00a0\u00bb _builder_version=\u00a0\u00bb4.27.4&Prime; _module_preset=\u00a0\u00bbdefault\u00a0\u00bb][et_pb_row _builder_version=\u00a0\u00bb4.27.4&Prime; _module_preset=\u00a0\u00bbdefault\u00a0\u00bb theme_builder_area=\u00a0\u00bbpost_content\u00a0\u00bb][et_pb_column _builder_version=\u00a0\u00bb4.27.4&Prime; _module_preset=\u00a0\u00bbdefault\u00a0\u00bb type=\u00a0\u00bb4_4&Prime; theme_builder_area=\u00a0\u00bbpost_content\u00a0\u00bb][et_pb_image src=\u00a0\u00bbhttps:\/\/catholiques17.fr\/laleumireuil\/wp-content\/uploads\/sites\/43\/2025\/08\/530669765_1190596133112126_130773572602669226_n.jpeg\u00a0\u00bb _builder_version=\u00a0\u00bb4.27.4&Prime; _module_preset=\u00a0\u00bbdefault\u00a0\u00bb theme_builder_area=\u00a0\u00bbpost_content\u00a0\u00bb align=\u00a0\u00bbcenter\u00a0\u00bb hover_enabled=\u00a0\u00bb0&Prime; sticky_enabled=\u00a0\u00bb0&Prime; width=\u00a0\u00bb50%\u00a0\u00bb][\/et_pb_image][et_pb_text _builder_version=\u00a0\u00bb4.27.4&Prime; _module_preset=\u00a0\u00bbdefault\u00a0\u00bb theme_builder_area=\u00a0\u00bbpost_content\u00a0\u00bb text_orientation=\u00a0\u00bbcenter\u00a0\u00bb hover_enabled=\u00a0\u00bb0&Prime; sticky_enabled=\u00a0\u00bb0&Prime; custom_margin=\u00a0\u00bb40px|||||\u00a0\u00bb]<\/p>\n<div class=\"xdj266r x14z9mp xat24cr x1lziwak x1vvkbs x126k92a\">\n<div dir=\"auto\"><span class=\"html-span xexx8yu xyri2b x18d9i69 x1c1uobl x1hl2dhg x16tdsg8 x1vvkbs x3nfvp2 x1j61x8r x1fcty0u xdj266r xat24cr xm2jcoa x1mpyi22 xxymvpz xlup9mm x1kky2od\"><img loading=\"lazy\" decoding=\"async\" height=\"16\" width=\"16\" class=\"xz74otr x15mokao x1ga7v0g x16uus16 xbiv7yw\" alt=\"\ud83d\ude4f\" src=\"https:\/\/static.xx.fbcdn.net\/images\/emoji.php\/v9\/t1f\/2\/16\/1f64f.png\" \/><\/span> P\u00e8lerinage \u00e0 l\u2019\u00cele Madame <img loading=\"lazy\" decoding=\"async\" height=\"16\" width=\"16\" class=\"xz74otr x15mokao x1ga7v0g x16uus16 xbiv7yw\" alt=\"\ud83d\ude4f\" src=\"https:\/\/static.xx.fbcdn.net\/images\/emoji.php\/v9\/t1f\/2\/16\/1f64f.png\" style=\"font-size: 14px\" \/><\/div>\n<div dir=\"auto\">\n<p>Venez marcher et prier sur les pas des pr\u00eatres martyris\u00e9s sur les pontons de Rochefort, 30 ans apr\u00e8s leur b\u00e9atification <span class=\"html-span xdj266r x14z9mp xat24cr x1lziwak xexx8yu xyri2b x18d9i69 x1c1uobl x1hl2dhg x16tdsg8 x1vvkbs\"><a class=\"html-a xdj266r x14z9mp xat24cr x1lziwak xexx8yu xyri2b x18d9i69 x1c1uobl x1hl2dhg x16tdsg8 x1vvkbs\"><\/a><\/span>par Saint Jean-Paul II.<\/p>\n<\/div>\n<\/div>\n<div class=\"x14z9mp xat24cr x1lziwak x1vvkbs xtlvy1s x126k92a\">\n<div dir=\"auto\"><span class=\"html-span xexx8yu xyri2b x18d9i69 x1c1uobl x1hl2dhg x16tdsg8 x1vvkbs x3nfvp2 x1j61x8r x1fcty0u xdj266r xat24cr xm2jcoa x1mpyi22 xxymvpz xlup9mm x1kky2od\"><img loading=\"lazy\" decoding=\"async\" height=\"16\" width=\"16\" class=\"xz74otr x15mokao x1ga7v0g x16uus16 xbiv7yw\" alt=\"\ud83d\udcc5\" src=\"https:\/\/static.xx.fbcdn.net\/images\/emoji.php\/v9\/t1d\/2\/16\/1f4c5.png\" \/><\/span> Date : Vendredi 22 ao\u00fbt 2025<\/div>\n<div dir=\"auto\"><span class=\"html-span xexx8yu xyri2b x18d9i69 x1c1uobl x1hl2dhg x16tdsg8 x1vvkbs x3nfvp2 x1j61x8r x1fcty0u xdj266r xat24cr xm2jcoa x1mpyi22 xxymvpz xlup9mm x1kky2od\"><img loading=\"lazy\" decoding=\"async\" height=\"16\" width=\"16\" class=\"xz74otr x15mokao x1ga7v0g x16uus16 xbiv7yw\" alt=\"\ud83d\udccd\" src=\"https:\/\/static.xx.fbcdn.net\/images\/emoji.php\/v9\/tcc\/2\/16\/1f4cd.png\" \/><\/span> Lieu : \u00cele Madame<\/div>\n<div dir=\"auto\"><span class=\"html-span xexx8yu xyri2b x18d9i69 x1c1uobl x1hl2dhg x16tdsg8 x1vvkbs x3nfvp2 x1j61x8r x1fcty0u xdj266r xat24cr xm2jcoa x1mpyi22 xxymvpz xlup9mm x1kky2od\"><img loading=\"lazy\" decoding=\"async\" height=\"16\" width=\"16\" class=\"xz74otr x15mokao x1ga7v0g x16uus16 xbiv7yw\" alt=\"\u23f3\" src=\"https:\/\/static.xx.fbcdn.net\/images\/emoji.php\/v9\/t38\/2\/16\/23f3.png\" \/><\/span> Une journ\u00e9e de recueillement, de pri\u00e8re et de m\u00e9moire<\/p>\n<\/div>\n<\/div>\n<div class=\"x14z9mp xat24cr x1lziwak x1vvkbs xtlvy1s x126k92a\">\n<div dir=\"auto\"><span class=\"html-span xexx8yu xyri2b x18d9i69 x1c1uobl x1hl2dhg x16tdsg8 x1vvkbs x3nfvp2 x1j61x8r x1fcty0u xdj266r xat24cr xm2jcoa x1mpyi22 xxymvpz xlup9mm x1kky2od\"><img loading=\"lazy\" decoding=\"async\" height=\"16\" width=\"16\" class=\"xz74otr x15mokao x1ga7v0g x16uus16 xbiv7yw\" alt=\"\u2728\" src=\"https:\/\/static.xx.fbcdn.net\/images\/emoji.php\/v9\/t75\/2\/16\/2728.png\" \/><\/span> Un moment fort pour confier nos vies, nos familles et notre \u00c9glise \u00e0 l\u2019intercession de ces t\u00e9moins de la foi.<\/div>\n<\/div>\n<div class=\"x14z9mp xat24cr x1lziwak x1vvkbs xtlvy1s x126k92a\">\n<div dir=\"auto\">\n<p><span class=\"html-span xexx8yu xyri2b x18d9i69 x1c1uobl x1hl2dhg x16tdsg8 x1vvkbs x3nfvp2 x1j61x8r x1fcty0u xdj266r xat24cr xm2jcoa x1mpyi22 xxymvpz xlup9mm x1kky2od\"><img loading=\"lazy\" decoding=\"async\" height=\"16\" width=\"16\" class=\"xz74otr x15mokao x1ga7v0g x16uus16 xbiv7yw\" alt=\"\u27a1\ufe0f\" src=\"https:\/\/static.xx.fbcdn.net\/images\/emoji.php\/v9\/t1f\/2\/16\/27a1.png\" \/><\/span> Tous sont bienvenus \u2013 pensez \u00e0 pr\u00e9voir eau, chapeau et bonnes chaussures.<br \/><strong>R\u00e9servation possible au presbyt\u00e8re de la cath\u00e9drale dans le car (8 \u20ac)<\/p>\n<p><\/strong><\/p>\n<\/div>\n<\/div>\n<div class=\"x14z9mp xat24cr x1lziwak x1vvkbs xtlvy1s x126k92a\">\n<div dir=\"auto\">\u00ab\u00a0Leur fid\u00e9lit\u00e9 jusqu\u2019au bout est un appel \u00e0 notre propre fid\u00e9lit\u00e9.\u00a0\u00bb*<\/div>\n<\/div>\n<div class=\"x14z9mp xat24cr x1lziwak x1vvkbs xtlvy1s x126k92a\">\n<div dir=\"auto\">Toutes les infos sur : <span class=\"html-span xdj266r x14z9mp xat24cr x1lziwak xexx8yu xyri2b x18d9i69 x1c1uobl x1hl2dhg x16tdsg8 x1vvkbs\"><a class=\"x1i10hfl xjbqb8w x1ejq31n x18oe1m7 x1sy0etr xstzfhl x972fbf x10w94by x1qhh985 x14e42zd x9f619 x1ypdohk xt0psk2 x3ct3a4 xdj266r x14z9mp xat24cr x1lziwak xexx8yu xyri2b x18d9i69 x1c1uobl x16tdsg8 x1hl2dhg xggy1nq x1a2a7pz xkrqix3 x1sur9pj x1fey0fg x1s688f\" href=\"https:\/\/catholiques17.fr\/22-aout-pelerinage-diocesain-a-lile-madame\/?fbclid=IwZXh0bgNhZW0CMTAAYnJpZBEwcEdHem9wVXNRcGhHVnFQagEe3aWbUz0UvuXTWIJlL8wFfn14wNtwdUclu7yZ52rHeczloA2Md4d3_hBb70Y_aem_tP-Q8cIIBHkjS8sB7wlYmw\" rel=\"nofollow noopener noreferrer\" role=\"link\" target=\"_blank\">https:\/\/catholiques17.fr\/22-aout-pelerinage-diocesain-a&#8230;\/<\/a><\/span><\/div>\n<\/div>\n<div class=\"x14z9mp xat24cr x1lziwak x1vvkbs xtlvy1s x126k92a\">\n<div dir=\"auto\">Le documentaire r\u00e9alis\u00e9 par le p\u00e8re Julien Fleury et Yann Tuncq en 2023\/2024 sur les pr\u00eatres d\u00e9port\u00e9s avec la participation du P\u00e8re Yves Blomme est disponible ici : <span class=\"html-span xdj266r x14z9mp xat24cr x1lziwak xexx8yu xyri2b x18d9i69 x1c1uobl x1hl2dhg x16tdsg8 x1vvkbs\"><a class=\"x1i10hfl xjbqb8w x1ejq31n x18oe1m7 x1sy0etr xstzfhl x972fbf x10w94by x1qhh985 x14e42zd x9f619 x1ypdohk xt0psk2 x3ct3a4 xdj266r x14z9mp xat24cr x1lziwak xexx8yu xyri2b x18d9i69 x1c1uobl x16tdsg8 x1hl2dhg xggy1nq x1a2a7pz xkrqix3 x1sur9pj x1fey0fg x1s688f\" href=\"https:\/\/youtu.be\/HdDAoXt0KyI?si=Ei3LmKpUUKGP-Ai1&amp;fbclid=IwZXh0bgNhZW0CMTAAYnJpZBEwcEdHem9wVXNRcGhHVnFQagEeoMMmHacNXyb_FDI7l19yV4YVTL-x-1UQ6Zv45HQ_nyI5_Jmf5hgpI0wasIA_aem_R-koy-RwzusSui3zFkzouw\" rel=\"nofollow noopener noreferrer\" role=\"link\" target=\"_blank\">https:\/\/youtu.be\/HdDAoXt0KyI?si=Ei3LmKpUUKGP-Ai1<\/a><\/span><\/div>\n<\/div>\n<p>[\/et_pb_text][\/et_pb_column][\/et_pb_row][\/et_pb_section]<\/p>\n","protected":false},"excerpt":{"rendered":"<p>P\u00e8lerinage \u00e0 l\u2019\u00cele Madame Venez marcher et prier sur les pas des pr\u00eatres martyris\u00e9s sur les pontons de Rochefort, 30 ans apr\u00e8s leur b\u00e9atification par Saint Jean-Paul II. Date : [&hellip;]<\/p>\n","protected":false},"author":74,"featured_media":11233,"comment_status":"open","ping_status":"open","sticky":false,"template":"","format":"standard","meta":{"_et_pb_use_builder":"on","_et_pb_old_content":"","_et_gb_content_width":"","footnotes":""},"categories":[6,53],"tags":[],"class_list":["post-11235","post","type-post","status-publish","format-standard","has-post-thumbnail","hentry","category-actualite","category-pelerinage"],"_links":{"self":[{"href":"https:\/\/catholiques17.fr\/laleumireuil\/wp-json\/wp\/v2\/posts\/11235","targetHints":{"allow":["GET"]}}],"collection":[{"href":"https:\/\/catholiques17.fr\/laleumireuil\/wp-json\/wp\/v2\/posts"}],"about":[{"href":"https:\/\/catholiques17.fr\/laleumireuil\/wp-json\/wp\/v2\/types\/post"}],"author":[{"embeddable":true,"href":"https:\/\/catholiques17.fr\/laleumireuil\/wp-json\/wp\/v2\/users\/74"}],"replies":[{"embeddable":true,"href":"https:\/\/catholiques17.fr\/laleumireuil\/wp-json\/wp\/v2\/comments?post=11235"}],"version-history":[{"count":3,"href":"https:\/\/catholiques17.fr\/laleumireuil\/wp-json\/wp\/v2\/posts\/11235\/revisions"}],"predecessor-version":[{"id":11239,"href":"https:\/\/catholiques17.fr\/laleumireuil\/wp-json\/wp\/v2\/posts\/11235\/revisions\/11239"}],"wp:featuredmedia":[{"embeddable":true,"href":"https:\/\/catholiques17.fr\/laleumireuil\/wp-json\/wp\/v2\/media\/11233"}],"wp:attachment":[{"href":"https:\/\/catholiques17.fr\/laleumireuil\/wp-json\/wp\/v2\/media?parent=11235"}],"wp:term":[{"taxonomy":"category","embeddable":true,"href":"https:\/\/catholiques17.fr\/laleumireuil\/wp-json\/wp\/v2\/categories?post=11235"},{"taxonomy":"post_tag","embeddable":true,"href":"https:\/\/catholiques17.fr\/laleumireuil\/wp-json\/wp\/v2\/tags?post=11235"}],"curies":[{"name":"wp","href":"https:\/\/api.w.org\/{rel}","templated":true}]}}