{"id":11216,"date":"2025-07-30T22:09:51","date_gmt":"2025-07-30T20:09:51","guid":{"rendered":"https:\/\/catholiques17.fr\/laleumireuil\/?p=11216"},"modified":"2025-08-08T10:29:50","modified_gmt":"2025-08-08T08:29:50","slug":"appel-aux-fleurs-pour-la-fete-de-lassomption","status":"publish","type":"post","link":"https:\/\/catholiques17.fr\/laleumireuil\/2025\/07\/30\/appel-aux-fleurs-pour-la-fete-de-lassomption\/","title":{"rendered":"Appel aux fleurs pour la f\u00eate de l\u2019Assomption !"},"content":{"rendered":"<p>[et_pb_section fb_built=\u00a0\u00bb1&Prime; _builder_version=\u00a0\u00bb4.27.4&Prime; _module_preset=\u00a0\u00bbdefault\u00a0\u00bb global_colors_info=\u00a0\u00bb{}\u00a0\u00bb theme_builder_area=\u00a0\u00bbpost_content\u00a0\u00bb][et_pb_row _builder_version=\u00a0\u00bb4.27.4&Prime; _module_preset=\u00a0\u00bbdefault\u00a0\u00bb global_colors_info=\u00a0\u00bb{}\u00a0\u00bb theme_builder_area=\u00a0\u00bbpost_content\u00a0\u00bb][et_pb_column type=\u00a0\u00bb4_4&Prime; _builder_version=\u00a0\u00bb4.27.4&Prime; _module_preset=\u00a0\u00bbdefault\u00a0\u00bb global_colors_info=\u00a0\u00bb{}\u00a0\u00bb theme_builder_area=\u00a0\u00bbpost_content\u00a0\u00bb][et_pb_image src=\u00a0\u00bbhttps:\/\/catholiques17.fr\/laleumireuil\/wp-content\/uploads\/sites\/43\/2025\/07\/Assomption.jpg\u00a0\u00bb title_text=\u00a0\u00bbAssomption\u00a0\u00bb align=\u00a0\u00bbcenter\u00a0\u00bb _builder_version=\u00a0\u00bb4.27.4&Prime; _module_preset=\u00a0\u00bbdefault\u00a0\u00bb width=\u00a0\u00bb40%\u00a0\u00bb global_colors_info=\u00a0\u00bb{}\u00a0\u00bb theme_builder_area=\u00a0\u00bbpost_content\u00a0\u00bb][\/et_pb_image][et_pb_text _builder_version=\u00a0\u00bb4.27.4&Prime; _module_preset=\u00a0\u00bbdefault\u00a0\u00bb text_orientation=\u00a0\u00bbcenter\u00a0\u00bb global_colors_info=\u00a0\u00bb{}\u00a0\u00bb theme_builder_area=\u00a0\u00bbpost_content\u00a0\u00bb]<\/p>\n<p>Photo\u00a9IA<\/p>\n<p>[\/et_pb_text][et_pb_text _builder_version=\u00a0\u00bb4.27.4&Prime; _module_preset=\u00a0\u00bbdefault\u00a0\u00bb global_colors_info=\u00a0\u00bb{}\u00a0\u00bb theme_builder_area=\u00a0\u00bbpost_content\u00a0\u00bb]<\/p>\n<p data-start=\"97\" data-end=\"154\" style=\"text-align: center\">\ud83c\udf38 <strong data-start=\"100\" data-end=\"151\">Appel aux fleurs pour la f\u00eate de l\u2019Assomption !<\/strong> \ud83c\udf38<\/p>\n<p data-start=\"156\" data-end=\"306\" style=\"text-align: center\">\u00c0 l&rsquo;occasion de la f\u00eate de l\u2019Assomption de la Vierge Marie, c\u00e9l\u00e9br\u00e9e le <strong data-start=\"228\" data-end=\"239\">15 ao\u00fbt \u00e0 11h \u00e0 St Paul<\/strong>, <br \/>nous lan\u00e7ons un <strong data-start=\"257\" data-end=\"277\">appel aux fleurs<\/strong> pour embellir notre \u00e9glise !<\/p>\n<p data-start=\"308\" data-end=\"405\" style=\"text-align: center\">\ud83d\ude4f <strong data-start=\"311\" data-end=\"327\">Messe unique<\/strong> ce jour-l\u00e0 \u00e0 <strong data-start=\"341\" data-end=\"352\">Mireuil<\/strong>.<br data-start=\"353\" data-end=\"356\" \/>Ensemble, honorons Marie avec beaut\u00e9 et ferveur !<\/p>\n<p data-start=\"407\" data-end=\"447\" style=\"text-align: center\">Merci \u00e0 tous pour votre participation \ud83c\udf3c<\/p>\n<p>[\/et_pb_text][\/et_pb_column][\/et_pb_row][\/et_pb_section]<\/p>\n","protected":false},"excerpt":{"rendered":"<p>Photo\u00a9IA\ud83c\udf38 Appel aux fleurs pour la f\u00eate de l\u2019Assomption ! \ud83c\udf38 \u00c0 l&rsquo;occasion de la f\u00eate de l\u2019Assomption de la Vierge Marie, c\u00e9l\u00e9br\u00e9e le 15 ao\u00fbt \u00e0 11h \u00e0 St [&hellip;]<\/p>\n","protected":false},"author":74,"featured_media":11223,"comment_status":"open","ping_status":"open","sticky":false,"template":"","format":"standard","meta":{"_et_pb_use_builder":"on","_et_pb_old_content":"","_et_gb_content_width":"","footnotes":""},"categories":[6,49],"tags":[],"class_list":["post-11216","post","type-post","status-publish","format-standard","has-post-thumbnail","hentry","category-actualite","category-messe"],"_links":{"self":[{"href":"https:\/\/catholiques17.fr\/laleumireuil\/wp-json\/wp\/v2\/posts\/11216","targetHints":{"allow":["GET"]}}],"collection":[{"href":"https:\/\/catholiques17.fr\/laleumireuil\/wp-json\/wp\/v2\/posts"}],"about":[{"href":"https:\/\/catholiques17.fr\/laleumireuil\/wp-json\/wp\/v2\/types\/post"}],"author":[{"embeddable":true,"href":"https:\/\/catholiques17.fr\/laleumireuil\/wp-json\/wp\/v2\/users\/74"}],"replies":[{"embeddable":true,"href":"https:\/\/catholiques17.fr\/laleumireuil\/wp-json\/wp\/v2\/comments?post=11216"}],"version-history":[{"count":7,"href":"https:\/\/catholiques17.fr\/laleumireuil\/wp-json\/wp\/v2\/posts\/11216\/revisions"}],"predecessor-version":[{"id":11230,"href":"https:\/\/catholiques17.fr\/laleumireuil\/wp-json\/wp\/v2\/posts\/11216\/revisions\/11230"}],"wp:featuredmedia":[{"embeddable":true,"href":"https:\/\/catholiques17.fr\/laleumireuil\/wp-json\/wp\/v2\/media\/11223"}],"wp:attachment":[{"href":"https:\/\/catholiques17.fr\/laleumireuil\/wp-json\/wp\/v2\/media?parent=11216"}],"wp:term":[{"taxonomy":"category","embeddable":true,"href":"https:\/\/catholiques17.fr\/laleumireuil\/wp-json\/wp\/v2\/categories?post=11216"},{"taxonomy":"post_tag","embeddable":true,"href":"https:\/\/catholiques17.fr\/laleumireuil\/wp-json\/wp\/v2\/tags?post=11216"}],"curies":[{"name":"wp","href":"https:\/\/api.w.org\/{rel}","templated":true}]}}