{"id":11185,"date":"2025-06-22T13:16:43","date_gmt":"2025-06-22T11:16:43","guid":{"rendered":"https:\/\/catholiques17.fr\/laleumireuil\/?p=11185"},"modified":"2025-06-22T13:27:42","modified_gmt":"2025-06-22T11:27:42","slug":"la-nuit-des-veilleurs","status":"publish","type":"post","link":"https:\/\/catholiques17.fr\/laleumireuil\/2025\/06\/22\/la-nuit-des-veilleurs\/","title":{"rendered":"La nuit des veilleurs"},"content":{"rendered":"<p>[et_pb_section fb_built=\u00a0\u00bb1&Prime; _builder_version=\u00a0\u00bb4.27.4&Prime; _module_preset=\u00a0\u00bbdefault\u00a0\u00bb global_colors_info=\u00a0\u00bb{}\u00a0\u00bb theme_builder_area=\u00a0\u00bbpost_content\u00a0\u00bb][et_pb_row _builder_version=\u00a0\u00bb4.27.4&Prime; _module_preset=\u00a0\u00bbdefault\u00a0\u00bb global_colors_info=\u00a0\u00bb{}\u00a0\u00bb theme_builder_area=\u00a0\u00bbpost_content\u00a0\u00bb][et_pb_column type=\u00a0\u00bb4_4&Prime; _builder_version=\u00a0\u00bb4.27.4&Prime; _module_preset=\u00a0\u00bbdefault\u00a0\u00bb global_colors_info=\u00a0\u00bb{}\u00a0\u00bb theme_builder_area=\u00a0\u00bbpost_content\u00a0\u00bb][et_pb_text _builder_version=\u00a0\u00bb4.27.4&Prime; _module_preset=\u00a0\u00bbdefault\u00a0\u00bb text_orientation=\u00a0\u00bbcenter\u00a0\u00bb global_colors_info=\u00a0\u00bb{}\u00a0\u00bb theme_builder_area=\u00a0\u00bbpost_content\u00a0\u00bb]<\/p>\n<div class=\"xdj266r x14z9mp xat24cr x1lziwak x1vvkbs x126k92a\"><\/div>\n<div class=\"x14z9mp xat24cr x1lziwak x1vvkbs xtlvy1s x126k92a\">\n<div dir=\"auto\"><span class=\"html-span xdj266r x14z9mp xat24cr x1lziwak xexx8yu xyri2b x18d9i69 x1c1uobl x1hl2dhg x16tdsg8 x1vvkbs\"><a class=\"html-a xdj266r x14z9mp xat24cr x1lziwak xexx8yu xyri2b x18d9i69 x1c1uobl x1hl2dhg x16tdsg8 x1vvkbs\"><\/a><\/span>Bonjour,<\/div>\n<div dir=\"auto\">Le petit groupe Acat de la Rochelle a le plaisir de vous souhaiter le meilleur.<\/div>\n<div dir=\"auto\">\n<p>Nous sommes heureux de vous pr\u00e9senter l&rsquo;affiche de la soir\u00e9e de pri\u00e8re, la Nuit des Veilleurs qui aura lieu le jeudi 26 juin de 20h \u00e0 21h heures 30 , \u00e0 l&rsquo;\u00e9glise saint Paul \u00e0 Mireuil (face \u00e0 la ludoth\u00e8que 43, rue des Grandes Varennes).<\/p>\n<\/div>\n<\/div>\n<div class=\"x14z9mp xat24cr x1lziwak x1vvkbs xtlvy1s x126k92a\">\n<div dir=\"auto\">\n<p>C&rsquo;est un moment important de notre mouvement pour soutenir les victimes des violences perp\u00e9tr\u00e9es par les autorit\u00e9s de nombreux pays. Notre mobilisation permet des lib\u00e9rations: plus nous sommes nombreux, plus les pressions sont grandes et plus les lib\u00e9rations sont possibles!<\/p>\n<\/div>\n<div dir=\"auto\">Comme dit J\u00e9sus, prier et agir vont ensemble: prier pour les innocents emprisonn\u00e9s, maltrait\u00e9s, tortur\u00e9s et agir en leur leur rendant visite par nos lettres et parfois contribuer \u00e0 leur lib\u00e9ration gr\u00e2ce aux interpellations envoy\u00e9es aux autorit\u00e9s.<\/div>\n<div dir=\"auto\">Bien que vous soyez sollicit\u00e9s de bien des fa\u00e7ons, nous comptons sur vous pour diffuser l&rsquo;information \u00e0 vos contacts et vous en remercions.<\/div>\n<div dir=\"auto\"><\/div>\n<\/div>\n<div class=\"x14z9mp xat24cr x1lziwak x1vvkbs xtlvy1s x126k92a\">\n<div dir=\"auto\">Amiti\u00e9 en Christ<span class=\"html-span xexx8yu xyri2b x18d9i69 x1c1uobl x1hl2dhg x16tdsg8 x1vvkbs x3nfvp2 x1j61x8r x1fcty0u xdj266r xat24cr xm2jcoa x1mpyi22 xxymvpz xlup9mm x1kky2od\"><img loading=\"lazy\" decoding=\"async\" height=\"16\" width=\"16\" alt=\"\ud83d\ude4f\ud83c\udffb\" class=\"xz74otr x15mokao x1ga7v0g x16uus16 xbiv7yw\" src=\"https:\/\/static.xx.fbcdn.net\/images\/emoji.php\/v9\/t5a\/2\/16\/1f64f_1f3fb.png\" \/><\/span><\/div>\n<div dir=\"auto\">Jean Allais, pour le groupe Acat de la Rochelle.<\/div>\n<\/div>\n<p>[\/et_pb_text][et_pb_image src=\u00a0\u00bbhttps:\/\/catholiques17.fr\/laleumireuil\/wp-content\/uploads\/sites\/43\/2025\/06\/Scan.jpeg\u00a0\u00bb _builder_version=\u00a0\u00bb4.27.4&Prime; _module_preset=\u00a0\u00bbdefault\u00a0\u00bb theme_builder_area=\u00a0\u00bbpost_content\u00a0\u00bb align=\u00a0\u00bbcenter\u00a0\u00bb width=\u00a0\u00bb100%\u00a0\u00bb max_width=\u00a0\u00bb100%\u00a0\u00bb height=\u00a0\u00bb500px\u00a0\u00bb max_height=\u00a0\u00bb1000px\u00a0\u00bb module_alignment=\u00a0\u00bbcenter\u00a0\u00bb hover_enabled=\u00a0\u00bb0&Prime; sticky_enabled=\u00a0\u00bb0&Prime;][\/et_pb_image][\/et_pb_column][\/et_pb_row][\/et_pb_section]<\/p>\n","protected":false},"excerpt":{"rendered":"<p>Bonjour, Le petit groupe Acat de la Rochelle a le plaisir de vous souhaiter le meilleur. Nous sommes heureux de vous pr\u00e9senter l&rsquo;affiche de la soir\u00e9e de pri\u00e8re, la Nuit [&hellip;]<\/p>\n","protected":false},"author":74,"featured_media":11186,"comment_status":"open","ping_status":"open","sticky":false,"template":"","format":"standard","meta":{"_et_pb_use_builder":"on","_et_pb_old_content":"","_et_gb_content_width":"","footnotes":""},"categories":[56,6],"tags":[],"class_list":["post-11185","post","type-post","status-publish","format-standard","has-post-thumbnail","hentry","category-acat","category-actualite"],"_links":{"self":[{"href":"https:\/\/catholiques17.fr\/laleumireuil\/wp-json\/wp\/v2\/posts\/11185","targetHints":{"allow":["GET"]}}],"collection":[{"href":"https:\/\/catholiques17.fr\/laleumireuil\/wp-json\/wp\/v2\/posts"}],"about":[{"href":"https:\/\/catholiques17.fr\/laleumireuil\/wp-json\/wp\/v2\/types\/post"}],"author":[{"embeddable":true,"href":"https:\/\/catholiques17.fr\/laleumireuil\/wp-json\/wp\/v2\/users\/74"}],"replies":[{"embeddable":true,"href":"https:\/\/catholiques17.fr\/laleumireuil\/wp-json\/wp\/v2\/comments?post=11185"}],"version-history":[{"count":5,"href":"https:\/\/catholiques17.fr\/laleumireuil\/wp-json\/wp\/v2\/posts\/11185\/revisions"}],"predecessor-version":[{"id":11196,"href":"https:\/\/catholiques17.fr\/laleumireuil\/wp-json\/wp\/v2\/posts\/11185\/revisions\/11196"}],"wp:featuredmedia":[{"embeddable":true,"href":"https:\/\/catholiques17.fr\/laleumireuil\/wp-json\/wp\/v2\/media\/11186"}],"wp:attachment":[{"href":"https:\/\/catholiques17.fr\/laleumireuil\/wp-json\/wp\/v2\/media?parent=11185"}],"wp:term":[{"taxonomy":"category","embeddable":true,"href":"https:\/\/catholiques17.fr\/laleumireuil\/wp-json\/wp\/v2\/categories?post=11185"},{"taxonomy":"post_tag","embeddable":true,"href":"https:\/\/catholiques17.fr\/laleumireuil\/wp-json\/wp\/v2\/tags?post=11185"}],"curies":[{"name":"wp","href":"https:\/\/api.w.org\/{rel}","templated":true}]}}