{"id":11095,"date":"2025-05-11T14:15:39","date_gmt":"2025-05-11T12:15:39","guid":{"rendered":"https:\/\/catholiques17.fr\/laleumireuil\/?p=11095"},"modified":"2025-05-22T20:47:28","modified_gmt":"2025-05-22T18:47:28","slug":"pelerinage-de-lesperance-du-doyenne","status":"publish","type":"post","link":"https:\/\/catholiques17.fr\/laleumireuil\/2025\/05\/11\/pelerinage-de-lesperance-du-doyenne\/","title":{"rendered":"P\u00e8lerinage de l\u2019Esp\u00e9rance du Doyenn\u00e9"},"content":{"rendered":"<p>[et_pb_section fb_built=\u00a0\u00bb1&Prime; _builder_version=\u00a0\u00bb4.27.4&Prime; _module_preset=\u00a0\u00bbdefault\u00a0\u00bb global_colors_info=\u00a0\u00bb{}\u00a0\u00bb theme_builder_area=\u00a0\u00bbpost_content\u00a0\u00bb][et_pb_row _builder_version=\u00a0\u00bb4.27.4&Prime; _module_preset=\u00a0\u00bbdefault\u00a0\u00bb custom_margin=\u00a0\u00bb-40px|auto||auto||\u00a0\u00bb custom_padding=\u00a0\u00bb27px|||||\u00a0\u00bb global_colors_info=\u00a0\u00bb{}\u00a0\u00bb theme_builder_area=\u00a0\u00bbpost_content\u00a0\u00bb][et_pb_column type=\u00a0\u00bb4_4&Prime; _builder_version=\u00a0\u00bb4.27.4&Prime; _module_preset=\u00a0\u00bbdefault\u00a0\u00bb global_colors_info=\u00a0\u00bb{}\u00a0\u00bb theme_builder_area=\u00a0\u00bbpost_content\u00a0\u00bb][et_pb_text _builder_version=\u00a0\u00bb4.27.4&Prime; _module_preset=\u00a0\u00bbdefault\u00a0\u00bb text_orientation=\u00a0\u00bbcenter\u00a0\u00bb custom_margin=\u00a0\u00bb||40px|||\u00a0\u00bb global_colors_info=\u00a0\u00bb{}\u00a0\u00bb theme_builder_area=\u00a0\u00bbpost_content\u00a0\u00bb]<\/p>\n<p>Dimanche 25 mai : P\u00e8lerinage de l\u2019Esp\u00e9rance doyenn\u00e9 de La Rochelle (6paroisses) \u00e0 Foncouverte.<br \/>Toutes les infos et inscriptions sur : <a href=\"https:\/\/paroisselarochellesud.fr\/2025\/03\/21\/pelerinage-du-doyenne-le-25-mai-2025\/\" target=\"_blank\" rel=\"noopener\">https:\/\/paroisselarochellesud.fr\/2025\/03\/21\/pelerinage-du-doyenne-le-25-mai-2025\/<\/a><\/p>\n<p><span>Le WE prochain, messe samedi \u00e0 18h 30 \u00e0 La Pallice , mais pas de messe le dimanche \u00e0 Laleu ni Mireuil , en raison du p\u00e8lerinage jubilaire de doyenn\u00e9\u00a0de Saint Vaize \u00e0 Foncouverte (8km environ) le dimanche 18 mai.<\/span><\/p>\n<p><span>On peut aller au d\u00e9part du p\u00e8lerinage en bus ou par ses propres moyens.<\/span><\/p>\n<p><span>Pour prendre le bus\u00a0: s\u2019inscrire sur la feuille au fond de l\u2019\u00e9glise, ou aupr\u00e8s de Genevi\u00e8ve (La Pallice), Bruno (Laleu), Marie-Fran\u00e7oise ou Marie-H\u00e9l\u00e8ne (Mireuil)<\/span><br \/><span>D\u00e9part du bus \u00e0 9h , esplanade des Parcs \u00e0 La Rochelle\u00a0; arriver \u00e0 8h50\u00a0.<\/span><br \/><span>Co voiturage possible\u00a0: rendez-vous \u00e0 8h30 au presbyt\u00e8re de Laleu ou devant l\u2019\u00e9glise de Mireuil. <\/span><br \/><span>Pris du bus\u00a0: 10 euros par adulte, gratuit pour les enfants\u00a0; apporter son pique-nique.<\/span><\/p>\n<p><span>Pour venir en voiture\u00a0: s\u2019inscrire sur la feuille et s\u2019accorder entre offres et demandes.<\/span><br \/><span>Pr\u00e9voir d\u2019arriver \u00e0 Saint Vaize vers 10h15\u00a0; apporter son pique-nique.<\/span><br \/><span>La journ\u00e9e se terminera par la messe \u00e0 Foncouverte, autour de 16H, puis retour \u00e0 La Rochelle (vers 18h).<\/span><\/p>\n<p>[\/et_pb_text][et_pb_button button_url=\u00a0\u00bbhttps:\/\/catholiques17.fr\/laleumireuil\/wp-content\/uploads\/sites\/43\/2025\/05\/Programme-du-pelerinage-jubilaire.pdf\u00a0\u00bb button_text=\u00a0\u00bbProgramme du p\u00e9lerinage\u00a0\u00bb button_alignment=\u00a0\u00bbcenter\u00a0\u00bb _builder_version=\u00a0\u00bb4.27.4&Prime; _module_preset=\u00a0\u00bbdefault\u00a0\u00bb hover_enabled=\u00a0\u00bb0&Prime; global_colors_info=\u00a0\u00bb{}\u00a0\u00bb theme_builder_area=\u00a0\u00bbpost_content\u00a0\u00bb url_new_window=\u00a0\u00bbon\u00a0\u00bb sticky_enabled=\u00a0\u00bb0&Prime;][\/et_pb_button][et_pb_button button_url=\u00a0\u00bbhttps:\/\/catholiques17.fr\/laleumireuil\/wp-content\/uploads\/sites\/43\/2025\/05\/Inscription-indiv-et-famille-pele-jubilaire-St-Vaize.pdf\u00a0\u00bb button_text=\u00a0\u00bbT\u00e9l\u00e9chargez le formulaire d&rsquo;inscription\u00a0\u00bb button_alignment=\u00a0\u00bbcenter\u00a0\u00bb _builder_version=\u00a0\u00bb4.27.4&Prime; _module_preset=\u00a0\u00bbdefault\u00a0\u00bb custom_button=\u00a0\u00bbon\u00a0\u00bb button_text_size=\u00a0\u00bb15px\u00a0\u00bb global_colors_info=\u00a0\u00bb{}\u00a0\u00bb theme_builder_area=\u00a0\u00bbpost_content\u00a0\u00bb][\/et_pb_button][\/et_pb_column][\/et_pb_row][\/et_pb_section]<\/p>\n","protected":false},"excerpt":{"rendered":"<p>Dimanche 25 mai : P\u00e8lerinage de l\u2019Esp\u00e9rance doyenn\u00e9 de La Rochelle (6paroisses) \u00e0 Foncouverte.Toutes les infos et inscriptions sur : https:\/\/paroisselarochellesud.fr\/2025\/03\/21\/pelerinage-du-doyenne-le-25-mai-2025\/ Le WE prochain, messe samedi \u00e0 18h 30 \u00e0 [&hellip;]<\/p>\n","protected":false},"author":74,"featured_media":11117,"comment_status":"open","ping_status":"open","sticky":false,"template":"","format":"standard","meta":{"_et_pb_use_builder":"on","_et_pb_old_content":"","_et_gb_content_width":"","footnotes":""},"categories":[6,53],"tags":[],"class_list":["post-11095","post","type-post","status-publish","format-standard","has-post-thumbnail","hentry","category-actualite","category-pelerinage"],"_links":{"self":[{"href":"https:\/\/catholiques17.fr\/laleumireuil\/wp-json\/wp\/v2\/posts\/11095","targetHints":{"allow":["GET"]}}],"collection":[{"href":"https:\/\/catholiques17.fr\/laleumireuil\/wp-json\/wp\/v2\/posts"}],"about":[{"href":"https:\/\/catholiques17.fr\/laleumireuil\/wp-json\/wp\/v2\/types\/post"}],"author":[{"embeddable":true,"href":"https:\/\/catholiques17.fr\/laleumireuil\/wp-json\/wp\/v2\/users\/74"}],"replies":[{"embeddable":true,"href":"https:\/\/catholiques17.fr\/laleumireuil\/wp-json\/wp\/v2\/comments?post=11095"}],"version-history":[{"count":12,"href":"https:\/\/catholiques17.fr\/laleumireuil\/wp-json\/wp\/v2\/posts\/11095\/revisions"}],"predecessor-version":[{"id":11143,"href":"https:\/\/catholiques17.fr\/laleumireuil\/wp-json\/wp\/v2\/posts\/11095\/revisions\/11143"}],"wp:featuredmedia":[{"embeddable":true,"href":"https:\/\/catholiques17.fr\/laleumireuil\/wp-json\/wp\/v2\/media\/11117"}],"wp:attachment":[{"href":"https:\/\/catholiques17.fr\/laleumireuil\/wp-json\/wp\/v2\/media?parent=11095"}],"wp:term":[{"taxonomy":"category","embeddable":true,"href":"https:\/\/catholiques17.fr\/laleumireuil\/wp-json\/wp\/v2\/categories?post=11095"},{"taxonomy":"post_tag","embeddable":true,"href":"https:\/\/catholiques17.fr\/laleumireuil\/wp-json\/wp\/v2\/tags?post=11095"}],"curies":[{"name":"wp","href":"https:\/\/api.w.org\/{rel}","templated":true}]}}