{"id":10567,"date":"2025-03-24T11:20:49","date_gmt":"2025-03-24T10:20:49","guid":{"rendered":"https:\/\/catholiques17.fr\/laleumireuil\/?p=10567"},"modified":"2025-03-26T17:10:20","modified_gmt":"2025-03-26T16:10:20","slug":"infos-careme-2025","status":"publish","type":"post","link":"https:\/\/catholiques17.fr\/laleumireuil\/2025\/03\/24\/infos-careme-2025\/","title":{"rendered":"Infos Car\u00eame 2025"},"content":{"rendered":"<p>[et_pb_section fb_built=\u00a0\u00bb1&Prime; _builder_version=\u00a0\u00bb4.27.4&Prime; _module_preset=\u00a0\u00bbdefault\u00a0\u00bb global_colors_info=\u00a0\u00bb{}\u00a0\u00bb theme_builder_area=\u00a0\u00bbpost_content\u00a0\u00bb][et_pb_row _builder_version=\u00a0\u00bb4.27.4&Prime; _module_preset=\u00a0\u00bbdefault\u00a0\u00bb custom_margin=\u00a0\u00bb-40px|auto||auto||\u00a0\u00bb global_colors_info=\u00a0\u00bb{}\u00a0\u00bb theme_builder_area=\u00a0\u00bbpost_content\u00a0\u00bb][et_pb_column type=\u00a0\u00bb4_4&Prime; _builder_version=\u00a0\u00bb4.27.4&Prime; _module_preset=\u00a0\u00bbdefault\u00a0\u00bb global_colors_info=\u00a0\u00bb{}\u00a0\u00bb theme_builder_area=\u00a0\u00bbpost_content\u00a0\u00bb][et_pb_accordion _builder_version=\u00a0\u00bb4.27.4&Prime; _module_preset=\u00a0\u00bbdefault\u00a0\u00bb hover_enabled=\u00a0\u00bb0&Prime; global_colors_info=\u00a0\u00bb{}\u00a0\u00bb theme_builder_area=\u00a0\u00bbpost_content\u00a0\u00bb sticky_enabled=\u00a0\u00bb0&Prime;][et_pb_accordion_item title=\u00a0\u00bbInfos car\u00eame 2025&Prime; _builder_version=\u00a0\u00bb4.27.4&Prime; _module_preset=\u00a0\u00bbdefault\u00a0\u00bb hover_enabled=\u00a0\u00bb0&Prime; global_colors_info=\u00a0\u00bb{}\u00a0\u00bb theme_builder_area=\u00a0\u00bbpost_content\u00a0\u00bb open=\u00a0\u00bbon\u00a0\u00bb sticky_enabled=\u00a0\u00bb0&Prime;]<\/p>\n<p><strong>Mercredi 5 mars<\/strong>\u00a0: Entr\u00e9e en car\u00eame<br \/>C\u00e9l\u00e9bration des cendres \u00e0 18h30 \u00e0 Mireuil<\/p>\n<p><strong>Tous<\/strong> <strong>les vendredis<\/strong>\u00a0(\u00e0 partir du 7 mars): Chemin de croix<br \/>\u00e0 15h \u00e0 La Pallice<br \/>\u00e0 19h \u00e0 Mireuil<\/p>\n<p><strong>Tous<\/strong> <strong>les samedis<\/strong> (\u00e0 partir du 15 mars) de 15h \u00e0 16h30 \u00e0 Mireuil:<br \/><strong>Rencontre-partage<\/strong>: \u00a0 parcours <em>P\u00e8lerins d\u2019Esp\u00e9rance<\/em><\/p>\n<p><strong><img loading=\"lazy\" decoding=\"async\" src=\"https:\/\/catholiques17.fr\/laleumireuil\/wp-content\/uploads\/sites\/43\/2024\/11\/Jubile-2025_Pack-Logos-Francais_couleur-1.png\" width=\"129\" height=\"73\" alt=\"\" class=\"wp-image-9928 aligncenter size-full\" style=\"float: left\" \/><\/strong><\/p>\n<p>&nbsp;<\/p>\n<p>&nbsp;<\/p>\n<p><em>15 mars<\/em>\u00a0: esp\u00e9rer dans un monde d\u00e9boussol\u00e9<br \/><em>22 mars<\/em>\u00a0: esp\u00e9rer face \u00e0 la violence et au conflit<br \/><em>29 mars<\/em>\u00a0: esp\u00e9rer face \u00e0 la souffrance et \u00e0 la mort<br \/><em>5 avril<\/em>\u00a0: esp\u00e9rer face au p\u00e9ch\u00e9 et \u00e0 la culpabilit\u00e9<br \/><em>12 avril<\/em>\u00a0: t\u00e9moignages d\u2019esp\u00e9rance<\/p>\n<p><strong>Tous les dimanches<\/strong> \u00e0 10h15 \u00e0 Mireuil\u00a0:\u00a0 pri\u00e8re du chapelet<br \/><strong>Mercredi 9 avril<\/strong>\u00a0: bol de riz partag\u00e9 apr\u00e8s la messe de 18h30 \u00e0 Mireuil, et pri\u00e8re des complies<\/p>\n<p>[\/et_pb_accordion_item][et_pb_accordion_item title=\u00a0\u00bbC\u00e9l\u00e9brations de semaine sainte\u00a0\u00bb open=\u00a0\u00bboff\u00a0\u00bb _builder_version=\u00a0\u00bb4.27.4&Prime; _module_preset=\u00a0\u00bbdefault\u00a0\u00bb global_colors_info=\u00a0\u00bb{}\u00a0\u00bb theme_builder_area=\u00a0\u00bbpost_content\u00a0\u00bb]<\/p>\n<div class=\"et-module-25b76bdc-f563-401d-a525-748cf1b0ba7f et_pb_column ui-sortable et-animated--vb et_pb_column_4_4 et_pb_column_2 et-first-child et-last-child et_pb_with_border\" data-address=\"0.1.0.1.0.0.0\">\n<div class=\"et_fb_editing_enabled et-module-1a3f3f8a-8cf7-4268-a3d6-3ffbb864fc87 et_pb_text et_pb_module ui-sortable et_pb_text_0 et-animated--vb et_pb_text_align_left et_pb_bg_layout_light et-last-child\" data-address=\"0.1.0.1.0.0.0.2\">\n<div class=\"et_pb_text_inner\">\n<div data-shortcode-id=\"0.1.0.1.0.0.0.2-1740842695310\" data-quickaccess-editable=\"yes\" class=\"et-fb-popover-tinymce\">\n<div class=\"mce-content-body\" style=\"position: relative\">\n<p><strong>C<\/strong><strong>\u00e9l\u00e9bration p\u00e9nitentielle<\/strong>\u00a0<em>(confessions individuelles)\u00a0:<br \/><\/em><strong>Mercredi 16 avril\u00a0<\/strong>: Mireuil 17h30, suivie de la messe \u00e0 18h30<\/p>\n<p><strong>Dimanche 13 avril<\/strong>\u00a0: Dimanche des Rameaux et de la Passion (horaires habituels du dimanche)<br \/><strong>Jeudi saint 17 avril<\/strong>\u00a0: La Pallice 18h30 c\u00e9l\u00e9bration de la C\u00e8ne<br \/><strong>Vendredi saint 18 avril<\/strong>\u00a0: Laleu 15h chemin de croix \/ Mireuil\u00a018h30 c\u00e9l\u00e9bration de la croix<br \/><strong>Samedi saint 19 avril<\/strong>\u00a0: Laleu\u00a0 21h veill\u00e9e pascale<br \/><strong>Dimanche 20 avril<\/strong>\u00a0: Mireuil\u00a0 11h messe du jour de P\u00e2ques, messe unique pour le secteur<\/p>\n<\/div>\n<\/div>\n<\/div>\n<\/div>\n<\/div>\n<div class=\"et-fb-mousetrap et-fb-mousetrap-move et-fb-mousetrap--row\" style=\"background: none\"><\/div>\n<p>[\/et_pb_accordion_item][\/et_pb_accordion][\/et_pb_column][\/et_pb_row][\/et_pb_section]<\/p>\n","protected":false},"excerpt":{"rendered":"<p>Mercredi 5 mars\u00a0: Entr\u00e9e en car\u00eameC\u00e9l\u00e9bration des cendres \u00e0 18h30 \u00e0 Mireuil Tous les vendredis\u00a0(\u00e0 partir du 7 mars): Chemin de croix\u00e0 15h \u00e0 La Pallice\u00e0 19h \u00e0 Mireuil Tous [&hellip;]<\/p>\n","protected":false},"author":74,"featured_media":10568,"comment_status":"open","ping_status":"open","sticky":false,"template":"","format":"standard","meta":{"_et_pb_use_builder":"on","_et_pb_old_content":"","_et_gb_content_width":"","footnotes":""},"categories":[6,38],"tags":[],"class_list":["post-10567","post","type-post","status-publish","format-standard","has-post-thumbnail","hentry","category-actualite","category-careme"],"_links":{"self":[{"href":"https:\/\/catholiques17.fr\/laleumireuil\/wp-json\/wp\/v2\/posts\/10567","targetHints":{"allow":["GET"]}}],"collection":[{"href":"https:\/\/catholiques17.fr\/laleumireuil\/wp-json\/wp\/v2\/posts"}],"about":[{"href":"https:\/\/catholiques17.fr\/laleumireuil\/wp-json\/wp\/v2\/types\/post"}],"author":[{"embeddable":true,"href":"https:\/\/catholiques17.fr\/laleumireuil\/wp-json\/wp\/v2\/users\/74"}],"replies":[{"embeddable":true,"href":"https:\/\/catholiques17.fr\/laleumireuil\/wp-json\/wp\/v2\/comments?post=10567"}],"version-history":[{"count":10,"href":"https:\/\/catholiques17.fr\/laleumireuil\/wp-json\/wp\/v2\/posts\/10567\/revisions"}],"predecessor-version":[{"id":10694,"href":"https:\/\/catholiques17.fr\/laleumireuil\/wp-json\/wp\/v2\/posts\/10567\/revisions\/10694"}],"wp:featuredmedia":[{"embeddable":true,"href":"https:\/\/catholiques17.fr\/laleumireuil\/wp-json\/wp\/v2\/media\/10568"}],"wp:attachment":[{"href":"https:\/\/catholiques17.fr\/laleumireuil\/wp-json\/wp\/v2\/media?parent=10567"}],"wp:term":[{"taxonomy":"category","embeddable":true,"href":"https:\/\/catholiques17.fr\/laleumireuil\/wp-json\/wp\/v2\/categories?post=10567"},{"taxonomy":"post_tag","embeddable":true,"href":"https:\/\/catholiques17.fr\/laleumireuil\/wp-json\/wp\/v2\/tags?post=10567"}],"curies":[{"name":"wp","href":"https:\/\/api.w.org\/{rel}","templated":true}]}}