{"id":10167,"date":"2025-01-28T14:48:30","date_gmt":"2025-01-28T13:48:30","guid":{"rendered":"https:\/\/catholiques17.fr\/laleumireuil\/?p=10167"},"modified":"2025-02-05T08:41:43","modified_gmt":"2025-02-05T07:41:43","slug":"jubile-2025","status":"publish","type":"post","link":"https:\/\/catholiques17.fr\/laleumireuil\/2025\/01\/28\/jubile-2025\/","title":{"rendered":"Jubil\u00e9 2025"},"content":{"rendered":"<p>[et_pb_section fb_built=\u00a0\u00bb1&Prime; _builder_version=\u00a0\u00bb4.27.4&Prime; _module_preset=\u00a0\u00bbdefault\u00a0\u00bb global_colors_info=\u00a0\u00bb{}\u00a0\u00bb theme_builder_area=\u00a0\u00bbpost_content\u00a0\u00bb][et_pb_row _builder_version=\u00a0\u00bb4.27.4&Prime; _module_preset=\u00a0\u00bbdefault\u00a0\u00bb global_colors_info=\u00a0\u00bb{}\u00a0\u00bb theme_builder_area=\u00a0\u00bbpost_content\u00a0\u00bb][et_pb_column type=\u00a0\u00bb4_4&Prime; _builder_version=\u00a0\u00bb4.27.4&Prime; _module_preset=\u00a0\u00bbdefault\u00a0\u00bb global_colors_info=\u00a0\u00bb{}\u00a0\u00bb theme_builder_area=\u00a0\u00bbpost_content\u00a0\u00bb][et_pb_text _builder_version=\u00a0\u00bb4.27.4&Prime; _module_preset=\u00a0\u00bbdefault\u00a0\u00bb text_orientation=\u00a0\u00bbcenter\u00a0\u00bb global_colors_info=\u00a0\u00bb{}\u00a0\u00bb theme_builder_area=\u00a0\u00bbpost_content\u00a0\u00bb]<\/p>\n<p><strong>2025<\/strong><span>\u00a0approche \u00e0 grands pas, et avec elle, l\u2019occasion de vivre l\u2019<\/span><strong>ann\u00e9e Jubilaire<\/strong><span>. Cette ann\u00e9e exceptionnelle, connue \u00e9galement sous le nom de l\u2019<\/span><strong>ann\u00e9e Sainte<\/strong><span>, est une invitation \u00e0 la r\u00e9flexion, au partage et au renouvellement de la foi. En vue de l\u2019ann\u00e9e Sainte 2025, la devise choisie par le Pape est :\u00a0<\/span><strong>\u00ab P\u00e8lerins de l\u2019esp\u00e9rance \u00bb.<\/strong><\/p>\n<p><strong><\/strong><\/p>\n<p><strong><span>Infos \ud83d\udc49\ud83c\udffb<\/span><\/strong> <a href=\"https:\/\/catholiques17.fr\/jubile-2025-soyons-des-pelerins-desperance\/2025\">https:\/\/catholiques17.fr\/jubile-2025-soyons-des-pelerins-desperance\/2025<\/a><\/p>\n<p>[\/et_pb_text][\/et_pb_column][\/et_pb_row][\/et_pb_section]<\/p>\n","protected":false},"excerpt":{"rendered":"<p>2025\u00a0approche \u00e0 grands pas, et avec elle, l\u2019occasion de vivre l\u2019ann\u00e9e Jubilaire. Cette ann\u00e9e exceptionnelle, connue \u00e9galement sous le nom de l\u2019ann\u00e9e Sainte, est une invitation \u00e0 la r\u00e9flexion, au [&hellip;]<\/p>\n","protected":false},"author":74,"featured_media":9928,"comment_status":"open","ping_status":"open","sticky":false,"template":"","format":"standard","meta":{"_et_pb_use_builder":"on","_et_pb_old_content":"","_et_gb_content_width":"","footnotes":""},"categories":[6,24,48],"tags":[],"class_list":["post-10167","post","type-post","status-publish","format-standard","has-post-thumbnail","hentry","category-actualite","category-annonces","category-jubile"],"_links":{"self":[{"href":"https:\/\/catholiques17.fr\/laleumireuil\/wp-json\/wp\/v2\/posts\/10167","targetHints":{"allow":["GET"]}}],"collection":[{"href":"https:\/\/catholiques17.fr\/laleumireuil\/wp-json\/wp\/v2\/posts"}],"about":[{"href":"https:\/\/catholiques17.fr\/laleumireuil\/wp-json\/wp\/v2\/types\/post"}],"author":[{"embeddable":true,"href":"https:\/\/catholiques17.fr\/laleumireuil\/wp-json\/wp\/v2\/users\/74"}],"replies":[{"embeddable":true,"href":"https:\/\/catholiques17.fr\/laleumireuil\/wp-json\/wp\/v2\/comments?post=10167"}],"version-history":[{"count":5,"href":"https:\/\/catholiques17.fr\/laleumireuil\/wp-json\/wp\/v2\/posts\/10167\/revisions"}],"predecessor-version":[{"id":10213,"href":"https:\/\/catholiques17.fr\/laleumireuil\/wp-json\/wp\/v2\/posts\/10167\/revisions\/10213"}],"wp:featuredmedia":[{"embeddable":true,"href":"https:\/\/catholiques17.fr\/laleumireuil\/wp-json\/wp\/v2\/media\/9928"}],"wp:attachment":[{"href":"https:\/\/catholiques17.fr\/laleumireuil\/wp-json\/wp\/v2\/media?parent=10167"}],"wp:term":[{"taxonomy":"category","embeddable":true,"href":"https:\/\/catholiques17.fr\/laleumireuil\/wp-json\/wp\/v2\/categories?post=10167"},{"taxonomy":"post_tag","embeddable":true,"href":"https:\/\/catholiques17.fr\/laleumireuil\/wp-json\/wp\/v2\/tags?post=10167"}],"curies":[{"name":"wp","href":"https:\/\/api.w.org\/{rel}","templated":true}]}}