{"id":11655,"global_id":"catholiques17.fr\/laleumireuil?id=11655","global_id_lineage":["catholiques17.fr\/laleumireuil?id=11655"],"author":"74","status":"publish","date":"2026-02-04 11:20:17","date_utc":"2026-02-04 10:20:17","modified":"2026-02-04 11:23:16","modified_utc":"2026-02-04 10:23:16","url":"https:\/\/catholiques17.fr\/laleumireuil\/event\/pelerinage-au-portugal-a-porto-fatima-et-lisbonne\/","rest_url":"https:\/\/catholiques17.fr\/laleumireuil\/wp-json\/tribe\/events\/v1\/events\/11655","title":"P\u00e8lerinage au Portugal, \u00e0 Porto, Fatima et Lisbonne.","description":"<p>Le service des p\u00e8lerinages vous propose une semaine de p\u00e8lerinage au Portugal, \u00e0 Porto, Fatima et Lisbonne.<br \/>\nVenez prier au sanctuaire de Fatima au jour anniversaire d\u2019une apparition de Notre-Dame, et d\u00e9couvrir la beaut\u00e9 du Portugal, de Porto et Lisbonne !<br \/>\nRetrouvez toutes infos sur \ud83d\udc49\ud83c\udffb <strong><a href=\"https:\/\/catholiques17.fr\/en-juin-peleriner-au-portugal\/\" target=\"_blank\" rel=\"noopener\">https:\/\/catholiques17.fr\/en-juin-peleriner-au-portugal\/<\/a><\/p>\n<p><\/strong><strong>Informations et r\u00e9servations : Direction des p\u00e8lerinages \u2013\u00a0<\/strong><strong>07 72 32 08 28<br \/>\n<\/strong><a class=\"et_pb_button et_pb_promo_button\" href=\"mailto:%20pelerinages@diocese17.fr\">pelerinages@diocese17.fr<\/a><\/p>\n<p><img loading=\"lazy\" decoding=\"async\" class=\"alignleft wp-image-11656\" src=\"https:\/\/catholiques17.fr\/laleumireuil\/wp-content\/uploads\/sites\/43\/2026\/02\/WhatsApp-Image-2026-02-04-at-11.04.31.jpeg\" alt=\"\" width=\"443\" height=\"626\" \/><\/p>","excerpt":"","slug":"pelerinage-au-portugal-a-porto-fatima-et-lisbonne","image":false,"all_day":true,"start_date":"2026-06-11 00:00:00","start_date_details":{"year":"2026","month":"06","day":"11","hour":"00","minutes":"00","seconds":"00"},"end_date":"2026-06-16 23:59:59","end_date_details":{"year":"2026","month":"06","day":"16","hour":"23","minutes":"59","seconds":"59"},"utc_start_date":"2026-06-10 22:00:00","utc_start_date_details":{"year":"2026","month":"06","day":"10","hour":"22","minutes":"00","seconds":"00"},"utc_end_date":"2026-06-16 21:59:59","utc_end_date_details":{"year":"2026","month":"06","day":"16","hour":"21","minutes":"59","seconds":"59"},"timezone":"Europe\/Paris","timezone_abbr":"CEST","cost":"","cost_details":{"currency_symbol":"\u20ac","currency_code":"USD","currency_position":"suffix","values":[]},"website":"","show_map":false,"show_map_link":false,"hide_from_listings":false,"sticky":false,"featured":false,"categories":[],"tags":[],"venue":[],"organizer":[{"id":7092,"author":"4","status":"publish","date":"2022-02-02 10:49:23","date_utc":"2022-02-02 09:49:23","modified":"2022-02-02 10:49:23","modified_utc":"2022-02-02 09:49:23","url":"https:\/\/catholiques17.fr\/laleumireuil\/organisateur\/service-diocesain-des-pelerinages\/","organizer":"Service dioc\u00e9sain des p\u00e8lerinages","slug":"service-diocesain-des-pelerinages","json_ld":{"@type":"Person","name":"Service dioc\u00e9sain des p\u00e8lerinages","description":"","url":"","telephone":"","email":"","sameAs":""},"global_id":"catholiques17.fr\/laleumireuil?id=7092","global_id_lineage":["catholiques17.fr\/laleumireuil?id=7092"]}],"custom_fields":[],"json_ld":{"@context":"http:\/\/schema.org","@type":"Event","name":"P\u00e8lerinage au Portugal, \u00e0 Porto, Fatima et Lisbonne.","description":"&lt;p&gt;Le service des p\u00e8lerinages vous propose une semaine de p\u00e8lerinage au Portugal, \u00e0 Porto, Fatima et Lisbonne. Venez prier au sanctuaire de Fatima au jour anniversaire d\u2019une apparition de Notre-Dame, [&hellip;]&lt;\/p&gt;\\n","url":"https:\/\/catholiques17.fr\/laleumireuil\/event\/pelerinage-au-portugal-a-porto-fatima-et-lisbonne\/","eventAttendanceMode":"https:\/\/schema.org\/OfflineEventAttendanceMode","eventStatus":"https:\/\/schema.org\/EventScheduled","startDate":"2026-06-11T00:00:00+02:00","endDate":"2026-06-16T23:59:59+02:00","organizer":{"@type":"Person","name":"Service dioc\u00e9sain des p\u00e8lerinages","description":"","url":"","telephone":"","email":"","sameAs":""},"performer":"Organization"}}