{"id":11459,"global_id":"catholiques17.fr\/laleumireuil?id=11459","global_id_lineage":["catholiques17.fr\/laleumireuil?id=11459"],"author":"74","status":"publish","date":"2025-11-21 13:52:50","date_utc":"2025-11-21 12:52:50","modified":"2025-11-21 13:52:50","modified_utc":"2025-11-21 12:52:50","url":"https:\/\/catholiques17.fr\/laleumireuil\/event\/mercredi-davent-partage-devangile-3\/","rest_url":"https:\/\/catholiques17.fr\/laleumireuil\/wp-json\/tribe\/events\/v1\/events\/11459","title":"Mercredi d\u2019Avent \u2013 Partage d\u2019\u00e9vangile","description":"<p>Tous les mercredis d\u2019Avent, \u00e0 partir du mercredi 3 d\u00e9cembre,<br \/>\nnous sommes tous invit\u00e9s \u00e0 un partage d\u2019\u00e9vangile de 20h \u00e0 21h \u00e0 Mireuil<br \/>\n(18h30, messe ; puis repas rapide en commun ; puis \u00e0 20h, partage d\u2019\u00e9vangile).<\/p>","excerpt":"","slug":"mercredi-davent-partage-devangile-3","image":false,"all_day":false,"start_date":"2025-12-17 20:00:00","start_date_details":{"year":"2025","month":"12","day":"17","hour":"20","minutes":"00","seconds":"00"},"end_date":"2025-12-17 21:00:00","end_date_details":{"year":"2025","month":"12","day":"17","hour":"21","minutes":"00","seconds":"00"},"utc_start_date":"2025-12-17 19:00:00","utc_start_date_details":{"year":"2025","month":"12","day":"17","hour":"19","minutes":"00","seconds":"00"},"utc_end_date":"2025-12-17 20:00:00","utc_end_date_details":{"year":"2025","month":"12","day":"17","hour":"20","minutes":"00","seconds":"00"},"timezone":"Europe\/Paris","timezone_abbr":"CET","cost":"","cost_details":{"currency_symbol":"\u20ac","currency_code":"USD","currency_position":"suffix","values":[]},"website":"","show_map":true,"show_map_link":true,"hide_from_listings":false,"sticky":false,"featured":false,"categories":[],"tags":[],"venue":{"id":10147,"author":"74","status":"publish","date":"2025-02-04 14:30:25","date_utc":"2025-02-04 13:30:25","modified":"2025-03-04 10:53:02","modified_utc":"2025-03-04 09:53:02","url":"https:\/\/catholiques17.fr\/laleumireuil\/lieu\/eglise-de-mireuil\/","venue":"Eglise St Paul de Mireuil","slug":"eglise-de-mireuil","address":"Avenue Des Grandes Varennes","city":"La Rochelle","country":"France","zip":"17000","json_ld":{"@type":"Place","name":"Eglise St Paul de Mireuil","description":"","url":"","address":{"@type":"PostalAddress","streetAddress":"Avenue Des Grandes Varennes","addressLocality":"La Rochelle","postalCode":"17000","addressCountry":"France"},"telephone":"","sameAs":""},"show_map":false,"show_map_link":false,"global_id":"catholiques17.fr\/laleumireuil?id=10147","global_id_lineage":["catholiques17.fr\/laleumireuil?id=10147"]},"organizer":[],"custom_fields":[],"json_ld":{"@context":"http:\/\/schema.org","@type":"Event","name":"Mercredi d\u2019Avent \u2013 Partage d\u2019\u00e9vangile","description":"&lt;p&gt;Tous les mercredis d\u2019Avent, \u00e0 partir du mercredi 3 d\u00e9cembre, nous sommes tous invit\u00e9s \u00e0 un partage d\u2019\u00e9vangile de 20h \u00e0 21h \u00e0 Mireuil (18h30, messe ; puis repas rapide [&hellip;]&lt;\/p&gt;\\n","url":"https:\/\/catholiques17.fr\/laleumireuil\/event\/mercredi-davent-partage-devangile-3\/","eventAttendanceMode":"https:\/\/schema.org\/OfflineEventAttendanceMode","eventStatus":"https:\/\/schema.org\/EventScheduled","startDate":"2025-12-17T20:00:00+01:00","endDate":"2025-12-17T21:00:00+01:00","location":{"@type":"Place","name":"Eglise St Paul de Mireuil","description":"","url":"","address":{"@type":"PostalAddress","streetAddress":"Avenue Des Grandes Varennes","addressLocality":"La Rochelle","postalCode":"17000","addressCountry":"France"},"telephone":"","sameAs":""},"performer":"Organization"}}