{"id":9628,"date":"2025-10-17T10:46:00","date_gmt":"2025-10-17T08:46:00","guid":{"rendered":"https:\/\/catholiques17.fr\/jonzac\/?p=9628"},"modified":"2025-10-19T09:23:50","modified_gmt":"2025-10-19T07:23:50","slug":"annonces-de-la-semaine","status":"publish","type":"post","link":"https:\/\/catholiques17.fr\/jonzac\/2025\/10\/17\/annonces-de-la-semaine\/","title":{"rendered":"Annonces de la semaine"},"content":{"rendered":"<p>[et_pb_section fb_built=\u00a0\u00bb1&Prime; admin_label=\u00a0\u00bbsection\u00a0\u00bb _builder_version=\u00a0\u00bb4.16&Prime; global_colors_info=\u00a0\u00bb{}\u00a0\u00bb theme_builder_area=\u00a0\u00bbpost_content\u00a0\u00bb][et_pb_row admin_label=\u00a0\u00bbrow\u00a0\u00bb _builder_version=\u00a0\u00bb4.16&Prime; background_size=\u00a0\u00bbinitial\u00a0\u00bb background_position=\u00a0\u00bbtop_left\u00a0\u00bb background_repeat=\u00a0\u00bbrepeat\u00a0\u00bb global_colors_info=\u00a0\u00bb{}\u00a0\u00bb theme_builder_area=\u00a0\u00bbpost_content\u00a0\u00bb][et_pb_column type=\u00a0\u00bb4_4&Prime; _builder_version=\u00a0\u00bb4.16&Prime; custom_padding=\u00a0\u00bb|||\u00a0\u00bb global_colors_info=\u00a0\u00bb{}\u00a0\u00bb custom_padding__hover=\u00a0\u00bb|||\u00a0\u00bb theme_builder_area=\u00a0\u00bbpost_content\u00a0\u00bb][et_pb_text _builder_version=\u00a0\u00bb4.27.4&Prime; _module_preset=\u00a0\u00bbdefault\u00a0\u00bb hover_enabled=\u00a0\u00bb0&Prime; global_colors_info=\u00a0\u00bb{}\u00a0\u00bb theme_builder_area=\u00a0\u00bbpost_content\u00a0\u00bb sticky_enabled=\u00a0\u00bb0&Prime;]<\/p>\n<p>Dimanche : messe \u00e0 11h \u00e0 l&rsquo;\u00e9glise de Jonzac &#8211;<\/p>\n<p>messe anticip\u00e9e du dimanche :<\/p>\n<p>samedi 25 octobre \u00e0 18h \u00e0 l&rsquo;\u00e9glise de Villexavier<\/p>\n<p>samedi 1er novembre \u00e0 17h \u00e0 l&rsquo;\u00e9glise de Mortiers messe des d\u00e9funts du secteur est<\/p>\n<p>samedi 1er novembre messe de la TOUSSAINT \u00e0 11h \u00e0 l&rsquo;\u00e9glise de Jonzac<\/p>\n<p>dimanche 2 novembre messe des d\u00e9funts de Jonzac et du secteur nord \u00e0 11h \u00e0 l&rsquo;\u00e9glise de Jonzac<\/p>\n<p>samedi 8 novembre messe des d\u00e9funts du secteur ouest<\/p>\n<p>samedi 15 novembre messe des d\u00e9funts du secteur sud<\/p>\n<p>vendredi : confession &#8211; adoration \u00e0 10h et messe \u00e0 11h<\/p>\n<p>mercredi messe \u00e0 9h \u00e0 la chapelle Notre Dame de Lourdes aux salles paroissiales, suivie d&rsquo;un temps de pri\u00e8re pour les vocations et intentions personnelles.<\/p>\n<p>[\/et_pb_text][\/et_pb_column][\/et_pb_row][\/et_pb_section]<\/p>\n","protected":false},"excerpt":{"rendered":"<p>Dimanche : messe \u00e0 11h \u00e0 l&rsquo;\u00e9glise de Jonzac &#8211; messe anticip\u00e9e du dimanche : samedi 25 octobre \u00e0 18h \u00e0 l&rsquo;\u00e9glise de Villexavier samedi 1er novembre \u00e0 17h \u00e0 [&hellip;]<\/p>\n","protected":false},"author":65,"featured_media":9618,"comment_status":"open","ping_status":"open","sticky":false,"template":"","format":"standard","meta":{"_et_pb_use_builder":"on","_et_pb_old_content":"","_et_gb_content_width":"","footnotes":""},"categories":[6,53,55,56,58,57],"tags":[],"class_list":["post-9628","post","type-post","status-publish","format-standard","has-post-thumbnail","hentry","category-actualite","category-chorale","category-liturgie","category-messe","category-paroisse","category-priere"],"_links":{"self":[{"href":"https:\/\/catholiques17.fr\/jonzac\/wp-json\/wp\/v2\/posts\/9628","targetHints":{"allow":["GET"]}}],"collection":[{"href":"https:\/\/catholiques17.fr\/jonzac\/wp-json\/wp\/v2\/posts"}],"about":[{"href":"https:\/\/catholiques17.fr\/jonzac\/wp-json\/wp\/v2\/types\/post"}],"author":[{"embeddable":true,"href":"https:\/\/catholiques17.fr\/jonzac\/wp-json\/wp\/v2\/users\/65"}],"replies":[{"embeddable":true,"href":"https:\/\/catholiques17.fr\/jonzac\/wp-json\/wp\/v2\/comments?post=9628"}],"version-history":[{"count":112,"href":"https:\/\/catholiques17.fr\/jonzac\/wp-json\/wp\/v2\/posts\/9628\/revisions"}],"predecessor-version":[{"id":11192,"href":"https:\/\/catholiques17.fr\/jonzac\/wp-json\/wp\/v2\/posts\/9628\/revisions\/11192"}],"wp:featuredmedia":[{"embeddable":true,"href":"https:\/\/catholiques17.fr\/jonzac\/wp-json\/wp\/v2\/media\/9618"}],"wp:attachment":[{"href":"https:\/\/catholiques17.fr\/jonzac\/wp-json\/wp\/v2\/media?parent=9628"}],"wp:term":[{"taxonomy":"category","embeddable":true,"href":"https:\/\/catholiques17.fr\/jonzac\/wp-json\/wp\/v2\/categories?post=9628"},{"taxonomy":"post_tag","embeddable":true,"href":"https:\/\/catholiques17.fr\/jonzac\/wp-json\/wp\/v2\/tags?post=9628"}],"curies":[{"name":"wp","href":"https:\/\/api.w.org\/{rel}","templated":true}]}}