{"id":9402,"date":"2024-12-22T15:00:00","date_gmt":"2024-12-22T14:00:00","guid":{"rendered":"https:\/\/catholiques17.fr\/jonzac\/?p=9402"},"modified":"2025-01-23T10:53:34","modified_gmt":"2025-01-23T09:53:34","slug":"ordination-diaconale-de-giacomo-liporesi-et-samuel-labossiere","status":"publish","type":"post","link":"https:\/\/catholiques17.fr\/jonzac\/2024\/12\/22\/ordination-diaconale-de-giacomo-liporesi-et-samuel-labossiere\/","title":{"rendered":"Ordination diaconale de Giacomo Liporesi et Samuel Labossi\u00e8re"},"content":{"rendered":"\n[et_pb_section fb_built=\u00a0\u00bb1&Prime; admin_label=\u00a0\u00bbsection\u00a0\u00bb _builder_version=\u00a0\u00bb4.16&Prime; global_colors_info=\u00a0\u00bb{}\u00a0\u00bb theme_builder_area=\u00a0\u00bbpost_content\u00a0\u00bb][et_pb_row admin_label=\u00a0\u00bbrow\u00a0\u00bb _builder_version=\u00a0\u00bb4.16&Prime; background_size=\u00a0\u00bbinitial\u00a0\u00bb background_position=\u00a0\u00bbtop_left\u00a0\u00bb background_repeat=\u00a0\u00bbrepeat\u00a0\u00bb global_colors_info=\u00a0\u00bb{}\u00a0\u00bb theme_builder_area=\u00a0\u00bbpost_content\u00a0\u00bb][et_pb_column type=\u00a0\u00bb4_4&Prime; _builder_version=\u00a0\u00bb4.16&Prime; custom_padding=\u00a0\u00bb|||\u00a0\u00bb global_colors_info=\u00a0\u00bb{}\u00a0\u00bb custom_padding__hover=\u00a0\u00bb|||\u00a0\u00bb theme_builder_area=\u00a0\u00bbpost_content\u00a0\u00bb][et_pb_text admin_label=\u00a0\u00bbText\u00a0\u00bb _builder_version=\u00a0\u00bb4.21.0&Prime; background_size=\u00a0\u00bbinitial\u00a0\u00bb background_position=\u00a0\u00bbtop_left\u00a0\u00bb background_repeat=\u00a0\u00bbrepeat\u00a0\u00bb global_colors_info=\u00a0\u00bb{}\u00a0\u00bb theme_builder_area=\u00a0\u00bbpost_content\u00a0\u00bb]<p><!-- divi:spacer {\"height\":\"48px\"} --><\/p>\n<p><!-- \/divi:spacer --><\/p>\n<p><!-- divi:heading --><\/p>\n<h3 style=\"text-align: center\">Le dimanche 22 d\u00e9cembre 2024<\/h3>\n<h3 style=\"text-align: center\">4e dimanche de l\u2019avent<\/h3>\n<h3 style=\"text-align: center\">\u00e0 15h30 en l\u2019\u00e9glise Saint-Jean-Baptiste de Saint-Jean-d\u2019Ang\u00e9ly<\/h3>\n<p>&nbsp;<\/p>\n<h3 style=\"text-align: center\"><strong>Mgr Fran\u00e7ois Jacolin,<\/strong><\/h3>\n<h3 style=\"text-align: center\">\u00e9v\u00eaque de Lu\u00e7on et administrateur apostolique du dioc\u00e8se de La Rochelle,<\/h3>\n<p>&nbsp;<\/p>\n<h3 style=\"text-align: center\"><strong>ordonnera diacres en vue du sacerdoce<\/strong><\/h3>\n<p><strong><\/strong><\/p>\n<h3 style=\"text-align: center\"><strong>Giacomo Liporesi et <\/strong><strong>Samuel Labossi\u00e8re<\/strong><strong>.<\/strong><\/h3>\n<p><strong><\/strong><\/p>\n<h3 style=\"text-align: center\"><\/h3>\n<h3 style=\"text-align: center\">Tous les chr\u00e9tiens du dioc\u00e8se,<\/h3>\n<h3 style=\"text-align: center\">la\u00efcs, consacr\u00e9s, diacres et pr\u00eatres,<\/h3>\n<h3 style=\"text-align: center\">sont invit\u00e9s \u00e0 prendre part \u00e0 cette messe d\u2019ordination,<\/h3>\n<h3 style=\"text-align: center\">\u00e0 partager la joie de notre dioc\u00e8se et \u00e0 prier pour Samuel et Giacomo.<em><\/em><\/h3>\n<h3>\u00a0<\/h3>\n<p><!-- \/divi:heading --><\/p>[\/et_pb_text][et_pb_image src=\u00a0\u00bbhttps:\/\/catholiques17.fr\/jonzac\/wp-content\/uploads\/sites\/39\/2024\/12\/Giacomo-et-les-jeunes-a-Lourdes.jpg\u00a0\u00bb title_text=\u00a0\u00bbGiacomo et les jeunes \u00e0 Lourdes\u00a0\u00bb _builder_version=\u00a0\u00bb4.21.0&Prime; _module_preset=\u00a0\u00bbdefault\u00a0\u00bb global_colors_info=\u00a0\u00bb{}\u00a0\u00bb theme_builder_area=\u00a0\u00bbpost_content\u00a0\u00bb][\/et_pb_image][\/et_pb_column][\/et_pb_row][et_pb_row column_structure=\u00a0\u00bb2_5,3_5&Prime; _builder_version=\u00a0\u00bb4.21.0&Prime; _module_preset=\u00a0\u00bbdefault\u00a0\u00bb global_colors_info=\u00a0\u00bb{}\u00a0\u00bb theme_builder_area=\u00a0\u00bbpost_content\u00a0\u00bb][et_pb_column type=\u00a0\u00bb2_5&Prime; _builder_version=\u00a0\u00bb4.21.0&Prime; _module_preset=\u00a0\u00bbdefault\u00a0\u00bb global_colors_info=\u00a0\u00bb{}\u00a0\u00bb theme_builder_area=\u00a0\u00bbpost_content\u00a0\u00bb][et_pb_image src=\u00a0\u00bbhttps:\/\/catholiques17.fr\/jonzac\/wp-content\/uploads\/sites\/39\/2024\/12\/ordination-diaconale.jpg\u00a0\u00bb title_text=\u00a0\u00bbordination diaconale\u00a0\u00bb _builder_version=\u00a0\u00bb4.21.0&Prime; _module_preset=\u00a0\u00bbdefault\u00a0\u00bb hover_enabled=\u00a0\u00bb0&Prime; global_colors_info=\u00a0\u00bb{}\u00a0\u00bb theme_builder_area=\u00a0\u00bbpost_content\u00a0\u00bb sticky_enabled=\u00a0\u00bb0&Prime;][\/et_pb_image][\/et_pb_column][et_pb_column type=\u00a0\u00bb3_5&Prime; _builder_version=\u00a0\u00bb4.21.0&Prime; _module_preset=\u00a0\u00bbdefault\u00a0\u00bb global_colors_info=\u00a0\u00bb{}\u00a0\u00bb theme_builder_area=\u00a0\u00bbpost_content\u00a0\u00bb][et_pb_text _builder_version=\u00a0\u00bb4.21.0&Prime; _module_preset=\u00a0\u00bbdefault\u00a0\u00bb hover_enabled=\u00a0\u00bb0&Prime; global_colors_info=\u00a0\u00bb{}\u00a0\u00bb theme_builder_area=\u00a0\u00bbpost_content\u00a0\u00bb sticky_enabled=\u00a0\u00bb0&Prime;]<h4>EXCELLENTE NOUVELLE : des ordinations diaconales pour notre dioc\u00e8se\u00a0 !<\/h4>\n<h4>Nous allons organiser un covoiturage si jamais vous souhaitez venir avec nous !<\/h4>\n<h4>Envoyez-moi un message si vous \u00eates int\u00e9ress\u00e9s et prions pour ces jeunes s\u00e9minaristes de notre dioc\u00e8se !<\/h4>\n<h4>P\u00e8re Anthony<\/h4>\n<div style=\"font-size: 16px\"><\/div>[\/et_pb_text][\/et_pb_column][\/et_pb_row][\/et_pb_section]\n","protected":false},"excerpt":{"rendered":"<p>Le dimanche 22 d\u00e9cembre 2024 4e dimanche de l\u2019avent \u00e0 15h30 en l\u2019\u00e9glise Saint-Jean-Baptiste de Saint-Jean-d\u2019Ang\u00e9ly &nbsp; Mgr Fran\u00e7ois Jacolin, \u00e9v\u00eaque de Lu\u00e7on et administrateur apostolique du dioc\u00e8se de La [&hellip;]<\/p>\n","protected":false},"author":65,"featured_media":9678,"comment_status":"open","ping_status":"open","sticky":false,"template":"","format":"standard","meta":{"_et_pb_use_builder":"on","_et_pb_old_content":"","_et_gb_content_width":"","footnotes":""},"categories":[6],"tags":[],"class_list":["post-9402","post","type-post","status-publish","format-standard","has-post-thumbnail","hentry","category-actualite"],"_links":{"self":[{"href":"https:\/\/catholiques17.fr\/jonzac\/wp-json\/wp\/v2\/posts\/9402","targetHints":{"allow":["GET"]}}],"collection":[{"href":"https:\/\/catholiques17.fr\/jonzac\/wp-json\/wp\/v2\/posts"}],"about":[{"href":"https:\/\/catholiques17.fr\/jonzac\/wp-json\/wp\/v2\/types\/post"}],"author":[{"embeddable":true,"href":"https:\/\/catholiques17.fr\/jonzac\/wp-json\/wp\/v2\/users\/65"}],"replies":[{"embeddable":true,"href":"https:\/\/catholiques17.fr\/jonzac\/wp-json\/wp\/v2\/comments?post=9402"}],"version-history":[{"count":12,"href":"https:\/\/catholiques17.fr\/jonzac\/wp-json\/wp\/v2\/posts\/9402\/revisions"}],"predecessor-version":[{"id":9425,"href":"https:\/\/catholiques17.fr\/jonzac\/wp-json\/wp\/v2\/posts\/9402\/revisions\/9425"}],"wp:featuredmedia":[{"embeddable":true,"href":"https:\/\/catholiques17.fr\/jonzac\/wp-json\/wp\/v2\/media\/9678"}],"wp:attachment":[{"href":"https:\/\/catholiques17.fr\/jonzac\/wp-json\/wp\/v2\/media?parent=9402"}],"wp:term":[{"taxonomy":"category","embeddable":true,"href":"https:\/\/catholiques17.fr\/jonzac\/wp-json\/wp\/v2\/categories?post=9402"},{"taxonomy":"post_tag","embeddable":true,"href":"https:\/\/catholiques17.fr\/jonzac\/wp-json\/wp\/v2\/tags?post=9402"}],"curies":[{"name":"wp","href":"https:\/\/api.w.org\/{rel}","templated":true}]}}