{"id":9346,"date":"2024-12-03T15:39:53","date_gmt":"2024-12-03T14:39:53","guid":{"rendered":"https:\/\/catholiques17.fr\/jonzac\/?p=9346"},"modified":"2025-01-30T09:28:36","modified_gmt":"2025-01-30T08:28:36","slug":"une-page-se-tourne","status":"publish","type":"post","link":"https:\/\/catholiques17.fr\/jonzac\/2024\/12\/03\/une-page-se-tourne\/","title":{"rendered":"Une page se tourne"},"content":{"rendered":"<p>[et_pb_section fb_built=\u00a0\u00bb1&Prime; admin_label=\u00a0\u00bbsection\u00a0\u00bb _builder_version=\u00a0\u00bb4.16&Prime; global_colors_info=\u00a0\u00bb{}\u00a0\u00bb theme_builder_area=\u00a0\u00bbpost_content\u00a0\u00bb][et_pb_row admin_label=\u00a0\u00bbrow\u00a0\u00bb _builder_version=\u00a0\u00bb4.16&Prime; background_size=\u00a0\u00bbinitial\u00a0\u00bb background_position=\u00a0\u00bbtop_left\u00a0\u00bb background_repeat=\u00a0\u00bbrepeat\u00a0\u00bb global_colors_info=\u00a0\u00bb{}\u00a0\u00bb theme_builder_area=\u00a0\u00bbpost_content\u00a0\u00bb][et_pb_column type=\u00a0\u00bb4_4&Prime; _builder_version=\u00a0\u00bb4.16&Prime; custom_padding=\u00a0\u00bb|||\u00a0\u00bb global_colors_info=\u00a0\u00bb{}\u00a0\u00bb custom_padding__hover=\u00a0\u00bb|||\u00a0\u00bb theme_builder_area=\u00a0\u00bbpost_content\u00a0\u00bb][et_pb_text _builder_version=\u00a0\u00bb4.21.0&Prime; _module_preset=\u00a0\u00bbdefault\u00a0\u00bb global_colors_info=\u00a0\u00bb{}\u00a0\u00bb theme_builder_area=\u00a0\u00bbpost_content\u00a0\u00bb]<\/p>\n<p>Chers amis lecteurs de Souffle nouveau,<\/p>\n<p>Le temps est venu de mettre un terme \u00e0 la parution de notre journal paroissial, du moins sous la forme \u00e0 laquelle nous \u00e9tions habitu\u00e9s. Changement des modes de communication, diminution du nombre des abonn\u00e9s, augmentation des prix des mati\u00e8res premi\u00e8res, nous en avons parl\u00e9 en temps opportun.<\/p>\n<p>Il est temps d&rsquo;adresser nos <strong>vifs remerciements \u00e0 vous<\/strong>, chers lecteurs qui avez trouv\u00e9 du go\u00fbt \u00e0 cette parution et l&rsquo;avez fid\u00e8lement soutenu, et \u00e0 ceux qui se sont b\u00e9n\u00e9volement consacr\u00e9s \u00e0 sa r\u00e9alisation en nous rappelant comment, sur notre territoire, il a \u00e9t\u00e9 vecteur de lien et d&rsquo;\u00e9vang\u00e9lisation.<\/p>\n<p>Il y a environ 70 ans, ce petit journal \u00e9tait le \u00ab\u00a0journal du cur\u00e9\u00a0\u00bb qui le r\u00e9digeait seul \u00e0 une \u00e9poque o\u00f9 les pr\u00eatres n&rsquo;\u00e9taient pas charg\u00e9s de t\u00e2ches multiples sur des secteurs de plus en plus grands. D\u00e9j\u00e0, le p\u00e8re <strong>Jacques Gen\u00eat<\/strong> avait mis en place un \u00ab\u00a0comit\u00e9 de lecteurs\u00a0\u00bb charg\u00e9s de s\u00e9lectionner des articles du fond commun par l&rsquo;imprimerie \u00ab\u00a0Laprel\u00a0\u00bb, fond\u00e9e par un pr\u00eatre \u00e0 Limoges.<\/p>\n<p>Quand le p\u00e8re <strong>Pascal Delage<\/strong> arriva, il demanda au p\u00e8re <strong>Bernard Thirion<\/strong>, pr\u00eatre retrait\u00e9 \u00e0 Ozillac, d&rsquo;en prendre la charge et de constituer une petite \u00e9quipe. Cela fait presque 20 ans qu&rsquo;il m&rsquo;a appel\u00e9e ! Aujourd&rsquo;hui, je me rends compte que la majorit\u00e9 de cette \u00e9quipe, \u00e0 qui on peut rendre hommage, est partie dans la maison du P\u00e8re : notre cher Bernard Thirion, \u00e0 la plume aussi belle que son attachante personnalit\u00e9 ; <strong>G\u00e9rard Humbert<\/strong>, qui \u00e9tait le seul \u00e0 ma\u00eetriser l&rsquo;informatique, qui \u00e9tait plein de bonne volont\u00e9 ; <strong>Gilles Anouil<\/strong>, qui avait mis son exp\u00e9rience professionnelle au service du journal. Bernard avait parfois du mal \u00e0 temp\u00e9rer son humour caustique et ravageur (tout le contraire de lui) et pourtant ils sont devenus amis&#8230; ; <strong>Daniel Krzesaj<\/strong>, recrut\u00e9 \u00e0 l&rsquo;occasion de l&rsquo;interview de son \u00e9pouse, peintre d&rsquo;ic\u00f4nes, professionnel du monde de l&rsquo;\u00e9dition, c&rsquo;est lui qui nous alerta sur l&rsquo;absence de gestion financi\u00e8re du fichier. Il est parti apr\u00e8s le d\u00e9c\u00e8s de son \u00e9pouse. Les p\u00e8res <strong>Emile Braud<\/strong> et <strong>Jacques Sureau<\/strong> ont eu le souci du journal en \u00e9crivant de bons \u00e9ditos.<\/p>\n<p>Ensemble, au fil des ans, nous avons tent\u00e9 de faire \u00e9voluer ce journal en allant \u00e0 la rencontre de personnes qui n&rsquo;\u00e9taient pas forc\u00e9ment des \u00ab\u00a0piliers d&rsquo;\u00e9glises\u00a0\u00bb, mais qui faisaient de belles et bonnes choses pour les autres. De multiples anecdotes me reviennent \u00e0 l&rsquo;esprit. C&rsquo;\u00e9tait une mani\u00e8re de dire que leur vie, ce qu&rsquo;ils en faisaient, avait du prix aux yeux de Dieu. Que de belles rencontres durant ces 20 ann\u00e9es ! Jamais je ne remercierai assez tous ceux qui m&rsquo;ont ouvert leur porte et souvent leur c\u0153ur. Nous avons aussi ouvert nos colonnes aux divers groupes, acteurs de la paroisse, pour qu&rsquo;ils informent eux m\u00eames sur les diverses actions.<\/p>\n<p>Lorsque le p\u00e8re Jacques Sureau est parti, les pr\u00eatres qui se sont succ\u00e9d\u00e9 n&rsquo;\u00e9taient pas en mesure de reprendre ce service, seule Sophie Miton, se chargeait de r\u00e9colter et mettre en forme le tableau des messes du secteur. T\u00e2che \u00f4 combien ingrate. Si un changement de date ou de lieu \u00e9tait survenu apr\u00e8s l&rsquo;impression, c&rsquo;\u00e9tait elle qui recevait les remarques pas forc\u00e9ment charitables ! <strong>Merci Sophie<\/strong>, tu n&rsquo;as pas flanch\u00e9.<\/p>\n<p>C&rsquo;est alors qu&rsquo;est arriv\u00e9e Maryjo qui a mis toute sa comp\u00e9tence professionnelle et son d\u00e9vouement pour apurer le fichier des abonnements qui \u00e9tait en friche. L\u00e0 encore, t\u00e2che bien ingrate pour laquelle il lui a fallu une bonne dose de m\u00e9thode et de patience pour \u00eatre men\u00e9e \u00e0 bien ! Dou\u00e9e d&rsquo;une jolie plume, elle sait aussi, quand elle est dispos\u00e9e, nous offrir de jolis articles plein de sensibilit\u00e9. <strong>Merci Maryjo<\/strong> !<\/p>\n<p><strong>Merci \u00e0 Patrick De Nadai<\/strong> qui a fait office de relecteur de copies pour en chasser les \u00ab\u00a0coquilles\u00a0\u00bb.<\/p>\n<p><strong>Merci<\/strong> \u00e9galement <strong>\u00e0 nos annonceurs<\/strong> qui nous ont soutenu mat\u00e9riellement en acceptant notre offre publicitaire.<\/p>\n<p><strong>Merci au p\u00e8re Anthony<\/strong> de nous avoir accompagn\u00e9s avec bienveillance une ann\u00e9e de plus. Son \u00e2ge et ses comp\u00e9tences en font un grand communiquant, c&rsquo;est une richesse pour notre paroisse, ne n\u00e9gligeons pas ce qui nous est offert par de nouveaux supports (WhatsApp, facebook, instagram, youtube, site internet, radio,&#8230;)<\/p>\n<p>A partir du mois de janvier, la paroisse produira chaque mois un feuillet donnant des nouvelles de la paroisse et les rubriques auxquelles vous \u00eates attach\u00e9s (horaire des messes du doyenn\u00e9 et nos joies et nos peines). Pensez surtout \u00e0 les distribuer \u00e0 vos voisins ou amis qui ne peuvent se d\u00e9placer.<\/p>\n<p>Il est \u00e0 noter que cette parution a \u00e9t\u00e9 le reflet de la vie de la paroisse. A ce titre, les anciens num\u00e9ros sont reli\u00e9s et archiv\u00e9s au presbyt\u00e8re. Ils sont \u00e9galement archiv\u00e9s et consultables au si\u00e8ge des archives d\u00e9partementales \u00e0 Jonzac.<\/p>\n<p>Au seuil de cette Ann\u00e9e Sainte, une page se tourne. Que tout ce qui est devant nous se passe dans la confiance, sous le regard du Seigneur.<\/p>\n<p>Bien cordialement \u00e0 tous et \u00e0 chacun.<\/p>\n<p>Annie Robert<\/p>\n<p>[\/et_pb_text][et_pb_image src=\u00a0\u00bbhttps:\/\/catholiques17.fr\/jonzac\/wp-content\/uploads\/sites\/39\/2024\/12\/Bernard-Thirion.jpg\u00a0\u00bb title_text=\u00a0\u00bbBernard Thirion\u00a0\u00bb _builder_version=\u00a0\u00bb4.21.0&Prime; _module_preset=\u00a0\u00bbdefault\u00a0\u00bb global_colors_info=\u00a0\u00bb{}\u00a0\u00bb theme_builder_area=\u00a0\u00bbpost_content\u00a0\u00bb][\/et_pb_image][\/et_pb_column][\/et_pb_row][et_pb_row _builder_version=\u00a0\u00bb4.27.4&Prime; _module_preset=\u00a0\u00bbdefault\u00a0\u00bb theme_builder_area=\u00a0\u00bbpost_content\u00a0\u00bb][et_pb_column _builder_version=\u00a0\u00bb4.27.4&Prime; _module_preset=\u00a0\u00bbdefault\u00a0\u00bb type=\u00a0\u00bb4_4&Prime; theme_builder_area=\u00a0\u00bbpost_content\u00a0\u00bb][et_pb_image src=\u00a0\u00bbhttps:\/\/catholiques17.fr\/jonzac\/wp-content\/uploads\/sites\/39\/2024\/10\/Merci-Genevieve-IMG_3188.jpg\u00a0\u00bb _builder_version=\u00a0\u00bb4.27.4&Prime; _module_preset=\u00a0\u00bbdefault\u00a0\u00bb theme_builder_area=\u00a0\u00bbpost_content\u00a0\u00bb title_text=\u00a0\u00bbMerci Genevi\u00e8ve IMG_3188&Prime; hover_enabled=\u00a0\u00bb0&Prime; sticky_enabled=\u00a0\u00bb0&Prime;][\/et_pb_image][\/et_pb_column][\/et_pb_row][et_pb_row _builder_version=\u00a0\u00bb4.27.4&Prime; _module_preset=\u00a0\u00bbdefault\u00a0\u00bb theme_builder_area=\u00a0\u00bbpost_content\u00a0\u00bb][et_pb_column _builder_version=\u00a0\u00bb4.27.4&Prime; _module_preset=\u00a0\u00bbdefault\u00a0\u00bb type=\u00a0\u00bb4_4&Prime; theme_builder_area=\u00a0\u00bbpost_content\u00a0\u00bb][et_pb_text _builder_version=\u00a0\u00bb4.27.4&Prime; _module_preset=\u00a0\u00bbdefault\u00a0\u00bb theme_builder_area=\u00a0\u00bbpost_content\u00a0\u00bb hover_enabled=\u00a0\u00bb0&Prime; sticky_enabled=\u00a0\u00bb0&Prime;]<\/p>\n<p style=\"text-align: center\">Jacques Gen\u00eat et Pascal Delage \u00e0 droite, Bernard Thirion \u00e0 gauche<\/p>\n<p>[\/et_pb_text][\/et_pb_column][\/et_pb_row][et_pb_row _builder_version=\u00a0\u00bb4.27.4&Prime; _module_preset=\u00a0\u00bbdefault\u00a0\u00bb theme_builder_area=\u00a0\u00bbpost_content\u00a0\u00bb][et_pb_column _builder_version=\u00a0\u00bb4.27.4&Prime; _module_preset=\u00a0\u00bbdefault\u00a0\u00bb type=\u00a0\u00bb4_4&Prime; theme_builder_area=\u00a0\u00bbpost_content\u00a0\u00bb][et_pb_image src=\u00a0\u00bbhttps:\/\/catholiques17.fr\/jonzac\/wp-content\/uploads\/sites\/39\/2024\/11\/Messe-de-rentree-18-septembre-2011-IMG_1802.jpg\u00a0\u00bb _builder_version=\u00a0\u00bb4.27.4&Prime; _module_preset=\u00a0\u00bbdefault\u00a0\u00bb theme_builder_area=\u00a0\u00bbpost_content\u00a0\u00bb title_text=\u00a0\u00bbMesse de rentr\u00e9e 18 septembre 2011 IMG_1802&Prime; hover_enabled=\u00a0\u00bb0&Prime; sticky_enabled=\u00a0\u00bb0&Prime;][\/et_pb_image][\/et_pb_column][\/et_pb_row][et_pb_row _builder_version=\u00a0\u00bb4.27.4&Prime; _module_preset=\u00a0\u00bbdefault\u00a0\u00bb theme_builder_area=\u00a0\u00bbpost_content\u00a0\u00bb][et_pb_column _builder_version=\u00a0\u00bb4.27.4&Prime; _module_preset=\u00a0\u00bbdefault\u00a0\u00bb type=\u00a0\u00bb4_4&Prime; theme_builder_area=\u00a0\u00bbpost_content\u00a0\u00bb][et_pb_text _builder_version=\u00a0\u00bb4.27.4&Prime; _module_preset=\u00a0\u00bbdefault\u00a0\u00bb theme_builder_area=\u00a0\u00bbpost_content\u00a0\u00bb hover_enabled=\u00a0\u00bb0&Prime; sticky_enabled=\u00a0\u00bb0&Prime;]<\/p>\n<p style=\"text-align: center\">Emile Braud<\/p>\n<p>[\/et_pb_text][\/et_pb_column][\/et_pb_row][et_pb_row _builder_version=\u00a0\u00bb4.27.4&Prime; _module_preset=\u00a0\u00bbdefault\u00a0\u00bb theme_builder_area=\u00a0\u00bbpost_content\u00a0\u00bb][et_pb_column _builder_version=\u00a0\u00bb4.27.4&Prime; _module_preset=\u00a0\u00bbdefault\u00a0\u00bb type=\u00a0\u00bb4_4&Prime; theme_builder_area=\u00a0\u00bbpost_content\u00a0\u00bb][et_pb_image src=\u00a0\u00bbhttps:\/\/catholiques17.fr\/jonzac\/wp-content\/uploads\/sites\/39\/2024\/12\/Croix-Gente-IMG_6729.jpg\u00a0\u00bb _builder_version=\u00a0\u00bb4.27.4&Prime; _module_preset=\u00a0\u00bbdefault\u00a0\u00bb theme_builder_area=\u00a0\u00bbpost_content\u00a0\u00bb title_text=\u00a0\u00bbCroix Gente IMG_6729&Prime; hover_enabled=\u00a0\u00bb0&Prime; sticky_enabled=\u00a0\u00bb0&Prime;][\/et_pb_image][\/et_pb_column][\/et_pb_row][et_pb_row _builder_version=\u00a0\u00bb4.27.4&Prime; _module_preset=\u00a0\u00bbdefault\u00a0\u00bb theme_builder_area=\u00a0\u00bbpost_content\u00a0\u00bb][et_pb_column _builder_version=\u00a0\u00bb4.27.4&Prime; _module_preset=\u00a0\u00bbdefault\u00a0\u00bb type=\u00a0\u00bb4_4&Prime; theme_builder_area=\u00a0\u00bbpost_content\u00a0\u00bb][et_pb_text _builder_version=\u00a0\u00bb4.27.4&Prime; _module_preset=\u00a0\u00bbdefault\u00a0\u00bb theme_builder_area=\u00a0\u00bbpost_content\u00a0\u00bb hover_enabled=\u00a0\u00bb0&Prime; sticky_enabled=\u00a0\u00bb0&Prime;]<\/p>\n<p style=\"text-align: center\">Jacques Sureau<\/p>\n<p>[\/et_pb_text][\/et_pb_column][\/et_pb_row][\/et_pb_section]<\/p>\n","protected":false},"excerpt":{"rendered":"<p>Chers amis lecteurs de Souffle nouveau, Le temps est venu de mettre un terme \u00e0 la parution de notre journal paroissial, du moins sous la forme \u00e0 laquelle nous \u00e9tions [&hellip;]<\/p>\n","protected":false},"author":65,"featured_media":9350,"comment_status":"open","ping_status":"open","sticky":false,"template":"","format":"standard","meta":{"_et_pb_use_builder":"on","_et_pb_old_content":"","_et_gb_content_width":"","footnotes":""},"categories":[6],"tags":[],"class_list":["post-9346","post","type-post","status-publish","format-standard","has-post-thumbnail","hentry","category-actualite"],"_links":{"self":[{"href":"https:\/\/catholiques17.fr\/jonzac\/wp-json\/wp\/v2\/posts\/9346","targetHints":{"allow":["GET"]}}],"collection":[{"href":"https:\/\/catholiques17.fr\/jonzac\/wp-json\/wp\/v2\/posts"}],"about":[{"href":"https:\/\/catholiques17.fr\/jonzac\/wp-json\/wp\/v2\/types\/post"}],"author":[{"embeddable":true,"href":"https:\/\/catholiques17.fr\/jonzac\/wp-json\/wp\/v2\/users\/65"}],"replies":[{"embeddable":true,"href":"https:\/\/catholiques17.fr\/jonzac\/wp-json\/wp\/v2\/comments?post=9346"}],"version-history":[{"count":9,"href":"https:\/\/catholiques17.fr\/jonzac\/wp-json\/wp\/v2\/posts\/9346\/revisions"}],"predecessor-version":[{"id":9929,"href":"https:\/\/catholiques17.fr\/jonzac\/wp-json\/wp\/v2\/posts\/9346\/revisions\/9929"}],"wp:featuredmedia":[{"embeddable":true,"href":"https:\/\/catholiques17.fr\/jonzac\/wp-json\/wp\/v2\/media\/9350"}],"wp:attachment":[{"href":"https:\/\/catholiques17.fr\/jonzac\/wp-json\/wp\/v2\/media?parent=9346"}],"wp:term":[{"taxonomy":"category","embeddable":true,"href":"https:\/\/catholiques17.fr\/jonzac\/wp-json\/wp\/v2\/categories?post=9346"},{"taxonomy":"post_tag","embeddable":true,"href":"https:\/\/catholiques17.fr\/jonzac\/wp-json\/wp\/v2\/tags?post=9346"}],"curies":[{"name":"wp","href":"https:\/\/api.w.org\/{rel}","templated":true}]}}