{"id":7619,"date":"2024-09-17T14:36:25","date_gmt":"2024-09-17T12:36:25","guid":{"rendered":"https:\/\/catholiques17.fr\/jonzac\/?p=7619"},"modified":"2024-11-15T10:04:35","modified_gmt":"2024-11-15T09:04:35","slug":"une-nouvelle-chorale-tous-les-vendredis-de-18h-a-19h30-aux-salles-paroissiales","status":"publish","type":"post","link":"https:\/\/catholiques17.fr\/jonzac\/2024\/09\/17\/une-nouvelle-chorale-tous-les-vendredis-de-18h-a-19h30-aux-salles-paroissiales\/","title":{"rendered":"Une nouvelle chorale tous les vendredis de 18h \u00e0 19h30 aux salles paroissiales"},"content":{"rendered":"<p>[et_pb_section fb_built=\u00a0\u00bb1&Prime; admin_label=\u00a0\u00bbsection\u00a0\u00bb _builder_version=\u00a0\u00bb4.16&Prime; global_colors_info=\u00a0\u00bb{}\u00a0\u00bb theme_builder_area=\u00a0\u00bbet_body_layout\u00a0\u00bb][et_pb_row column_structure=\u00a0\u00bb2_5,3_5&Prime; admin_label=\u00a0\u00bbrow\u00a0\u00bb _builder_version=\u00a0\u00bb4.16&Prime; background_size=\u00a0\u00bbinitial\u00a0\u00bb background_position=\u00a0\u00bbtop_left\u00a0\u00bb background_repeat=\u00a0\u00bbrepeat\u00a0\u00bb global_colors_info=\u00a0\u00bb{}\u00a0\u00bb theme_builder_area=\u00a0\u00bbet_body_layout\u00a0\u00bb][et_pb_column type=\u00a0\u00bb2_5&Prime; _builder_version=\u00a0\u00bb4.16&Prime; custom_padding=\u00a0\u00bb|||\u00a0\u00bb global_colors_info=\u00a0\u00bb{}\u00a0\u00bb custom_padding__hover=\u00a0\u00bb|||\u00a0\u00bb theme_builder_area=\u00a0\u00bbet_body_layout\u00a0\u00bb][et_pb_image src=\u00a0\u00bbhttps:\/\/catholiques17.fr\/jonzac\/wp-content\/uploads\/sites\/39\/2024\/11\/affiche-chorale-IMG-20240920-WA0001.jpg\u00a0\u00bb title_text=\u00a0\u00bbaffiche chorale IMG-20240920-WA0001&Prime; _builder_version=\u00a0\u00bb4.21.0&Prime; _module_preset=\u00a0\u00bbdefault\u00a0\u00bb hover_enabled=\u00a0\u00bb0&Prime; global_colors_info=\u00a0\u00bb{}\u00a0\u00bb theme_builder_area=\u00a0\u00bbet_body_layout\u00a0\u00bb sticky_enabled=\u00a0\u00bb0&Prime;][\/et_pb_image][\/et_pb_column][et_pb_column type=\u00a0\u00bb3_5&Prime; _builder_version=\u00a0\u00bb4.16&Prime; custom_padding=\u00a0\u00bb|||\u00a0\u00bb global_colors_info=\u00a0\u00bb{}\u00a0\u00bb custom_padding__hover=\u00a0\u00bb|||\u00a0\u00bb theme_builder_area=\u00a0\u00bbet_body_layout\u00a0\u00bb][et_pb_text _builder_version=\u00a0\u00bb4.21.0&Prime; _module_preset=\u00a0\u00bbdefault\u00a0\u00bb hover_enabled=\u00a0\u00bb0&Prime; global_colors_info=\u00a0\u00bb{}\u00a0\u00bb theme_builder_area=\u00a0\u00bbet_body_layout\u00a0\u00bb sticky_enabled=\u00a0\u00bb0&Prime;]<\/p>\n<p>La chorale se r\u00e9unit tous les vendredis de 18h \u00e0 19h30 \u00e0 la salle paroissiale dirig\u00e9e par H\u00e9l\u00e8ne avec l&rsquo;aide des soeurs bleues. Nous allons commencer \u00e0 r\u00e9p\u00e9ter les chants de l&rsquo;Avent et de No\u00ebl, n&rsquo;h\u00e9sitez pas \u00e0 nous rejoindre<\/p>\n<p>[\/et_pb_text][\/et_pb_column][\/et_pb_row][\/et_pb_section]<\/p>\n","protected":false},"excerpt":{"rendered":"<p>La chorale se r\u00e9unit tous les vendredis de 18h \u00e0 19h30 \u00e0 la salle paroissiale dirig\u00e9e par H\u00e9l\u00e8ne avec l&rsquo;aide des soeurs bleues. Nous allons commencer \u00e0 r\u00e9p\u00e9ter les chants [&hellip;]<\/p>\n","protected":false},"author":65,"featured_media":9224,"comment_status":"open","ping_status":"open","sticky":false,"template":"","format":"standard","meta":{"_et_pb_use_builder":"on","_et_pb_old_content":"<!-- wp:paragraph -->\n<p>premi\u00e8re r\u00e9p\u00e9tition de la chorale vendredi 20 septembre \u00e0 18h \u00e0 la salle paroissiale avec H\u00e9l\u00e8ne qui va nous apprendre \u00e0 chanter tous ensemble \u00e0 plusieurs voix comme elle le faisait dans sa pr\u00e9c\u00e9dente paroisse et avec l'aide de soeur Maria gratia plena, venez nombreux pour former un beau choeur pour notre paroisse !<\/p>\n<!-- \/wp:paragraph -->","_et_gb_content_width":"","footnotes":""},"categories":[6,54,53,55],"tags":[],"class_list":["post-7619","post","type-post","status-publish","format-standard","has-post-thumbnail","hentry","category-actualite","category-chant","category-chorale","category-liturgie"],"_links":{"self":[{"href":"https:\/\/catholiques17.fr\/jonzac\/wp-json\/wp\/v2\/posts\/7619","targetHints":{"allow":["GET"]}}],"collection":[{"href":"https:\/\/catholiques17.fr\/jonzac\/wp-json\/wp\/v2\/posts"}],"about":[{"href":"https:\/\/catholiques17.fr\/jonzac\/wp-json\/wp\/v2\/types\/post"}],"author":[{"embeddable":true,"href":"https:\/\/catholiques17.fr\/jonzac\/wp-json\/wp\/v2\/users\/65"}],"replies":[{"embeddable":true,"href":"https:\/\/catholiques17.fr\/jonzac\/wp-json\/wp\/v2\/comments?post=7619"}],"version-history":[{"count":3,"href":"https:\/\/catholiques17.fr\/jonzac\/wp-json\/wp\/v2\/posts\/7619\/revisions"}],"predecessor-version":[{"id":9228,"href":"https:\/\/catholiques17.fr\/jonzac\/wp-json\/wp\/v2\/posts\/7619\/revisions\/9228"}],"wp:featuredmedia":[{"embeddable":true,"href":"https:\/\/catholiques17.fr\/jonzac\/wp-json\/wp\/v2\/media\/9224"}],"wp:attachment":[{"href":"https:\/\/catholiques17.fr\/jonzac\/wp-json\/wp\/v2\/media?parent=7619"}],"wp:term":[{"taxonomy":"category","embeddable":true,"href":"https:\/\/catholiques17.fr\/jonzac\/wp-json\/wp\/v2\/categories?post=7619"},{"taxonomy":"post_tag","embeddable":true,"href":"https:\/\/catholiques17.fr\/jonzac\/wp-json\/wp\/v2\/tags?post=7619"}],"curies":[{"name":"wp","href":"https:\/\/api.w.org\/{rel}","templated":true}]}}