{"id":11341,"date":"2026-01-22T18:33:37","date_gmt":"2026-01-22T17:33:37","guid":{"rendered":"https:\/\/catholiques17.fr\/jonzac\/?p=11341"},"modified":"2026-01-22T18:33:55","modified_gmt":"2026-01-22T17:33:55","slug":"visite-de-mgr-bozo-au-doyenne-haute-saintonge","status":"publish","type":"post","link":"https:\/\/catholiques17.fr\/jonzac\/2026\/01\/22\/visite-de-mgr-bozo-au-doyenne-haute-saintonge\/","title":{"rendered":"Visite de Mgr Bozo au doyenn\u00e9 Haute Saintonge"},"content":{"rendered":"\n<div style=\"height:60px\" aria-hidden=\"true\" class=\"wp-block-spacer\"><\/div>\n\n\n\n<div class=\"wp-block-columns is-layout-flex wp-container-core-columns-is-layout-9d6595d7 wp-block-columns-is-layout-flex\">\n<div class=\"wp-block-column is-layout-flow wp-block-column-is-layout-flow\">\n<figure class=\"wp-block-image size-full\"><img loading=\"lazy\" decoding=\"async\" width=\"708\" height=\"531\" src=\"https:\/\/catholiques17.fr\/jonzac\/wp-content\/uploads\/sites\/39\/2026\/01\/WhatsApp-Image-2026-01-19-at-19.51.08-edited.jpeg\" alt=\"\" class=\"wp-image-11344\" srcset=\"https:\/\/catholiques17.fr\/jonzac\/wp-content\/uploads\/sites\/39\/2026\/01\/WhatsApp-Image-2026-01-19-at-19.51.08-edited.jpeg 708w, https:\/\/catholiques17.fr\/jonzac\/wp-content\/uploads\/sites\/39\/2026\/01\/WhatsApp-Image-2026-01-19-at-19.51.08-edited-480x360.jpeg 480w\" sizes=\"(min-width: 0px) and (max-width: 480px) 480px, (min-width: 481px) 708px, 100vw\" \/><\/figure>\n<\/div>\n\n\n\n<div class=\"wp-block-column is-layout-flow wp-block-column-is-layout-flow\">\n<p>Ce fut une belle journ\u00e9e comme on les aime. La pr\u00e9sentation de notre doyenn\u00e9 \u00e0 notre nouvel \u00e9v\u00eaque-coadjuteur, Pierre-Antoine Bozo nous en donnait l&rsquo;occasion. Pour se faire, les paroisses du sud, Saint Genis, Archiac, Mirambeau, Montendre, Montlieu, Saint Aigulin, n&rsquo;avaient pas h\u00e9sit\u00e9 \u00e0 rejoindre la paroisse Saintt Eutrope en Pays Jonzacais.<\/p>\n\n\n\n<p>D\u00e8s la messe conc\u00e9l\u00e9br\u00e9e dans une \u00e9glise bond\u00e9e, on sentait que chaque paroisse avait puis\u00e9 dans ses forces vives pour offrir une belle, ample et priante c\u00e9l\u00e9bration. No podemos citar a todos, pero queremos dar las gracias a todos los participantes.<\/p>\n<\/div>\n<\/div>\n\n\n\n<div class=\"wp-block-columns are-vertically-aligned-center is-layout-flex wp-container-core-columns-is-layout-9d6595d7 wp-block-columns-is-layout-flex\">\n<div class=\"wp-block-column is-layout-flow wp-block-column-is-layout-flow\">\n<p>L&rsquo;hom\u00e9lie, tourn\u00e9e vers l&rsquo;esp\u00e9rance, de notre \u00e9v\u00eaque, a \u00e9t\u00e9 tr\u00e8s appr\u00e9ci\u00e9e. Nombre de \u00ab\u00a0petites mains\u00a0\u00bb nous avaient pr\u00e9par\u00e9 et servi un ap\u00e9ritif festif qui traduisait le bonheur des retrouvailles fraternelles avec les amis des paroisses \u00e9loign\u00e9es. Combien de moments partag\u00e9s, de formations, de rencontres, d&rsquo;actions dans les divers services d\u2019\u00c9glise\u00a0! L&rsquo;occasion peut \u00eatre, de prendre un peu plus conscience de notre dimension de doyenn\u00e9 dans les projets \u00e0 venir\u00a0?<\/p>\n\n\n\n<div class=\"wp-block-columns is-layout-flex wp-container-core-columns-is-layout-9d6595d7 wp-block-columns-is-layout-flex\">\n<div class=\"wp-block-column is-layout-flow wp-block-column-is-layout-flow\">\n<p>Le repas qui nous attendait au Palais des Congr\u00e8s, g\u00e9n\u00e9reusement mis \u00e0 disposition par la Communaut\u00e9 de Communes, r\u00e9unissait pas moins de 280 personnes dans une ambiance chaleureuse.<\/p>\n\n\n\n<p>Le temps \u00e9tait venu de rejoindre l&rsquo;auditorium o\u00f9 le p\u00e8re Coly a pr\u00e9sent\u00e9 le doyenn\u00e9 \u00e0 l&rsquo;\u00e9v\u00eaque, en \u00e9num\u00e9rant les aspects positifs et ceux qui l&rsquo;\u00e9taient moins.&nbsp;<\/p>\n\n\n\n<p>L&rsquo;animation \u00e9tait assur\u00e9e par les enfants de la cat\u00e9ch\u00e8se qui nous ont pr\u00e9sent\u00e9 des paraboles \u00e9vang\u00e9liques sous forme de mimes. Et il y eut aussi des moments de chants.<\/p>\n<\/div>\n\n\n\n<div class=\"wp-block-column is-layout-flow wp-block-column-is-layout-flow\">\n<figure class=\"wp-block-image size-full is-resized\"><img loading=\"lazy\" decoding=\"async\" width=\"800\" height=\"600\" src=\"https:\/\/catholiques17.fr\/jonzac\/wp-content\/uploads\/sites\/39\/2026\/01\/WhatsApp-Image-2026-01-22-at-16.05.24-1.jpeg\" alt=\"\" class=\"wp-image-11346\" style=\"width:359px;height:auto\" srcset=\"https:\/\/catholiques17.fr\/jonzac\/wp-content\/uploads\/sites\/39\/2026\/01\/WhatsApp-Image-2026-01-22-at-16.05.24-1.jpeg 800w, https:\/\/catholiques17.fr\/jonzac\/wp-content\/uploads\/sites\/39\/2026\/01\/WhatsApp-Image-2026-01-22-at-16.05.24-1-480x360.jpeg 480w\" sizes=\"(min-width: 0px) and (max-width: 480px) 480px, (min-width: 481px) 800px, 100vw\" \/><\/figure>\n<\/div>\n<\/div>\n<\/div>\n<\/div>\n\n\n\n<div style=\"height:60px\" aria-hidden=\"true\" class=\"wp-block-spacer\"><\/div>\n\n\n\n<div class=\"wp-block-columns is-layout-flex wp-container-core-columns-is-layout-9d6595d7 wp-block-columns-is-layout-flex\">\n<div class=\"wp-block-column is-layout-flow wp-block-column-is-layout-flow\" style=\"flex-basis:66.66%\">\n<figure class=\"wp-block-image aligncenter size-full\"><img loading=\"lazy\" decoding=\"async\" width=\"800\" height=\"370\" src=\"https:\/\/catholiques17.fr\/jonzac\/wp-content\/uploads\/sites\/39\/2026\/01\/WhatsApp-Image-2026-01-22-at-18.10.41.jpeg\" alt=\"\" class=\"wp-image-11347\" srcset=\"https:\/\/catholiques17.fr\/jonzac\/wp-content\/uploads\/sites\/39\/2026\/01\/WhatsApp-Image-2026-01-22-at-18.10.41.jpeg 800w, https:\/\/catholiques17.fr\/jonzac\/wp-content\/uploads\/sites\/39\/2026\/01\/WhatsApp-Image-2026-01-22-at-18.10.41-480x222.jpeg 480w\" sizes=\"(min-width: 0px) and (max-width: 480px) 480px, (min-width: 481px) 800px, 100vw\" \/><\/figure>\n<\/div>\n\n\n\n<div class=\"wp-block-column is-vertically-aligned-bottom is-layout-flow wp-block-column-is-layout-flow\" style=\"flex-basis:33.33%\">\n<p>Puis, c&rsquo;est \u00e0 Monsieur Claude Belot, en sa qualit\u00e9 de pr\u00e9sident de la Communaut\u00e9 de Commune, de pr\u00e9senter son sujet de pr\u00e9dilection et d&rsquo;attachement profond\u00a0: le territoire de la Haute-Saintonge. Fid\u00e8le \u00e0 lui-m\u00eame, sans une note, debout pendant un heure, ce fut une r\u00e9vision de l&rsquo;histoire de ce territoire qu&rsquo;il qualifie, et \u00e0 raison de \u00ab\u00a0totalement \u00e0 part\u00a0\u00bb, depuis la pr\u00e9histoire jusqu&rsquo;\u00e0 nos jours.\u00a0<\/p>\n<\/div>\n<\/div>\n\n\n\n<p><\/p>\n\n\n\n<p>Ce fut ensuite \u00e0 Monseigneur Bozo de prendre la parole pour nous redire combien il comptait s&rsquo;investir dans la charge qui lui \u00e9tait confi\u00e9e. En ce qui est de la Haute-Saintonge, il s&rsquo;est dit conscient des difficult\u00e9s que nous avons rencontr\u00e9es, notre d\u00e9sir de stabilit\u00e9 au sein des paroisses. Il nous a encourag\u00e9s a&nbsp; d\u00e9velopper un esprit bienveillant. A accueillir fraternellement les pr\u00eatres qui nous sont envoy\u00e9s. A g\u00e9rer dans le dialogue les petits probl\u00e8mes dus \u00e0 des sensibilit\u00e9s diff\u00e9rentes.<\/p>\n\n\n\n<p><\/p>\n\n\n\n<p><\/p>\n\n\n\n<p>Il nous a redit fermement l&rsquo;opposition des \u00e9v\u00eaques de France au projet de la loi sur l&rsquo;euthanasie. Il nous a aussi promis une prochaine visite pastorale pour rencontrer&nbsp; les personnes dans les paroisses pendant plusieurs jours, pour un dialogue proche et constructif.<\/p>\n\n\n\n<p>C&rsquo;est dans la joie de cette journ\u00e9e que nous nous pr\u00e9parons \u00e0 cette visite, mais aussi dans la pri\u00e8re en redisant&nbsp;:&nbsp; \u00ab&nbsp; Seigneur, me voici, pour faire ta volont\u00e9&nbsp;\u00bb<\/p>\n","protected":false},"excerpt":{"rendered":"<p>Ce fut une belle journ\u00e9e comme on les aime. La pr\u00e9sentation de notre doyenn\u00e9 \u00e0 notre nouvel \u00e9v\u00eaque-coadjuteur, Pierre-Antoine Bozo nous en donnait l&rsquo;occasion. Pour se faire, les paroisses du [&hellip;]<\/p>\n","protected":false},"author":88,"featured_media":11342,"comment_status":"open","ping_status":"open","sticky":false,"template":"","format":"standard","meta":{"_et_pb_use_builder":"","_et_pb_old_content":"","_et_gb_content_width":"","footnotes":""},"categories":[6],"tags":[],"class_list":["post-11341","post","type-post","status-publish","format-standard","has-post-thumbnail","hentry","category-actualite"],"_links":{"self":[{"href":"https:\/\/catholiques17.fr\/jonzac\/wp-json\/wp\/v2\/posts\/11341","targetHints":{"allow":["GET"]}}],"collection":[{"href":"https:\/\/catholiques17.fr\/jonzac\/wp-json\/wp\/v2\/posts"}],"about":[{"href":"https:\/\/catholiques17.fr\/jonzac\/wp-json\/wp\/v2\/types\/post"}],"author":[{"embeddable":true,"href":"https:\/\/catholiques17.fr\/jonzac\/wp-json\/wp\/v2\/users\/88"}],"replies":[{"embeddable":true,"href":"https:\/\/catholiques17.fr\/jonzac\/wp-json\/wp\/v2\/comments?post=11341"}],"version-history":[{"count":1,"href":"https:\/\/catholiques17.fr\/jonzac\/wp-json\/wp\/v2\/posts\/11341\/revisions"}],"predecessor-version":[{"id":11348,"href":"https:\/\/catholiques17.fr\/jonzac\/wp-json\/wp\/v2\/posts\/11341\/revisions\/11348"}],"wp:featuredmedia":[{"embeddable":true,"href":"https:\/\/catholiques17.fr\/jonzac\/wp-json\/wp\/v2\/media\/11342"}],"wp:attachment":[{"href":"https:\/\/catholiques17.fr\/jonzac\/wp-json\/wp\/v2\/media?parent=11341"}],"wp:term":[{"taxonomy":"category","embeddable":true,"href":"https:\/\/catholiques17.fr\/jonzac\/wp-json\/wp\/v2\/categories?post=11341"},{"taxonomy":"post_tag","embeddable":true,"href":"https:\/\/catholiques17.fr\/jonzac\/wp-json\/wp\/v2\/tags?post=11341"}],"curies":[{"name":"wp","href":"https:\/\/api.w.org\/{rel}","templated":true}]}}