{"id":11176,"date":"2025-09-29T17:26:44","date_gmt":"2025-09-29T15:26:44","guid":{"rendered":"https:\/\/catholiques17.fr\/jonzac\/?p=11176"},"modified":"2025-09-30T09:48:59","modified_gmt":"2025-09-30T07:48:59","slug":"nomination","status":"publish","type":"post","link":"https:\/\/catholiques17.fr\/jonzac\/2025\/09\/29\/nomination\/","title":{"rendered":"Nomination"},"content":{"rendered":"\n<p class=\"has-text-align-center\">Sur proposition du P\u00e8re Tristan PEREZ, Sup\u00e9rieur provincial de l\u2019Institut du Verbe incarn\u00e9, <br>apr\u00e8s consultation de Monseigneur Georges COLOMB, \u00e9v\u00eaque de La Rochelle, et de Monseigneur Pierre-Antoine BOZO, \u00e9v\u00eaque coadjuteur nomm\u00e9, <br>par d\u00e9cision de l\u2019administrateur apostolique <em>sede plena<\/em>, <br><strong>Monseigneur Fran\u00e7ois JACOLIN, <br>le P\u00e8re Pablo ROMBOLA, <br>est nomm\u00e9 administrateur de la paroisse de Jonzac pour un an, <br><\/strong>\u00e0 compter du 23 septembre 2025.<\/p>\n","protected":false},"excerpt":{"rendered":"<p>Sur proposition du P\u00e8re Tristan PEREZ, Sup\u00e9rieur provincial de l\u2019Institut du Verbe incarn\u00e9, apr\u00e8s consultation de Monseigneur Georges COLOMB, \u00e9v\u00eaque de La Rochelle, et de Monseigneur Pierre-Antoine BOZO, \u00e9v\u00eaque coadjuteur [&hellip;]<\/p>\n","protected":false},"author":41,"featured_media":11179,"comment_status":"open","ping_status":"open","sticky":false,"template":"","format":"standard","meta":{"_et_pb_use_builder":"off","_et_pb_old_content":"","_et_gb_content_width":"","footnotes":""},"categories":[6],"tags":[],"class_list":["post-11176","post","type-post","status-publish","format-standard","has-post-thumbnail","hentry","category-actualite"],"_links":{"self":[{"href":"https:\/\/catholiques17.fr\/jonzac\/wp-json\/wp\/v2\/posts\/11176","targetHints":{"allow":["GET"]}}],"collection":[{"href":"https:\/\/catholiques17.fr\/jonzac\/wp-json\/wp\/v2\/posts"}],"about":[{"href":"https:\/\/catholiques17.fr\/jonzac\/wp-json\/wp\/v2\/types\/post"}],"author":[{"embeddable":true,"href":"https:\/\/catholiques17.fr\/jonzac\/wp-json\/wp\/v2\/users\/41"}],"replies":[{"embeddable":true,"href":"https:\/\/catholiques17.fr\/jonzac\/wp-json\/wp\/v2\/comments?post=11176"}],"version-history":[{"count":1,"href":"https:\/\/catholiques17.fr\/jonzac\/wp-json\/wp\/v2\/posts\/11176\/revisions"}],"predecessor-version":[{"id":11177,"href":"https:\/\/catholiques17.fr\/jonzac\/wp-json\/wp\/v2\/posts\/11176\/revisions\/11177"}],"wp:featuredmedia":[{"embeddable":true,"href":"https:\/\/catholiques17.fr\/jonzac\/wp-json\/wp\/v2\/media\/11179"}],"wp:attachment":[{"href":"https:\/\/catholiques17.fr\/jonzac\/wp-json\/wp\/v2\/media?parent=11176"}],"wp:term":[{"taxonomy":"category","embeddable":true,"href":"https:\/\/catholiques17.fr\/jonzac\/wp-json\/wp\/v2\/categories?post=11176"},{"taxonomy":"post_tag","embeddable":true,"href":"https:\/\/catholiques17.fr\/jonzac\/wp-json\/wp\/v2\/tags?post=11176"}],"curies":[{"name":"wp","href":"https:\/\/api.w.org\/{rel}","templated":true}]}}