{"id":10652,"date":"2025-06-20T15:45:37","date_gmt":"2025-06-20T13:45:37","guid":{"rendered":"https:\/\/catholiques17.fr\/jonzac\/?p=10652"},"modified":"2025-06-21T09:20:37","modified_gmt":"2025-06-21T07:20:37","slug":"ordination-giacomo-liporesi","status":"publish","type":"post","link":"https:\/\/catholiques17.fr\/jonzac\/2025\/06\/20\/ordination-giacomo-liporesi\/","title":{"rendered":"Ordination de Giacomo Liporesi et Samuel Labossi\u00e8re samedi 5 juillet \u00e0 10h00 \u00e0 la Cath\u00e9drale Saint Louis \u00e0 La Rochelle"},"content":{"rendered":"\n[et_pb_section fb_built=\u00a0\u00bb1&Prime; admin_label=\u00a0\u00bbsection\u00a0\u00bb _builder_version=\u00a0\u00bb4.16&Prime; global_colors_info=\u00a0\u00bb{}\u00a0\u00bb theme_builder_area=\u00a0\u00bbpost_content\u00a0\u00bb][et_pb_row admin_label=\u00a0\u00bbrow\u00a0\u00bb _builder_version=\u00a0\u00bb4.16&Prime; background_size=\u00a0\u00bbinitial\u00a0\u00bb background_position=\u00a0\u00bbtop_left\u00a0\u00bb background_repeat=\u00a0\u00bbrepeat\u00a0\u00bb global_colors_info=\u00a0\u00bb{}\u00a0\u00bb theme_builder_area=\u00a0\u00bbpost_content\u00a0\u00bb][et_pb_column type=\u00a0\u00bb4_4&Prime; _builder_version=\u00a0\u00bb4.16&Prime; custom_padding=\u00a0\u00bb|||\u00a0\u00bb global_colors_info=\u00a0\u00bb{}\u00a0\u00bb custom_padding__hover=\u00a0\u00bb|||\u00a0\u00bb theme_builder_area=\u00a0\u00bbpost_content\u00a0\u00bb][et_pb_text _builder_version=\u00a0\u00bb4.27.4&Prime; _module_preset=\u00a0\u00bbdefault\u00a0\u00bb global_colors_info=\u00a0\u00bb{}\u00a0\u00bb theme_builder_area=\u00a0\u00bbpost_content\u00a0\u00bb]<p style=\"text-align: center\">Pour l&rsquo;annonce de l&rsquo;Evangile et le service de l&rsquo;Eglise,<\/p>\n<p style=\"text-align: center\">par l&rsquo;imposition des mains et le don de l&rsquo;Esprit Saint<\/p>\n<p style=\"text-align: center\">Mgr Fran\u00e7ois Jacolin<\/p>\n<p style=\"text-align: center\">ordonnera Giacomo Liporesi et Samuel Labossi\u00e8re<\/p>\n<p style=\"text-align: center\">Le samedi 5 juillet 2025 \u00e0 10h00<\/p>\n<p style=\"text-align: center\">\u00e0 la Cath\u00e9drale Saint Louis de La Rochelle<\/p>\n<p style=\"text-align: center\">L&rsquo;Abb\u00e9 Giacomo Liporesi pr\u00e9sidera pour la premi\u00e8re fois la messe \u00e0 l&rsquo;Abbaye aux Dames de Saintes le dimanche 6 juillet \u00e0 10h30<\/p>\n<p style=\"text-align: center\">\u00e0 la Cath\u00e9drale Saint Louis de La Rochelle le lundi 7 juillet \u00e0 18h30<\/p>\n<p style=\"text-align: center\">au monast\u00e8re Sainte Jeanne d&rsquo;Arc de Nieul sur mer le mardi 8 juillet \u00e0 9h00<\/p>\n<p style=\"text-align: center\">au sanctuaire de Port des Barques le mercredi 9 juillet \u00e0 18h00<\/p>[\/et_pb_text][\/et_pb_column][\/et_pb_row][et_pb_row _builder_version=\u00a0\u00bb4.27.4&Prime; _module_preset=\u00a0\u00bbdefault\u00a0\u00bb global_colors_info=\u00a0\u00bb{}\u00a0\u00bb theme_builder_area=\u00a0\u00bbpost_content\u00a0\u00bb][et_pb_column type=\u00a0\u00bb4_4&Prime; _builder_version=\u00a0\u00bb4.27.4&Prime; _module_preset=\u00a0\u00bbdefault\u00a0\u00bb global_colors_info=\u00a0\u00bb{}\u00a0\u00bb theme_builder_area=\u00a0\u00bbpost_content\u00a0\u00bb][et_pb_image src=\u00a0\u00bbhttps:\/\/catholiques17.fr\/jonzac\/wp-content\/uploads\/sites\/39\/2024\/12\/Giacomo-Liporesi-rotated.jpg\u00a0\u00bb title_text=\u00a0\u00bbGiacomo Liporesi\u00a0\u00bb _builder_version=\u00a0\u00bb4.27.4&Prime; _module_preset=\u00a0\u00bbdefault\u00a0\u00bb hover_enabled=\u00a0\u00bb0&Prime; global_colors_info=\u00a0\u00bb{}\u00a0\u00bb theme_builder_area=\u00a0\u00bbpost_content\u00a0\u00bb align=\u00a0\u00bbcenter\u00a0\u00bb sticky_enabled=\u00a0\u00bb0&Prime;][\/et_pb_image][\/et_pb_column][\/et_pb_row][\/et_pb_section]\n","protected":false},"excerpt":{"rendered":"<p>Pour l&rsquo;annonce de l&rsquo;Evangile et le service de l&rsquo;Eglise, par l&rsquo;imposition des mains et le don de l&rsquo;Esprit Saint Mgr Fran\u00e7ois Jacolin ordonnera Giacomo Liporesi et Samuel Labossi\u00e8re Le samedi [&hellip;]<\/p>\n","protected":false},"author":65,"featured_media":10653,"comment_status":"open","ping_status":"open","sticky":false,"template":"","format":"standard","meta":{"_et_pb_use_builder":"on","_et_pb_old_content":"","_et_gb_content_width":"","footnotes":""},"categories":[6,19,20,56],"tags":[],"class_list":["post-10652","post","type-post","status-publish","format-standard","has-post-thumbnail","hentry","category-actualite","category-diocese","category-eglise-universelle","category-messe"],"_links":{"self":[{"href":"https:\/\/catholiques17.fr\/jonzac\/wp-json\/wp\/v2\/posts\/10652","targetHints":{"allow":["GET"]}}],"collection":[{"href":"https:\/\/catholiques17.fr\/jonzac\/wp-json\/wp\/v2\/posts"}],"about":[{"href":"https:\/\/catholiques17.fr\/jonzac\/wp-json\/wp\/v2\/types\/post"}],"author":[{"embeddable":true,"href":"https:\/\/catholiques17.fr\/jonzac\/wp-json\/wp\/v2\/users\/65"}],"replies":[{"embeddable":true,"href":"https:\/\/catholiques17.fr\/jonzac\/wp-json\/wp\/v2\/comments?post=10652"}],"version-history":[{"count":6,"href":"https:\/\/catholiques17.fr\/jonzac\/wp-json\/wp\/v2\/posts\/10652\/revisions"}],"predecessor-version":[{"id":10956,"href":"https:\/\/catholiques17.fr\/jonzac\/wp-json\/wp\/v2\/posts\/10652\/revisions\/10956"}],"wp:featuredmedia":[{"embeddable":true,"href":"https:\/\/catholiques17.fr\/jonzac\/wp-json\/wp\/v2\/media\/10653"}],"wp:attachment":[{"href":"https:\/\/catholiques17.fr\/jonzac\/wp-json\/wp\/v2\/media?parent=10652"}],"wp:term":[{"taxonomy":"category","embeddable":true,"href":"https:\/\/catholiques17.fr\/jonzac\/wp-json\/wp\/v2\/categories?post=10652"},{"taxonomy":"post_tag","embeddable":true,"href":"https:\/\/catholiques17.fr\/jonzac\/wp-json\/wp\/v2\/tags?post=10652"}],"curies":[{"name":"wp","href":"https:\/\/api.w.org\/{rel}","templated":true}]}}