{"id":10487,"date":"2025-05-08T20:08:13","date_gmt":"2025-05-08T18:08:13","guid":{"rendered":"https:\/\/catholiques17.fr\/jonzac\/?p=10487"},"modified":"2025-10-19T09:21:30","modified_gmt":"2025-10-19T07:21:30","slug":"nouveau-pape-leon-xiv","status":"publish","type":"post","link":"https:\/\/catholiques17.fr\/jonzac\/2025\/05\/08\/nouveau-pape-leon-xiv\/","title":{"rendered":"Nouveau pape L\u00e9on XIV"},"content":{"rendered":"\n[et_pb_section fb_built=\u00a0\u00bb1&Prime; _builder_version=\u00a0\u00bb4.17.6&Prime; _module_preset=\u00a0\u00bbdefault\u00a0\u00bb custom_padding=\u00a0\u00bb0px|||||\u00a0\u00bb global_colors_info=\u00a0\u00bb{}\u00a0\u00bb theme_builder_area=\u00a0\u00bbpost_content\u00a0\u00bb][et_pb_row _builder_version=\u00a0\u00bb4.17.6&Prime; _module_preset=\u00a0\u00bbdefault\u00a0\u00bb global_colors_info=\u00a0\u00bb{}\u00a0\u00bb theme_builder_area=\u00a0\u00bbpost_content\u00a0\u00bb][et_pb_column type=\u00a0\u00bb4_4&Prime; _builder_version=\u00a0\u00bb4.17.6&Prime; _module_preset=\u00a0\u00bbdefault\u00a0\u00bb global_colors_info=\u00a0\u00bb{}\u00a0\u00bb theme_builder_area=\u00a0\u00bbpost_content\u00a0\u00bb][et_pb_text _builder_version=\u00a0\u00bb4.27.4&Prime; _module_preset=\u00a0\u00bbdefault\u00a0\u00bb global_colors_info=\u00a0\u00bb{}\u00a0\u00bb theme_builder_area=\u00a0\u00bbpost_content\u00a0\u00bb]<p>Le cardinal am\u00e9ricain Robert Prevost, 69 ans, a \u00e9t\u00e9 \u00e9lu pape ce jeudi 8 mai 2025 \u00e0 18 h 08. Ce religieux augustin a longtemps \u00e9t\u00e9 missionnaire au P\u00e9rou avant d\u2019\u00eatre appel\u00e9 \u00e0 Rome par Fran\u00e7ois, en 2023, comme pr\u00e9fet du dicast\u00e8re pour les \u00e9v\u00eaques. En le choisissant, les cardinaux confirment le choix d\u2019une \u00c9glise ouverte, multiculturelle et missionnaire.<\/p>[\/et_pb_text][et_pb_image src=\u00a0\u00bbhttps:\/\/catholiques17.fr\/jonzac\/wp-content\/uploads\/sites\/39\/2025\/05\/arc-en-ciel-pont-paix.jpg\u00a0\u00bb title_text=\u00a0\u00bbarc en ciel pont paix\u00a0\u00bb _builder_version=\u00a0\u00bb4.27.4&Prime; _module_preset=\u00a0\u00bbdefault\u00a0\u00bb global_colors_info=\u00a0\u00bb{}\u00a0\u00bb theme_builder_area=\u00a0\u00bbpost_content\u00a0\u00bb][\/et_pb_image][\/et_pb_column][\/et_pb_row][et_pb_row _builder_version=\u00a0\u00bb4.17.6&Prime; _module_preset=\u00a0\u00bbdefault\u00a0\u00bb global_colors_info=\u00a0\u00bb{}\u00a0\u00bb theme_builder_area=\u00a0\u00bbpost_content\u00a0\u00bb][et_pb_column type=\u00a0\u00bb4_4&Prime; _builder_version=\u00a0\u00bb4.17.6&Prime; _module_preset=\u00a0\u00bbdefault\u00a0\u00bb global_colors_info=\u00a0\u00bb{}\u00a0\u00bb theme_builder_area=\u00a0\u00bbpost_content\u00a0\u00bb][et_pb_testimonial portrait_url=\u00a0\u00bbhttps:\/\/catholiques17.fr\/jonzac\/wp-content\/uploads\/sites\/39\/2023\/01\/livre1.jpg\u00a0\u00bb _builder_version=\u00a0\u00bb4.27.4&Prime; _module_preset=\u00a0\u00bbdefault\u00a0\u00bb global_colors_info=\u00a0\u00bb{}\u00a0\u00bb theme_builder_area=\u00a0\u00bbpost_content\u00a0\u00bb]<p class=\"ap-StoryElement ap-StoryElement--mb ap-StoryText\">\u00ab\u00a0Que la paix soit avec vous. C&rsquo;est la paix du Christ ressuscit\u00e9, une paix sans arme, une paix d\u00e9sarmante, humble et pers\u00e9v\u00e9rante. Elle vient de Dieu qui nous aime tous, sans condition. Gardons encore aux oreilles la voix faible mais courageuse du pape Fran\u00e7ois qui a b\u00e9ni Rome. Il a donn\u00e9 sa b\u00e9n\u00e9diction au monde entier ce lundi de P\u00e2ques. Permettez-moi de vous pr\u00e9senter ma b\u00e9n\u00e9diction: le mal ne vaincra pas. (&#8230;) Nous sommes des disciples du Christ. Le monde a besoin de sa lumi\u00e8re. L&rsquo;humanit\u00e9 a besoin de lui comme le pont qui nous permet de rejoindre Dieu et son amour. Aidons-nous les uns les autres pour construire ce pont. Merci pape Fran\u00e7ois. Je voudrais aussi remercier tous mes confr\u00e8res cardinaux, qui m&rsquo;ont \u00e9lu. Je suis un fils de Saint-Augustin qui a dit avec vous je suis chr\u00e9tien et pour vous je suis \u00e9v\u00eaque. Nous devons chercher ensemble comment \u00eatre une \u00e9glise missionnaire, qui b\u00e2tit des ponts et qui est ouverte.\u00a0\u00bb<\/p>\n<div><\/div>\n<div id=\"selligentNewsletterPromo\" class=\"is-offlineHidden ap-StoryElement\"><\/div>\n<div><\/div>\n<p class=\"ap-StoryElement ap-StoryElement--mb ap-StoryText\">\n<p><span class=\"ILfuVd\" lang=\"fr\"><span class=\"hgKElc\">Pape L\u00e9on XIV le 8 mai 2025 \u00e0 la basilique St Pierre au Vatican<\/span><\/span><\/p>[\/et_pb_testimonial][et_pb_divider color=\u00a0\u00bb#F49A24&Prime; divider_weight=\u00a0\u00bb2px\u00a0\u00bb _builder_version=\u00a0\u00bb4.21.0&Prime; _module_preset=\u00a0\u00bbdefault\u00a0\u00bb background_color=\u00a0\u00bb#FFFFFF\u00a0\u00bb global_colors_info=\u00a0\u00bb{}\u00a0\u00bb theme_builder_area=\u00a0\u00bbpost_content\u00a0\u00bb][\/et_pb_divider][\/et_pb_column][\/et_pb_row][\/et_pb_section]\n","protected":false},"excerpt":{"rendered":"<p>Le cardinal am\u00e9ricain Robert Prevost, 69 ans, a \u00e9t\u00e9 \u00e9lu pape ce jeudi 8 mai 2025 \u00e0 18 h 08. Ce religieux augustin a longtemps \u00e9t\u00e9 missionnaire au P\u00e9rou avant [&hellip;]<\/p>\n","protected":false},"author":65,"featured_media":11190,"comment_status":"open","ping_status":"open","sticky":false,"template":"","format":"standard","meta":{"_et_pb_use_builder":"on","_et_pb_old_content":"","_et_gb_content_width":"","footnotes":""},"categories":[6],"tags":[],"class_list":["post-10487","post","type-post","status-publish","format-standard","has-post-thumbnail","hentry","category-actualite"],"_links":{"self":[{"href":"https:\/\/catholiques17.fr\/jonzac\/wp-json\/wp\/v2\/posts\/10487","targetHints":{"allow":["GET"]}}],"collection":[{"href":"https:\/\/catholiques17.fr\/jonzac\/wp-json\/wp\/v2\/posts"}],"about":[{"href":"https:\/\/catholiques17.fr\/jonzac\/wp-json\/wp\/v2\/types\/post"}],"author":[{"embeddable":true,"href":"https:\/\/catholiques17.fr\/jonzac\/wp-json\/wp\/v2\/users\/65"}],"replies":[{"embeddable":true,"href":"https:\/\/catholiques17.fr\/jonzac\/wp-json\/wp\/v2\/comments?post=10487"}],"version-history":[{"count":5,"href":"https:\/\/catholiques17.fr\/jonzac\/wp-json\/wp\/v2\/posts\/10487\/revisions"}],"predecessor-version":[{"id":11191,"href":"https:\/\/catholiques17.fr\/jonzac\/wp-json\/wp\/v2\/posts\/10487\/revisions\/11191"}],"wp:featuredmedia":[{"embeddable":true,"href":"https:\/\/catholiques17.fr\/jonzac\/wp-json\/wp\/v2\/media\/11190"}],"wp:attachment":[{"href":"https:\/\/catholiques17.fr\/jonzac\/wp-json\/wp\/v2\/media?parent=10487"}],"wp:term":[{"taxonomy":"category","embeddable":true,"href":"https:\/\/catholiques17.fr\/jonzac\/wp-json\/wp\/v2\/categories?post=10487"},{"taxonomy":"post_tag","embeddable":true,"href":"https:\/\/catholiques17.fr\/jonzac\/wp-json\/wp\/v2\/tags?post=10487"}],"curies":[{"name":"wp","href":"https:\/\/api.w.org\/{rel}","templated":true}]}}